{"id":10270,"date":"2024-09-03T14:22:50","date_gmt":"2024-09-03T12:22:50","guid":{"rendered":"https:\/\/www.conex.net\/fr\/?p=10270"},"modified":"2024-09-03T14:26:24","modified_gmt":"2024-09-03T12:26:24","slug":"conex-accelere-son-europeanisation-en-rachetant-lector","status":"publish","type":"post","link":"https:\/\/www.conex.net\/fr\/conex-accelere-son-europeanisation-en-rachetant-lector\/","title":{"rendered":"Conex acc\u00e9l\u00e8re son europ\u00e9anisation en rachetant Lector"},"content":{"rendered":"<div id=\"pl-10270\"  class=\"panel-layout\" ><div id=\"pg-10270-0\"  class=\"panel-grid panel-no-style\" ><div id=\"pgc-10270-0-0\"  class=\"panel-grid-cell\" ><div id=\"panel-10270-0-0-0\" class=\"so-panel widget widget_sow-editor panel-first-child panel-last-child\" data-index=\"0\" ><div\n\t\t\t\n\t\t\tclass=\"so-widget-sow-editor so-widget-sow-editor-base\"\n\t\t\t\n\t\t>\n<div class=\"siteorigin-widget-tinymce textwidget\">\n\t<h2 class=\"contentIntro\"><a href=\"https:\/\/www.supplychainmagazine.fr\/nl\/2024\/4028\/conex-accelere-son-europeanisation-en-rachetant-lector-951279.php\" target=\"_blank\" rel=\"noopener\"><img loading=\"lazy\" decoding=\"async\" class=\"alignleft size-full wp-image-10271\" src=\"https:\/\/www.conex.net\/fr\/wp-content\/uploads\/sites\/2\/2024\/09\/supplychainmagazine-Conex-accelere-son-europeanisation-en-rachetant-Lector.png\" alt=\"Conex acc\u00e9l\u00e8re son europ\u00e9anisation en rachetant Lector\" width=\"272\" height=\"182\" \/><\/a><\/h2>\n<h3 class=\"doss-tit\"><strong><span style=\"color: #333333;\">Conex acc\u00e9l\u00e8re son europ\u00e9anisation en rachetant Lector<\/span><\/strong><\/h3>\n<p class=\"contentIntro\"><span style=\"color: #333333;\">D\u00e9j\u00e0 pr\u00e9sent en Belgique, au Royaume-Uni, en Irlande et en Espagne, Conex a r\u00e9alis\u00e9 sa premi\u00e8re op\u00e9ration de croissance externe en rachetant l\u2019\u00e9diteur danois de logiciels douaniers Lector. Bas\u00e9 \u00e0 Copenhague, celui-ci emploie une trentaine de collaborateurs et propose des solutions pour le traitement des processus douaniers, la rationalisation des flux r\u00e9glementaires et la gestion de documents\/dossiers aff\u00e9rents, op\u00e9rant sur le Danemark, mais aussi la Su\u00e8de, la Norv\u00e8ge et la Pologne.<\/span><\/p>\n<h5 class=\"contentIntro\"><span style=\"color: #333333;\"><a style=\"color: #333333;\" href=\"https:\/\/www.supplychainmagazine.fr\/nl\/2024\/4028\/conex-accelere-son-europeanisation-en-rachetant-lector-951279.php\" target=\"_blank\" rel=\"noopener\">Par <span class=\"nom-prenom\">Armindo Dias - Supply Chain magazine \u00a0&gt;&gt;&gt; Lire l'article<\/span><\/a><\/span><\/h5>\n<\/div>\n<\/div><\/div><\/div><\/div><\/div>","protected":false},"excerpt":{"rendered":"<p>Conex acc\u00e9l\u00e8re son europ\u00e9anisation en rachetant Lector D\u00e9j\u00e0 pr\u00e9sent en Belgique, au Royaume-Uni, en Irlande et en Espagne, Conex a r\u00e9alis\u00e9 sa premi\u00e8re op\u00e9ration de croissance externe en rachetant l\u2019\u00e9diteur danois de logiciels douaniers Lector. Bas\u00e9 \u00e0 Copenhague, celui-ci emploie une trentaine de collaborateurs et propose des solutions pour le traitement des processus douaniers, la rationalisation des flux r\u00e9glementaires et la gestion de documents\/dossiers aff\u00e9rents, op\u00e9rant sur le Danemark, mais aussi la Su\u00e8de, la Norv\u00e8ge [&hellip;]<\/p>\n","protected":false},"author":1,"featured_media":10271,"comment_status":"closed","ping_status":"open","sticky":false,"template":"","format":"standard","meta":{"footnotes":""},"categories":[234],"tags":[],"sp_smart_badges":[],"class_list":["post-10270","post","type-post","status-publish","format-standard","has-post-thumbnail","hentry","category-pressroom"],"yoast_head":"<!-- This site is optimized with the Yoast SEO plugin v27.4 - https:\/\/yoast.com\/product\/yoast-seo-wordpress\/ -->\n<title>Conex acc\u00e9l\u00e8re son europ\u00e9anisation en rachetant Lector - Conex France<\/title>\n<meta name=\"description\" content=\"D\u00e9j\u00e0 pr\u00e9sent en Belgique, au Royaume-Uni, en Irlande et en Espagne, Conex a r\u00e9alis\u00e9 sa premi\u00e8re op\u00e9ration de croissance externe en rachetant l\u2019\u00e9diteur danois de logiciels douaniers Lector\" \/>\n<meta name=\"robots\" content=\"index, follow, max-snippet:-1, max-image-preview:large, max-video-preview:-1\" \/>\n<link rel=\"canonical\" href=\"https:\/\/www.conex.net\/fr\/conex-accelere-son-europeanisation-en-rachetant-lector\/\" \/>\n<meta property=\"og:locale\" content=\"fr_FR\" \/>\n<meta property=\"og:type\" content=\"article\" \/>\n<meta property=\"og:title\" content=\"Conex acc\u00e9l\u00e8re son europ\u00e9anisation en rachetant Lector - Conex France\" \/>\n<meta property=\"og:description\" content=\"D\u00e9j\u00e0 pr\u00e9sent en Belgique, au Royaume-Uni, en Irlande et en Espagne, Conex a r\u00e9alis\u00e9 sa premi\u00e8re op\u00e9ration de croissance externe en rachetant l\u2019\u00e9diteur danois de logiciels douaniers Lector\" \/>\n<meta property=\"og:url\" content=\"https:\/\/www.conex.net\/fr\/conex-accelere-son-europeanisation-en-rachetant-lector\/\" \/>\n<meta property=\"og:site_name\" content=\"Conex France\" \/>\n<meta property=\"article:published_time\" content=\"2024-09-03T12:22:50+00:00\" \/>\n<meta property=\"article:modified_time\" content=\"2024-09-03T12:26:24+00:00\" \/>\n<meta property=\"og:image\" content=\"https:\/\/www.conex.net\/fr\/wp-content\/uploads\/sites\/2\/2024\/09\/supplychainmagazine-Conex-accelere-son-europeanisation-en-rachetant-Lector.png\" \/>\n\t<meta property=\"og:image:width\" content=\"272\" \/>\n\t<meta property=\"og:image:height\" content=\"182\" \/>\n\t<meta property=\"og:image:type\" content=\"image\/png\" \/>\n<meta name=\"author\" content=\"admin@conex-net\" \/>\n<meta name=\"twitter:card\" content=\"summary_large_image\" \/>\n<meta name=\"twitter:label1\" content=\"\u00c9crit par\" \/>\n\t<meta name=\"twitter:data1\" content=\"admin@conex-net\" \/>\n\t<meta name=\"twitter:label2\" content=\"Dur\u00e9e de lecture estim\u00e9e\" \/>\n\t<meta name=\"twitter:data2\" content=\"1 minute\" \/>\n<script type=\"application\/ld+json\" class=\"yoast-schema-graph\">{\"@context\":\"https:\\\/\\\/schema.org\",\"@graph\":[{\"@type\":\"Article\",\"@id\":\"https:\\\/\\\/www.conex.net\\\/fr\\\/conex-accelere-son-europeanisation-en-rachetant-lector\\\/#article\",\"isPartOf\":{\"@id\":\"https:\\\/\\\/www.conex.net\\\/fr\\\/conex-accelere-son-europeanisation-en-rachetant-lector\\\/\"},\"author\":{\"name\":\"admin@conex-net\",\"@id\":\"https:\\\/\\\/www.conex.net\\\/fr\\\/#\\\/schema\\\/person\\\/028dad5f0ba1e2df5f2e9760898dfba9\"},\"headline\":\"Conex acc\u00e9l\u00e8re son europ\u00e9anisation en rachetant Lector\",\"datePublished\":\"2024-09-03T12:22:50+00:00\",\"dateModified\":\"2024-09-03T12:26:24+00:00\",\"mainEntityOfPage\":{\"@id\":\"https:\\\/\\\/www.conex.net\\\/fr\\\/conex-accelere-son-europeanisation-en-rachetant-lector\\\/\"},\"wordCount\":114,\"publisher\":{\"@id\":\"https:\\\/\\\/www.conex.net\\\/fr\\\/#organization\"},\"image\":{\"@id\":\"https:\\\/\\\/www.conex.net\\\/fr\\\/conex-accelere-son-europeanisation-en-rachetant-lector\\\/#primaryimage\"},\"thumbnailUrl\":\"https:\\\/\\\/www.conex.net\\\/fr\\\/wp-content\\\/uploads\\\/sites\\\/2\\\/2024\\\/09\\\/supplychainmagazine-Conex-accelere-son-europeanisation-en-rachetant-Lector.png\",\"articleSection\":[\"PRESSROOM\"],\"inLanguage\":\"fr-FR\"},{\"@type\":\"WebPage\",\"@id\":\"https:\\\/\\\/www.conex.net\\\/fr\\\/conex-accelere-son-europeanisation-en-rachetant-lector\\\/\",\"url\":\"https:\\\/\\\/www.conex.net\\\/fr\\\/conex-accelere-son-europeanisation-en-rachetant-lector\\\/\",\"name\":\"Conex acc\u00e9l\u00e8re son europ\u00e9anisation en rachetant Lector - Conex France\",\"isPartOf\":{\"@id\":\"https:\\\/\\\/www.conex.net\\\/fr\\\/#website\"},\"primaryImageOfPage\":{\"@id\":\"https:\\\/\\\/www.conex.net\\\/fr\\\/conex-accelere-son-europeanisation-en-rachetant-lector\\\/#primaryimage\"},\"image\":{\"@id\":\"https:\\\/\\\/www.conex.net\\\/fr\\\/conex-accelere-son-europeanisation-en-rachetant-lector\\\/#primaryimage\"},\"thumbnailUrl\":\"https:\\\/\\\/www.conex.net\\\/fr\\\/wp-content\\\/uploads\\\/sites\\\/2\\\/2024\\\/09\\\/supplychainmagazine-Conex-accelere-son-europeanisation-en-rachetant-Lector.png\",\"datePublished\":\"2024-09-03T12:22:50+00:00\",\"dateModified\":\"2024-09-03T12:26:24+00:00\",\"description\":\"D\u00e9j\u00e0 pr\u00e9sent en Belgique, au Royaume-Uni, en Irlande et en Espagne, Conex a r\u00e9alis\u00e9 sa premi\u00e8re op\u00e9ration de croissance externe en rachetant l\u2019\u00e9diteur danois de logiciels douaniers Lector\",\"breadcrumb\":{\"@id\":\"https:\\\/\\\/www.conex.net\\\/fr\\\/conex-accelere-son-europeanisation-en-rachetant-lector\\\/#breadcrumb\"},\"inLanguage\":\"fr-FR\",\"potentialAction\":[{\"@type\":\"ReadAction\",\"target\":[\"https:\\\/\\\/www.conex.net\\\/fr\\\/conex-accelere-son-europeanisation-en-rachetant-lector\\\/\"]}]},{\"@type\":\"ImageObject\",\"inLanguage\":\"fr-FR\",\"@id\":\"https:\\\/\\\/www.conex.net\\\/fr\\\/conex-accelere-son-europeanisation-en-rachetant-lector\\\/#primaryimage\",\"url\":\"https:\\\/\\\/www.conex.net\\\/fr\\\/wp-content\\\/uploads\\\/sites\\\/2\\\/2024\\\/09\\\/supplychainmagazine-Conex-accelere-son-europeanisation-en-rachetant-Lector.png\",\"contentUrl\":\"https:\\\/\\\/www.conex.net\\\/fr\\\/wp-content\\\/uploads\\\/sites\\\/2\\\/2024\\\/09\\\/supplychainmagazine-Conex-accelere-son-europeanisation-en-rachetant-Lector.png\",\"width\":272,\"height\":182,\"caption\":\"Conex acc\u00e9l\u00e8re son europ\u00e9anisation en rachetant Lector\"},{\"@type\":\"BreadcrumbList\",\"@id\":\"https:\\\/\\\/www.conex.net\\\/fr\\\/conex-accelere-son-europeanisation-en-rachetant-lector\\\/#breadcrumb\",\"itemListElement\":[{\"@type\":\"ListItem\",\"position\":1,\"name\":\"Accueil\",\"item\":\"https:\\\/\\\/www.conex.net\\\/fr\\\/\"},{\"@type\":\"ListItem\",\"position\":2,\"name\":\"Conex acc\u00e9l\u00e8re son europ\u00e9anisation en rachetant Lector\"}]},{\"@type\":\"WebSite\",\"@id\":\"https:\\\/\\\/www.conex.net\\\/fr\\\/#website\",\"url\":\"https:\\\/\\\/www.conex.net\\\/fr\\\/\",\"name\":\"Conex France\",\"description\":\"Your customs partner - CONEX FRANCE\",\"publisher\":{\"@id\":\"https:\\\/\\\/www.conex.net\\\/fr\\\/#organization\"},\"potentialAction\":[{\"@type\":\"SearchAction\",\"target\":{\"@type\":\"EntryPoint\",\"urlTemplate\":\"https:\\\/\\\/www.conex.net\\\/fr\\\/?s={search_term_string}\"},\"query-input\":{\"@type\":\"PropertyValueSpecification\",\"valueRequired\":true,\"valueName\":\"search_term_string\"}}],\"inLanguage\":\"fr-FR\"},{\"@type\":\"Organization\",\"@id\":\"https:\\\/\\\/www.conex.net\\\/fr\\\/#organization\",\"name\":\"CONEX SAS\",\"url\":\"https:\\\/\\\/www.conex.net\\\/fr\\\/\",\"logo\":{\"@type\":\"ImageObject\",\"inLanguage\":\"fr-FR\",\"@id\":\"https:\\\/\\\/www.conex.net\\\/fr\\\/#\\\/schema\\\/logo\\\/image\\\/\",\"url\":\"https:\\\/\\\/www.conex.net\\\/fr\\\/wp-content\\\/uploads\\\/sites\\\/2\\\/2018\\\/10\\\/logo-conex.png\",\"contentUrl\":\"https:\\\/\\\/www.conex.net\\\/fr\\\/wp-content\\\/uploads\\\/sites\\\/2\\\/2018\\\/10\\\/logo-conex.png\",\"width\":138,\"height\":49,\"caption\":\"CONEX SAS\"},\"image\":{\"@id\":\"https:\\\/\\\/www.conex.net\\\/fr\\\/#\\\/schema\\\/logo\\\/image\\\/\"}},{\"@type\":\"Person\",\"@id\":\"https:\\\/\\\/www.conex.net\\\/fr\\\/#\\\/schema\\\/person\\\/028dad5f0ba1e2df5f2e9760898dfba9\",\"name\":\"admin@conex-net\",\"image\":{\"@type\":\"ImageObject\",\"inLanguage\":\"fr-FR\",\"@id\":\"https:\\\/\\\/secure.gravatar.com\\\/avatar\\\/ec6ef48a65dc441c5b7eebc066d259e87a66b61b9e92ec24e1850aa972f92206?s=96&d=mm&r=g\",\"url\":\"https:\\\/\\\/secure.gravatar.com\\\/avatar\\\/ec6ef48a65dc441c5b7eebc066d259e87a66b61b9e92ec24e1850aa972f92206?s=96&d=mm&r=g\",\"contentUrl\":\"https:\\\/\\\/secure.gravatar.com\\\/avatar\\\/ec6ef48a65dc441c5b7eebc066d259e87a66b61b9e92ec24e1850aa972f92206?s=96&d=mm&r=g\",\"caption\":\"admin@conex-net\"},\"url\":\"https:\\\/\\\/www.conex.net\\\/fr\\\/author\\\/adminconex-net\\\/\"}]}<\/script>\n<!-- \/ Yoast SEO plugin. -->","yoast_head_json":{"title":"Conex acc\u00e9l\u00e8re son europ\u00e9anisation en rachetant Lector - Conex France","description":"D\u00e9j\u00e0 pr\u00e9sent en Belgique, au Royaume-Uni, en Irlande et en Espagne, Conex a r\u00e9alis\u00e9 sa premi\u00e8re op\u00e9ration de croissance externe en rachetant l\u2019\u00e9diteur danois de logiciels douaniers Lector","robots":{"index":"index","follow":"follow","max-snippet":"max-snippet:-1","max-image-preview":"max-image-preview:large","max-video-preview":"max-video-preview:-1"},"canonical":"https:\/\/www.conex.net\/fr\/conex-accelere-son-europeanisation-en-rachetant-lector\/","og_locale":"fr_FR","og_type":"article","og_title":"Conex acc\u00e9l\u00e8re son europ\u00e9anisation en rachetant Lector - Conex France","og_description":"D\u00e9j\u00e0 pr\u00e9sent en Belgique, au Royaume-Uni, en Irlande et en Espagne, Conex a r\u00e9alis\u00e9 sa premi\u00e8re op\u00e9ration de croissance externe en rachetant l\u2019\u00e9diteur danois de logiciels douaniers Lector","og_url":"https:\/\/www.conex.net\/fr\/conex-accelere-son-europeanisation-en-rachetant-lector\/","og_site_name":"Conex France","article_published_time":"2024-09-03T12:22:50+00:00","article_modified_time":"2024-09-03T12:26:24+00:00","og_image":[{"width":272,"height":182,"url":"https:\/\/www.conex.net\/fr\/wp-content\/uploads\/sites\/2\/2024\/09\/supplychainmagazine-Conex-accelere-son-europeanisation-en-rachetant-Lector.png","type":"image\/png"}],"author":"admin@conex-net","twitter_card":"summary_large_image","twitter_misc":{"\u00c9crit par":"admin@conex-net","Dur\u00e9e de lecture estim\u00e9e":"1 minute"},"schema":{"@context":"https:\/\/schema.org","@graph":[{"@type":"Article","@id":"https:\/\/www.conex.net\/fr\/conex-accelere-son-europeanisation-en-rachetant-lector\/#article","isPartOf":{"@id":"https:\/\/www.conex.net\/fr\/conex-accelere-son-europeanisation-en-rachetant-lector\/"},"author":{"name":"admin@conex-net","@id":"https:\/\/www.conex.net\/fr\/#\/schema\/person\/028dad5f0ba1e2df5f2e9760898dfba9"},"headline":"Conex acc\u00e9l\u00e8re son europ\u00e9anisation en rachetant Lector","datePublished":"2024-09-03T12:22:50+00:00","dateModified":"2024-09-03T12:26:24+00:00","mainEntityOfPage":{"@id":"https:\/\/www.conex.net\/fr\/conex-accelere-son-europeanisation-en-rachetant-lector\/"},"wordCount":114,"publisher":{"@id":"https:\/\/www.conex.net\/fr\/#organization"},"image":{"@id":"https:\/\/www.conex.net\/fr\/conex-accelere-son-europeanisation-en-rachetant-lector\/#primaryimage"},"thumbnailUrl":"https:\/\/www.conex.net\/fr\/wp-content\/uploads\/sites\/2\/2024\/09\/supplychainmagazine-Conex-accelere-son-europeanisation-en-rachetant-Lector.png","articleSection":["PRESSROOM"],"inLanguage":"fr-FR"},{"@type":"WebPage","@id":"https:\/\/www.conex.net\/fr\/conex-accelere-son-europeanisation-en-rachetant-lector\/","url":"https:\/\/www.conex.net\/fr\/conex-accelere-son-europeanisation-en-rachetant-lector\/","name":"Conex acc\u00e9l\u00e8re son europ\u00e9anisation en rachetant Lector - Conex France","isPartOf":{"@id":"https:\/\/www.conex.net\/fr\/#website"},"primaryImageOfPage":{"@id":"https:\/\/www.conex.net\/fr\/conex-accelere-son-europeanisation-en-rachetant-lector\/#primaryimage"},"image":{"@id":"https:\/\/www.conex.net\/fr\/conex-accelere-son-europeanisation-en-rachetant-lector\/#primaryimage"},"thumbnailUrl":"https:\/\/www.conex.net\/fr\/wp-content\/uploads\/sites\/2\/2024\/09\/supplychainmagazine-Conex-accelere-son-europeanisation-en-rachetant-Lector.png","datePublished":"2024-09-03T12:22:50+00:00","dateModified":"2024-09-03T12:26:24+00:00","description":"D\u00e9j\u00e0 pr\u00e9sent en Belgique, au Royaume-Uni, en Irlande et en Espagne, Conex a r\u00e9alis\u00e9 sa premi\u00e8re op\u00e9ration de croissance externe en rachetant l\u2019\u00e9diteur danois de logiciels douaniers Lector","breadcrumb":{"@id":"https:\/\/www.conex.net\/fr\/conex-accelere-son-europeanisation-en-rachetant-lector\/#breadcrumb"},"inLanguage":"fr-FR","potentialAction":[{"@type":"ReadAction","target":["https:\/\/www.conex.net\/fr\/conex-accelere-son-europeanisation-en-rachetant-lector\/"]}]},{"@type":"ImageObject","inLanguage":"fr-FR","@id":"https:\/\/www.conex.net\/fr\/conex-accelere-son-europeanisation-en-rachetant-lector\/#primaryimage","url":"https:\/\/www.conex.net\/fr\/wp-content\/uploads\/sites\/2\/2024\/09\/supplychainmagazine-Conex-accelere-son-europeanisation-en-rachetant-Lector.png","contentUrl":"https:\/\/www.conex.net\/fr\/wp-content\/uploads\/sites\/2\/2024\/09\/supplychainmagazine-Conex-accelere-son-europeanisation-en-rachetant-Lector.png","width":272,"height":182,"caption":"Conex acc\u00e9l\u00e8re son europ\u00e9anisation en rachetant Lector"},{"@type":"BreadcrumbList","@id":"https:\/\/www.conex.net\/fr\/conex-accelere-son-europeanisation-en-rachetant-lector\/#breadcrumb","itemListElement":[{"@type":"ListItem","position":1,"name":"Accueil","item":"https:\/\/www.conex.net\/fr\/"},{"@type":"ListItem","position":2,"name":"Conex acc\u00e9l\u00e8re son europ\u00e9anisation en rachetant Lector"}]},{"@type":"WebSite","@id":"https:\/\/www.conex.net\/fr\/#website","url":"https:\/\/www.conex.net\/fr\/","name":"Conex France","description":"Your customs partner - CONEX FRANCE","publisher":{"@id":"https:\/\/www.conex.net\/fr\/#organization"},"potentialAction":[{"@type":"SearchAction","target":{"@type":"EntryPoint","urlTemplate":"https:\/\/www.conex.net\/fr\/?s={search_term_string}"},"query-input":{"@type":"PropertyValueSpecification","valueRequired":true,"valueName":"search_term_string"}}],"inLanguage":"fr-FR"},{"@type":"Organization","@id":"https:\/\/www.conex.net\/fr\/#organization","name":"CONEX SAS","url":"https:\/\/www.conex.net\/fr\/","logo":{"@type":"ImageObject","inLanguage":"fr-FR","@id":"https:\/\/www.conex.net\/fr\/#\/schema\/logo\/image\/","url":"https:\/\/www.conex.net\/fr\/wp-content\/uploads\/sites\/2\/2018\/10\/logo-conex.png","contentUrl":"https:\/\/www.conex.net\/fr\/wp-content\/uploads\/sites\/2\/2018\/10\/logo-conex.png","width":138,"height":49,"caption":"CONEX SAS"},"image":{"@id":"https:\/\/www.conex.net\/fr\/#\/schema\/logo\/image\/"}},{"@type":"Person","@id":"https:\/\/www.conex.net\/fr\/#\/schema\/person\/028dad5f0ba1e2df5f2e9760898dfba9","name":"admin@conex-net","image":{"@type":"ImageObject","inLanguage":"fr-FR","@id":"https:\/\/secure.gravatar.com\/avatar\/ec6ef48a65dc441c5b7eebc066d259e87a66b61b9e92ec24e1850aa972f92206?s=96&d=mm&r=g","url":"https:\/\/secure.gravatar.com\/avatar\/ec6ef48a65dc441c5b7eebc066d259e87a66b61b9e92ec24e1850aa972f92206?s=96&d=mm&r=g","contentUrl":"https:\/\/secure.gravatar.com\/avatar\/ec6ef48a65dc441c5b7eebc066d259e87a66b61b9e92ec24e1850aa972f92206?s=96&d=mm&r=g","caption":"admin@conex-net"},"url":"https:\/\/www.conex.net\/fr\/author\/adminconex-net\/"}]}},"_links":{"self":[{"href":"https:\/\/www.conex.net\/fr\/wp-json\/wp\/v2\/posts\/10270","targetHints":{"allow":["GET"]}}],"collection":[{"href":"https:\/\/www.conex.net\/fr\/wp-json\/wp\/v2\/posts"}],"about":[{"href":"https:\/\/www.conex.net\/fr\/wp-json\/wp\/v2\/types\/post"}],"author":[{"embeddable":true,"href":"https:\/\/www.conex.net\/fr\/wp-json\/wp\/v2\/users\/1"}],"replies":[{"embeddable":true,"href":"https:\/\/www.conex.net\/fr\/wp-json\/wp\/v2\/comments?post=10270"}],"version-history":[{"count":5,"href":"https:\/\/www.conex.net\/fr\/wp-json\/wp\/v2\/posts\/10270\/revisions"}],"predecessor-version":[{"id":10277,"href":"https:\/\/www.conex.net\/fr\/wp-json\/wp\/v2\/posts\/10270\/revisions\/10277"}],"wp:featuredmedia":[{"embeddable":true,"href":"https:\/\/www.conex.net\/fr\/wp-json\/wp\/v2\/media\/10271"}],"wp:attachment":[{"href":"https:\/\/www.conex.net\/fr\/wp-json\/wp\/v2\/media?parent=10270"}],"wp:term":[{"taxonomy":"category","embeddable":true,"href":"https:\/\/www.conex.net\/fr\/wp-json\/wp\/v2\/categories?post=10270"},{"taxonomy":"post_tag","embeddable":true,"href":"https:\/\/www.conex.net\/fr\/wp-json\/wp\/v2\/tags?post=10270"},{"taxonomy":"sp_smart_badges","embeddable":true,"href":"https:\/\/www.conex.net\/fr\/wp-json\/wp\/v2\/sp_smart_badges?post=10270"}],"curies":[{"name":"wp","href":"https:\/\/api.w.org\/{rel}","templated":true}]}}