{"id":10279,"date":"2024-09-09T12:04:29","date_gmt":"2024-09-09T10:04:29","guid":{"rendered":"https:\/\/www.conex.net\/fr\/?p=10279"},"modified":"2024-09-09T12:04:29","modified_gmt":"2024-09-09T10:04:29","slug":"conex-compte-bien-desormais-se-deployer-en-europe","status":"publish","type":"post","link":"https:\/\/www.conex.net\/fr\/conex-compte-bien-desormais-se-deployer-en-europe\/","title":{"rendered":"Conex compte bien d\u00e9sormais se d\u00e9ployer en Europe"},"content":{"rendered":"<div id=\"pl-10279\"  class=\"panel-layout\" ><div id=\"pg-10279-0\"  class=\"panel-grid panel-no-style\" ><div id=\"pgc-10279-0-0\"  class=\"panel-grid-cell\" ><div id=\"panel-10279-0-0-0\" class=\"so-panel widget widget_sow-editor panel-first-child panel-last-child\" data-index=\"0\" ><div\n\t\t\t\n\t\t\tclass=\"so-widget-sow-editor so-widget-sow-editor-base\"\n\t\t\t\n\t\t>\n<div class=\"siteorigin-widget-tinymce textwidget\">\n\t<h2 class=\"contentIntro\"><a href=\"https:\/\/classe-export.com\/index.php\/secteurs\/logistique\/85419-conex-compte-bien-desormais-se-deployer-en-europe\/\" target=\"_blank\" rel=\"noopener\"><img loading=\"lazy\" decoding=\"async\" class=\"alignleft size-full wp-image-10280\" src=\"https:\/\/www.conex.net\/fr\/wp-content\/uploads\/sites\/2\/2024\/09\/Classe-Export-Conex-compte-bien-desormais-se-deployer-en-Europe.png\" alt=\"Conex compte bien d\u00e9sormais se d\u00e9ployer en Europe\" width=\"272\" height=\"182\" \/><\/a><\/h2>\n<h3 class=\"jeg_post_title\"><span style=\"color: #333333;\">Conex compte bien d\u00e9sormais se d\u00e9ployer en Europe<\/span><\/h3>\n<p class=\"contentIntro\">Bas\u00e9 \u00e0 Orchies, pr\u00e8s de Douai<strong>,\u00a0<\/strong>depuis pr\u00e8s de 40 ans, Conex accompagne les entreprises engag\u00e9es dans le commerce international, chargeurs et Repr\u00e9sentants en Douane Enregistr\u00e9s (RDE), dans l\u2019optimisation de leurs proc\u00e9dures douani\u00e8res et s\u00e9curitaires au travers de logiciels sp\u00e9cialis\u00e9s et de services associ\u00e9s.<\/p>\n<h5 class=\"contentIntro\"><a href=\"https:\/\/classe-export.com\/index.php\/secteurs\/logistique\/85419-conex-compte-bien-desormais-se-deployer-en-europe\/\" target=\"_blank\" rel=\"noopener\"><span style=\"color: #333333;\">Par <span class=\"nom-prenom\">Laurent N - Classe Export &gt;&gt;&gt; Lire l'article<\/span><\/span><\/a><\/h5>\n<\/div>\n<\/div><\/div><\/div><\/div><\/div>","protected":false},"excerpt":{"rendered":"<p>Conex compte bien d\u00e9sormais se d\u00e9ployer en Europe Bas\u00e9 \u00e0 Orchies, pr\u00e8s de Douai,\u00a0depuis pr\u00e8s de 40 ans, Conex accompagne les entreprises engag\u00e9es dans le commerce international, chargeurs et Repr\u00e9sentants en Douane Enregistr\u00e9s (RDE), dans l\u2019optimisation de leurs proc\u00e9dures douani\u00e8res et s\u00e9curitaires au travers de logiciels sp\u00e9cialis\u00e9s et de services associ\u00e9s. Par Laurent N &#8211; Classe Export &gt;&gt;&gt; Lire l&rsquo;article<\/p>\n","protected":false},"author":1,"featured_media":10280,"comment_status":"open","ping_status":"open","sticky":false,"template":"","format":"standard","meta":{"footnotes":""},"categories":[234],"tags":[],"sp_smart_badges":[],"class_list":["post-10279","post","type-post","status-publish","format-standard","has-post-thumbnail","hentry","category-pressroom"],"yoast_head":"<!-- This site is optimized with the Yoast SEO plugin v27.5 - https:\/\/yoast.com\/product\/yoast-seo-wordpress\/ -->\n<title>Conex compte bien d\u00e9sormais se d\u00e9ployer en Europe - Conex France<\/title>\n<meta name=\"description\" content=\"Bas\u00e9 \u00e0 Orchies, pr\u00e8s de Douai, depuis pr\u00e8s de 40 ans, Conex accompagne les entreprises engag\u00e9es dans le commerce international, chargeurs et Repr\u00e9sentants en Douane Enregistr\u00e9s (RDE), dans l\u2019optimisation de leurs proc\u00e9dures douani\u00e8res et s\u00e9curitaires au travers de logiciels sp\u00e9cialis\u00e9s et de services associ\u00e9s.\" \/>\n<meta name=\"robots\" content=\"index, follow, max-snippet:-1, max-image-preview:large, max-video-preview:-1\" \/>\n<link rel=\"canonical\" href=\"https:\/\/www.conex.net\/fr\/conex-compte-bien-desormais-se-deployer-en-europe\/\" \/>\n<meta property=\"og:locale\" content=\"fr_FR\" \/>\n<meta property=\"og:type\" content=\"article\" \/>\n<meta property=\"og:title\" content=\"Conex compte bien d\u00e9sormais se d\u00e9ployer en Europe - Conex France\" \/>\n<meta property=\"og:description\" content=\"Bas\u00e9 \u00e0 Orchies, pr\u00e8s de Douai, depuis pr\u00e8s de 40 ans, Conex accompagne les entreprises engag\u00e9es dans le commerce international, chargeurs et Repr\u00e9sentants en Douane Enregistr\u00e9s (RDE), dans l\u2019optimisation de leurs proc\u00e9dures douani\u00e8res et s\u00e9curitaires au travers de logiciels sp\u00e9cialis\u00e9s et de services associ\u00e9s.\" \/>\n<meta property=\"og:url\" content=\"https:\/\/www.conex.net\/fr\/conex-compte-bien-desormais-se-deployer-en-europe\/\" \/>\n<meta property=\"og:site_name\" content=\"Conex France\" \/>\n<meta property=\"article:published_time\" content=\"2024-09-09T10:04:29+00:00\" \/>\n<meta property=\"og:image\" content=\"https:\/\/www.conex.net\/fr\/wp-content\/uploads\/sites\/2\/2024\/09\/Classe-Export-Conex-compte-bien-desormais-se-deployer-en-Europe.png\" \/>\n\t<meta property=\"og:image:width\" content=\"272\" \/>\n\t<meta property=\"og:image:height\" content=\"182\" \/>\n\t<meta property=\"og:image:type\" content=\"image\/png\" \/>\n<meta name=\"author\" content=\"admin@conex-net\" \/>\n<meta name=\"twitter:card\" content=\"summary_large_image\" \/>\n<meta name=\"twitter:label1\" content=\"\u00c9crit par\" \/>\n\t<meta name=\"twitter:data1\" content=\"admin@conex-net\" \/>\n\t<meta name=\"twitter:label2\" content=\"Dur\u00e9e de lecture estim\u00e9e\" \/>\n\t<meta name=\"twitter:data2\" content=\"1 minute\" \/>\n<script type=\"application\/ld+json\" class=\"yoast-schema-graph\">{\"@context\":\"https:\\\/\\\/schema.org\",\"@graph\":[{\"@type\":\"Article\",\"@id\":\"https:\\\/\\\/www.conex.net\\\/fr\\\/conex-compte-bien-desormais-se-deployer-en-europe\\\/#article\",\"isPartOf\":{\"@id\":\"https:\\\/\\\/www.conex.net\\\/fr\\\/conex-compte-bien-desormais-se-deployer-en-europe\\\/\"},\"author\":{\"name\":\"admin@conex-net\",\"@id\":\"https:\\\/\\\/www.conex.net\\\/fr\\\/#\\\/schema\\\/person\\\/028dad5f0ba1e2df5f2e9760898dfba9\"},\"headline\":\"Conex compte bien d\u00e9sormais se d\u00e9ployer en Europe\",\"datePublished\":\"2024-09-09T10:04:29+00:00\",\"mainEntityOfPage\":{\"@id\":\"https:\\\/\\\/www.conex.net\\\/fr\\\/conex-compte-bien-desormais-se-deployer-en-europe\\\/\"},\"wordCount\":85,\"commentCount\":0,\"publisher\":{\"@id\":\"https:\\\/\\\/www.conex.net\\\/fr\\\/#organization\"},\"image\":{\"@id\":\"https:\\\/\\\/www.conex.net\\\/fr\\\/conex-compte-bien-desormais-se-deployer-en-europe\\\/#primaryimage\"},\"thumbnailUrl\":\"https:\\\/\\\/www.conex.net\\\/fr\\\/wp-content\\\/uploads\\\/sites\\\/2\\\/2024\\\/09\\\/Classe-Export-Conex-compte-bien-desormais-se-deployer-en-Europe.png\",\"articleSection\":[\"PRESSROOM\"],\"inLanguage\":\"fr-FR\",\"potentialAction\":[{\"@type\":\"CommentAction\",\"name\":\"Comment\",\"target\":[\"https:\\\/\\\/www.conex.net\\\/fr\\\/conex-compte-bien-desormais-se-deployer-en-europe\\\/#respond\"]}]},{\"@type\":\"WebPage\",\"@id\":\"https:\\\/\\\/www.conex.net\\\/fr\\\/conex-compte-bien-desormais-se-deployer-en-europe\\\/\",\"url\":\"https:\\\/\\\/www.conex.net\\\/fr\\\/conex-compte-bien-desormais-se-deployer-en-europe\\\/\",\"name\":\"Conex compte bien d\u00e9sormais se d\u00e9ployer en Europe - Conex France\",\"isPartOf\":{\"@id\":\"https:\\\/\\\/www.conex.net\\\/fr\\\/#website\"},\"primaryImageOfPage\":{\"@id\":\"https:\\\/\\\/www.conex.net\\\/fr\\\/conex-compte-bien-desormais-se-deployer-en-europe\\\/#primaryimage\"},\"image\":{\"@id\":\"https:\\\/\\\/www.conex.net\\\/fr\\\/conex-compte-bien-desormais-se-deployer-en-europe\\\/#primaryimage\"},\"thumbnailUrl\":\"https:\\\/\\\/www.conex.net\\\/fr\\\/wp-content\\\/uploads\\\/sites\\\/2\\\/2024\\\/09\\\/Classe-Export-Conex-compte-bien-desormais-se-deployer-en-Europe.png\",\"datePublished\":\"2024-09-09T10:04:29+00:00\",\"description\":\"Bas\u00e9 \u00e0 Orchies, pr\u00e8s de Douai, depuis pr\u00e8s de 40 ans, Conex accompagne les entreprises engag\u00e9es dans le commerce international, chargeurs et Repr\u00e9sentants en Douane Enregistr\u00e9s (RDE), dans l\u2019optimisation de leurs proc\u00e9dures douani\u00e8res et s\u00e9curitaires au travers de logiciels sp\u00e9cialis\u00e9s et de services associ\u00e9s.\",\"breadcrumb\":{\"@id\":\"https:\\\/\\\/www.conex.net\\\/fr\\\/conex-compte-bien-desormais-se-deployer-en-europe\\\/#breadcrumb\"},\"inLanguage\":\"fr-FR\",\"potentialAction\":[{\"@type\":\"ReadAction\",\"target\":[\"https:\\\/\\\/www.conex.net\\\/fr\\\/conex-compte-bien-desormais-se-deployer-en-europe\\\/\"]}]},{\"@type\":\"ImageObject\",\"inLanguage\":\"fr-FR\",\"@id\":\"https:\\\/\\\/www.conex.net\\\/fr\\\/conex-compte-bien-desormais-se-deployer-en-europe\\\/#primaryimage\",\"url\":\"https:\\\/\\\/www.conex.net\\\/fr\\\/wp-content\\\/uploads\\\/sites\\\/2\\\/2024\\\/09\\\/Classe-Export-Conex-compte-bien-desormais-se-deployer-en-Europe.png\",\"contentUrl\":\"https:\\\/\\\/www.conex.net\\\/fr\\\/wp-content\\\/uploads\\\/sites\\\/2\\\/2024\\\/09\\\/Classe-Export-Conex-compte-bien-desormais-se-deployer-en-Europe.png\",\"width\":272,\"height\":182,\"caption\":\"Conex compte bien d\u00e9sormais se d\u00e9ployer en Europe\"},{\"@type\":\"BreadcrumbList\",\"@id\":\"https:\\\/\\\/www.conex.net\\\/fr\\\/conex-compte-bien-desormais-se-deployer-en-europe\\\/#breadcrumb\",\"itemListElement\":[{\"@type\":\"ListItem\",\"position\":1,\"name\":\"Accueil\",\"item\":\"https:\\\/\\\/www.conex.net\\\/fr\\\/\"},{\"@type\":\"ListItem\",\"position\":2,\"name\":\"Conex compte bien d\u00e9sormais se d\u00e9ployer en Europe\"}]},{\"@type\":\"WebSite\",\"@id\":\"https:\\\/\\\/www.conex.net\\\/fr\\\/#website\",\"url\":\"https:\\\/\\\/www.conex.net\\\/fr\\\/\",\"name\":\"Conex France\",\"description\":\"Your customs partner - CONEX FRANCE\",\"publisher\":{\"@id\":\"https:\\\/\\\/www.conex.net\\\/fr\\\/#organization\"},\"potentialAction\":[{\"@type\":\"SearchAction\",\"target\":{\"@type\":\"EntryPoint\",\"urlTemplate\":\"https:\\\/\\\/www.conex.net\\\/fr\\\/?s={search_term_string}\"},\"query-input\":{\"@type\":\"PropertyValueSpecification\",\"valueRequired\":true,\"valueName\":\"search_term_string\"}}],\"inLanguage\":\"fr-FR\"},{\"@type\":\"Organization\",\"@id\":\"https:\\\/\\\/www.conex.net\\\/fr\\\/#organization\",\"name\":\"CONEX SAS\",\"url\":\"https:\\\/\\\/www.conex.net\\\/fr\\\/\",\"logo\":{\"@type\":\"ImageObject\",\"inLanguage\":\"fr-FR\",\"@id\":\"https:\\\/\\\/www.conex.net\\\/fr\\\/#\\\/schema\\\/logo\\\/image\\\/\",\"url\":\"https:\\\/\\\/www.conex.net\\\/fr\\\/wp-content\\\/uploads\\\/sites\\\/2\\\/2018\\\/10\\\/logo-conex.png\",\"contentUrl\":\"https:\\\/\\\/www.conex.net\\\/fr\\\/wp-content\\\/uploads\\\/sites\\\/2\\\/2018\\\/10\\\/logo-conex.png\",\"width\":138,\"height\":49,\"caption\":\"CONEX SAS\"},\"image\":{\"@id\":\"https:\\\/\\\/www.conex.net\\\/fr\\\/#\\\/schema\\\/logo\\\/image\\\/\"}},{\"@type\":\"Person\",\"@id\":\"https:\\\/\\\/www.conex.net\\\/fr\\\/#\\\/schema\\\/person\\\/028dad5f0ba1e2df5f2e9760898dfba9\",\"name\":\"admin@conex-net\",\"image\":{\"@type\":\"ImageObject\",\"inLanguage\":\"fr-FR\",\"@id\":\"https:\\\/\\\/secure.gravatar.com\\\/avatar\\\/ec6ef48a65dc441c5b7eebc066d259e87a66b61b9e92ec24e1850aa972f92206?s=96&d=mm&r=g\",\"url\":\"https:\\\/\\\/secure.gravatar.com\\\/avatar\\\/ec6ef48a65dc441c5b7eebc066d259e87a66b61b9e92ec24e1850aa972f92206?s=96&d=mm&r=g\",\"contentUrl\":\"https:\\\/\\\/secure.gravatar.com\\\/avatar\\\/ec6ef48a65dc441c5b7eebc066d259e87a66b61b9e92ec24e1850aa972f92206?s=96&d=mm&r=g\",\"caption\":\"admin@conex-net\"},\"url\":\"https:\\\/\\\/www.conex.net\\\/fr\\\/author\\\/adminconex-net\\\/\"}]}<\/script>\n<!-- \/ Yoast SEO plugin. -->","yoast_head_json":{"title":"Conex compte bien d\u00e9sormais se d\u00e9ployer en Europe - Conex France","description":"Bas\u00e9 \u00e0 Orchies, pr\u00e8s de Douai, depuis pr\u00e8s de 40 ans, Conex accompagne les entreprises engag\u00e9es dans le commerce international, chargeurs et Repr\u00e9sentants en Douane Enregistr\u00e9s (RDE), dans l\u2019optimisation de leurs proc\u00e9dures douani\u00e8res et s\u00e9curitaires au travers de logiciels sp\u00e9cialis\u00e9s et de services associ\u00e9s.","robots":{"index":"index","follow":"follow","max-snippet":"max-snippet:-1","max-image-preview":"max-image-preview:large","max-video-preview":"max-video-preview:-1"},"canonical":"https:\/\/www.conex.net\/fr\/conex-compte-bien-desormais-se-deployer-en-europe\/","og_locale":"fr_FR","og_type":"article","og_title":"Conex compte bien d\u00e9sormais se d\u00e9ployer en Europe - Conex France","og_description":"Bas\u00e9 \u00e0 Orchies, pr\u00e8s de Douai, depuis pr\u00e8s de 40 ans, Conex accompagne les entreprises engag\u00e9es dans le commerce international, chargeurs et Repr\u00e9sentants en Douane Enregistr\u00e9s (RDE), dans l\u2019optimisation de leurs proc\u00e9dures douani\u00e8res et s\u00e9curitaires au travers de logiciels sp\u00e9cialis\u00e9s et de services associ\u00e9s.","og_url":"https:\/\/www.conex.net\/fr\/conex-compte-bien-desormais-se-deployer-en-europe\/","og_site_name":"Conex France","article_published_time":"2024-09-09T10:04:29+00:00","og_image":[{"width":272,"height":182,"url":"https:\/\/www.conex.net\/fr\/wp-content\/uploads\/sites\/2\/2024\/09\/Classe-Export-Conex-compte-bien-desormais-se-deployer-en-Europe.png","type":"image\/png"}],"author":"admin@conex-net","twitter_card":"summary_large_image","twitter_misc":{"\u00c9crit par":"admin@conex-net","Dur\u00e9e de lecture estim\u00e9e":"1 minute"},"schema":{"@context":"https:\/\/schema.org","@graph":[{"@type":"Article","@id":"https:\/\/www.conex.net\/fr\/conex-compte-bien-desormais-se-deployer-en-europe\/#article","isPartOf":{"@id":"https:\/\/www.conex.net\/fr\/conex-compte-bien-desormais-se-deployer-en-europe\/"},"author":{"name":"admin@conex-net","@id":"https:\/\/www.conex.net\/fr\/#\/schema\/person\/028dad5f0ba1e2df5f2e9760898dfba9"},"headline":"Conex compte bien d\u00e9sormais se d\u00e9ployer en Europe","datePublished":"2024-09-09T10:04:29+00:00","mainEntityOfPage":{"@id":"https:\/\/www.conex.net\/fr\/conex-compte-bien-desormais-se-deployer-en-europe\/"},"wordCount":85,"commentCount":0,"publisher":{"@id":"https:\/\/www.conex.net\/fr\/#organization"},"image":{"@id":"https:\/\/www.conex.net\/fr\/conex-compte-bien-desormais-se-deployer-en-europe\/#primaryimage"},"thumbnailUrl":"https:\/\/www.conex.net\/fr\/wp-content\/uploads\/sites\/2\/2024\/09\/Classe-Export-Conex-compte-bien-desormais-se-deployer-en-Europe.png","articleSection":["PRESSROOM"],"inLanguage":"fr-FR","potentialAction":[{"@type":"CommentAction","name":"Comment","target":["https:\/\/www.conex.net\/fr\/conex-compte-bien-desormais-se-deployer-en-europe\/#respond"]}]},{"@type":"WebPage","@id":"https:\/\/www.conex.net\/fr\/conex-compte-bien-desormais-se-deployer-en-europe\/","url":"https:\/\/www.conex.net\/fr\/conex-compte-bien-desormais-se-deployer-en-europe\/","name":"Conex compte bien d\u00e9sormais se d\u00e9ployer en Europe - Conex France","isPartOf":{"@id":"https:\/\/www.conex.net\/fr\/#website"},"primaryImageOfPage":{"@id":"https:\/\/www.conex.net\/fr\/conex-compte-bien-desormais-se-deployer-en-europe\/#primaryimage"},"image":{"@id":"https:\/\/www.conex.net\/fr\/conex-compte-bien-desormais-se-deployer-en-europe\/#primaryimage"},"thumbnailUrl":"https:\/\/www.conex.net\/fr\/wp-content\/uploads\/sites\/2\/2024\/09\/Classe-Export-Conex-compte-bien-desormais-se-deployer-en-Europe.png","datePublished":"2024-09-09T10:04:29+00:00","description":"Bas\u00e9 \u00e0 Orchies, pr\u00e8s de Douai, depuis pr\u00e8s de 40 ans, Conex accompagne les entreprises engag\u00e9es dans le commerce international, chargeurs et Repr\u00e9sentants en Douane Enregistr\u00e9s (RDE), dans l\u2019optimisation de leurs proc\u00e9dures douani\u00e8res et s\u00e9curitaires au travers de logiciels sp\u00e9cialis\u00e9s et de services associ\u00e9s.","breadcrumb":{"@id":"https:\/\/www.conex.net\/fr\/conex-compte-bien-desormais-se-deployer-en-europe\/#breadcrumb"},"inLanguage":"fr-FR","potentialAction":[{"@type":"ReadAction","target":["https:\/\/www.conex.net\/fr\/conex-compte-bien-desormais-se-deployer-en-europe\/"]}]},{"@type":"ImageObject","inLanguage":"fr-FR","@id":"https:\/\/www.conex.net\/fr\/conex-compte-bien-desormais-se-deployer-en-europe\/#primaryimage","url":"https:\/\/www.conex.net\/fr\/wp-content\/uploads\/sites\/2\/2024\/09\/Classe-Export-Conex-compte-bien-desormais-se-deployer-en-Europe.png","contentUrl":"https:\/\/www.conex.net\/fr\/wp-content\/uploads\/sites\/2\/2024\/09\/Classe-Export-Conex-compte-bien-desormais-se-deployer-en-Europe.png","width":272,"height":182,"caption":"Conex compte bien d\u00e9sormais se d\u00e9ployer en Europe"},{"@type":"BreadcrumbList","@id":"https:\/\/www.conex.net\/fr\/conex-compte-bien-desormais-se-deployer-en-europe\/#breadcrumb","itemListElement":[{"@type":"ListItem","position":1,"name":"Accueil","item":"https:\/\/www.conex.net\/fr\/"},{"@type":"ListItem","position":2,"name":"Conex compte bien d\u00e9sormais se d\u00e9ployer en Europe"}]},{"@type":"WebSite","@id":"https:\/\/www.conex.net\/fr\/#website","url":"https:\/\/www.conex.net\/fr\/","name":"Conex France","description":"Your customs partner - CONEX FRANCE","publisher":{"@id":"https:\/\/www.conex.net\/fr\/#organization"},"potentialAction":[{"@type":"SearchAction","target":{"@type":"EntryPoint","urlTemplate":"https:\/\/www.conex.net\/fr\/?s={search_term_string}"},"query-input":{"@type":"PropertyValueSpecification","valueRequired":true,"valueName":"search_term_string"}}],"inLanguage":"fr-FR"},{"@type":"Organization","@id":"https:\/\/www.conex.net\/fr\/#organization","name":"CONEX SAS","url":"https:\/\/www.conex.net\/fr\/","logo":{"@type":"ImageObject","inLanguage":"fr-FR","@id":"https:\/\/www.conex.net\/fr\/#\/schema\/logo\/image\/","url":"https:\/\/www.conex.net\/fr\/wp-content\/uploads\/sites\/2\/2018\/10\/logo-conex.png","contentUrl":"https:\/\/www.conex.net\/fr\/wp-content\/uploads\/sites\/2\/2018\/10\/logo-conex.png","width":138,"height":49,"caption":"CONEX SAS"},"image":{"@id":"https:\/\/www.conex.net\/fr\/#\/schema\/logo\/image\/"}},{"@type":"Person","@id":"https:\/\/www.conex.net\/fr\/#\/schema\/person\/028dad5f0ba1e2df5f2e9760898dfba9","name":"admin@conex-net","image":{"@type":"ImageObject","inLanguage":"fr-FR","@id":"https:\/\/secure.gravatar.com\/avatar\/ec6ef48a65dc441c5b7eebc066d259e87a66b61b9e92ec24e1850aa972f92206?s=96&d=mm&r=g","url":"https:\/\/secure.gravatar.com\/avatar\/ec6ef48a65dc441c5b7eebc066d259e87a66b61b9e92ec24e1850aa972f92206?s=96&d=mm&r=g","contentUrl":"https:\/\/secure.gravatar.com\/avatar\/ec6ef48a65dc441c5b7eebc066d259e87a66b61b9e92ec24e1850aa972f92206?s=96&d=mm&r=g","caption":"admin@conex-net"},"url":"https:\/\/www.conex.net\/fr\/author\/adminconex-net\/"}]}},"_links":{"self":[{"href":"https:\/\/www.conex.net\/fr\/wp-json\/wp\/v2\/posts\/10279","targetHints":{"allow":["GET"]}}],"collection":[{"href":"https:\/\/www.conex.net\/fr\/wp-json\/wp\/v2\/posts"}],"about":[{"href":"https:\/\/www.conex.net\/fr\/wp-json\/wp\/v2\/types\/post"}],"author":[{"embeddable":true,"href":"https:\/\/www.conex.net\/fr\/wp-json\/wp\/v2\/users\/1"}],"replies":[{"embeddable":true,"href":"https:\/\/www.conex.net\/fr\/wp-json\/wp\/v2\/comments?post=10279"}],"version-history":[{"count":1,"href":"https:\/\/www.conex.net\/fr\/wp-json\/wp\/v2\/posts\/10279\/revisions"}],"predecessor-version":[{"id":10281,"href":"https:\/\/www.conex.net\/fr\/wp-json\/wp\/v2\/posts\/10279\/revisions\/10281"}],"wp:featuredmedia":[{"embeddable":true,"href":"https:\/\/www.conex.net\/fr\/wp-json\/wp\/v2\/media\/10280"}],"wp:attachment":[{"href":"https:\/\/www.conex.net\/fr\/wp-json\/wp\/v2\/media?parent=10279"}],"wp:term":[{"taxonomy":"category","embeddable":true,"href":"https:\/\/www.conex.net\/fr\/wp-json\/wp\/v2\/categories?post=10279"},{"taxonomy":"post_tag","embeddable":true,"href":"https:\/\/www.conex.net\/fr\/wp-json\/wp\/v2\/tags?post=10279"},{"taxonomy":"sp_smart_badges","embeddable":true,"href":"https:\/\/www.conex.net\/fr\/wp-json\/wp\/v2\/sp_smart_badges?post=10279"}],"curies":[{"name":"wp","href":"https:\/\/api.w.org\/{rel}","templated":true}]}}