{"id":10395,"date":"2024-11-08T14:58:24","date_gmt":"2024-11-08T13:58:24","guid":{"rendered":"https:\/\/www.conex.net\/fr\/?p=10395"},"modified":"2024-11-08T16:36:23","modified_gmt":"2024-11-08T15:36:23","slug":"cedric-pillac-rejoint-conex","status":"publish","type":"post","link":"https:\/\/www.conex.net\/fr\/cedric-pillac-rejoint-conex\/","title":{"rendered":"C\u00e9dric Pillac rejoint Conex"},"content":{"rendered":"<div id=\"pl-10395\"  class=\"panel-layout\" ><div id=\"pg-10395-0\"  class=\"panel-grid panel-no-style\" ><div id=\"pgc-10395-0-0\"  class=\"panel-grid-cell\" ><div id=\"panel-10395-0-0-0\" class=\"so-panel widget widget_sow-editor panel-first-child panel-last-child\" data-index=\"0\" ><div\n\t\t\t\n\t\t\tclass=\"so-widget-sow-editor so-widget-sow-editor-base\"\n\t\t\t\n\t\t>\n<div class=\"siteorigin-widget-tinymce textwidget\">\n\t<p><img loading=\"lazy\" decoding=\"async\" class=\"size-medium wp-image-10396 alignnone\" src=\"https:\/\/www.conex.net\/fr\/wp-content\/uploads\/sites\/2\/2024\/11\/CP-2018-225x300.jpg\" alt=\" C\u00e9dric Pillac rejoint Conex\" width=\"225\" height=\"300\" srcset=\"https:\/\/www.conex.net\/fr\/wp-content\/uploads\/sites\/2\/2024\/11\/CP-2018-225x300.jpg 225w, https:\/\/www.conex.net\/fr\/wp-content\/uploads\/sites\/2\/2024\/11\/CP-2018-768x1024.jpg 768w, https:\/\/www.conex.net\/fr\/wp-content\/uploads\/sites\/2\/2024\/11\/CP-2018-1152x1536.jpg 1152w, https:\/\/www.conex.net\/fr\/wp-content\/uploads\/sites\/2\/2024\/11\/CP-2018.jpg 1400w\" sizes=\"auto, (max-width: 225px) 100vw, 225px\" \/><\/p>\n<h5><!--StartFragment --><strong><span class=\"cf0\">Directeur G\u00e9n\u00e9ral Adjoint au Commerce<\/span><\/strong><!--EndFragment --><\/h5>\n<\/div>\n<\/div><\/div><\/div><div id=\"pgc-10395-0-1\"  class=\"panel-grid-cell\" ><div id=\"panel-10395-0-1-0\" class=\"so-panel widget widget_sow-editor panel-first-child panel-last-child\" data-index=\"1\" ><div\n\t\t\t\n\t\t\tclass=\"so-widget-sow-editor so-widget-sow-editor-base\"\n\t\t\t\n\t\t>\n<div class=\"siteorigin-widget-tinymce textwidget\">\n\t<h3><\/h3>\n<h3><strong><span style=\"color: #cc0000;\">C\u00e9dric Pillac rejoint Conex,<br \/>\nl\u2019\u00e9diteur de solutions logicielles douani\u00e8res et s\u00e9curitaires<\/span><\/strong><\/h3>\n<h4><span style=\"color: #333333;\"><strong>Il est nomm\u00e9 Directeur g\u00e9n\u00e9ral adjoint en charge du Commerce<\/strong><\/span><\/h4>\n<p><span style=\"color: #333333;\">C\u00e9dric Pillac apporte \u00e0 Conex une exp\u00e9rience accomplie \u00e0 des fonctions commerciales chez des \u00e9diteurs de logiciels fran\u00e7ais et internationaux, qui ont connu des chemins de croissance rapides. Il arrive chez Conex \u00e0 un moment cl\u00e9 de l\u2019histoire de l\u2019entreprise, pour accompagner la strat\u00e9gie d\u2019expansion europ\u00e9enne<\/span><\/p>\n<h4><span style=\"color: #333333;\"><strong>Conex, \u00e0 la conqu\u00eate de l\u2019Europe<\/strong><\/span><\/h4>\n<p><span style=\"color: #333333;\">L\u2019\u00e9diteur de solutions Conex b\u00e9n\u00e9ficie d\u2019un march\u00e9 en plein essor. La digitalisation accrue des op\u00e9rations, comme les changements r\u00e9glementaires qui r\u00e9gulent le commerce international et les proc\u00e9dures douani\u00e8res et s\u00e9curitaires, expliquent que les entreprises de la supply chain investissent en solutions m\u00e9tier.<\/span><\/p>\n<p><span style=\"color: #333333;\">En r\u00e9ponse, Conex a toujours su anticiper la demande. R\u00e9cemment, l\u2019arriv\u00e9e d\u2019une nouvelle g\u00e9n\u00e9ration d\u2019outils enrichis des technologies les plus r\u00e9centes (Intelligence artificielle, blockchain), a boost\u00e9 les ventes. En parall\u00e8le, le Brexit a donn\u00e9 le coup d\u2019acc\u00e9l\u00e9rateur \u00e0 sa strat\u00e9gie europ\u00e9enne.<\/span><\/p>\n<p><span style=\"color: #333333;\">La croissance du groupe Conex, jusque-l\u00e0 organique, est aujourd\u2019hui acc\u00e9l\u00e9r\u00e9e par des acquisitions d\u2019entit\u00e9s \u00e0 l\u2019\u00e9tranger afin d\u2019atteindre rapidement une taille significative en Europe. Pour s\u2019en donner les moyens, Conex s\u2019est adoss\u00e9 \u00e0 un investisseur, 21 Invest.<\/span><\/p>\n<h4><span style=\"color: #333333;\"><strong>Une fine lame chez Conex<\/strong><\/span><\/h4>\n<p><span style=\"color: #333333;\">Ancien sportif de haut niveau au sein de l\u2019\u00e9quipe de France d\u2019Escrime, C\u00e9dric sait concilier le challenge et l\u2019esprit d\u2019\u00e9quipe. Conex lui offre le projet qui constitue la synth\u00e8se de son parcours. <\/span><span style=\"color: #333333;\">C\u00e9dric a pris ses fonctions en juin 2024 chez Conex.<\/span><\/p>\n<p><span style=\"color: #333333;\">Il a une exp\u00e9rience de plus de 20 ans pass\u00e9s dans l\u2019univers du logiciel, \u00e0 des fonctions de direction g\u00e9n\u00e9rale, commerciale et marketing, au sein de groupes et PME internationales du IT.<\/span><\/p>\n<p><span style=\"color: #333333;\">A c\u00f4t\u00e9 de sa carri\u00e8re professionnelle, C\u00e9dric a \u00e9t\u00e9 <strong>sportif de haut-niveau<\/strong> et membre de l\u2019\u00e9quipe de France en Escrime (Ep\u00e9e). Il a \u00e9t\u00e9 coach d\u2019athl\u00e8te aux JO de Rio 2016. Il a obtenu sa licence de pilote priv\u00e9 PPL.<\/span><\/p>\n<p><span style=\"color: #333333;\">C\u00e9dric Pillac est dipl\u00f4m\u00e9 de l\u2019Ecole Sup\u00e9rieure de Commerce de Paris (<strong>ESCP Business School \u2013 2000<\/strong>). Il a 50 ans et est originaire de Bordeaux.<\/span><\/p>\n<blockquote>\n<p><span style=\"color: #333333;\">C\u00e9dric confirme\u00a0: \u00ab\u00a0<em>Conex est \u00e0 un tournant strat\u00e9gique. Je m\u2019inscris avec enthousiasme dans les \u00e9tapes \u00e0 venir. Cette belle PME familiale b\u00e9n\u00e9ficie d\u2019un leadership, d\u2019une expertise et d\u2019une culture d\u2019entreprise solides, qui permettent d\u2019envisager avec optimisme le changement de taille recherch\u00e9. C\u2019est un projet de croissance sur lequel je peux apporter toute mon exp\u00e9rience<\/em> \u00bb<\/span><\/p>\n<\/blockquote>\n<p>&nbsp;<\/p>\n<blockquote>\n<p><span style=\"color: #333333;\">Bertrand Gruson, CEO de Conex, explique\u00a0: \u00ab\u00a0<em>Conex renforce ses \u00e9quipes de direction et structure son organisation pour changer de dimension. Nous sommes pr\u00e9sents sur 4 pays actuellement en dehors de la France, d\u2019autres sont \u00e0 venir au travers d\u2019acquisitions programm\u00e9es. Notre organisation va \u00e9voluer pour absorber la mont\u00e9e en charge de l\u2019activit\u00e9, et l\u2019arriv\u00e9e de nouvelles \u00e9quipes dans le groupe Conex.\u00a0Tant sur le plan personnel que professionnel, C\u00e9dric est d\u2019un apport pr\u00e9cieux pour cette p\u00e9riode cl\u00e9. Il apporte non seulement un savoir-faire, la culture du r\u00e9sultat ch\u00e8re aux PME, mais aussi une belle capacit\u00e9 \u00e0 f\u00e9d\u00e9rer les \u00e9quipes, \u00a0h\u00e9rit\u00e9e de son parcours de sportif de haut niveau\u00a0!<\/em> \u00bb<\/span><\/p>\n<\/blockquote>\n<hr \/>\n<h5><span style=\"color: #333333;\">A propos de CONEX<\/span><\/h5>\n<h5><span style=\"color: #333333;\">Partenaire des op\u00e9rateurs \u00e9conomiques\u00a0dans tous les secteurs d\u2019activit\u00e9, CONEX d\u00e9veloppe et commercialise une gamme d\u2019outils collaboratifs pour la\u00a0gestion des\u00a0d\u00e9clarations douani\u00e8res et s\u00e9curitaires. Ses clients, entreprises importatrices\/exportatrices, transporteurs, RDE (Repr\u00e9sentants en Douane Enregistr\u00e9s), utilisent ses solutions et services pour optimiser et s\u00e9curiser la saisie, le traitement et les \u00e9changes \u00e9lectroniques des d\u00e9clarations dans tous leurs \u00e9changes internationaux\u00a0de marchandises.<\/span><\/h5>\n<h5><span style=\"color: #333333;\">CONEX participe ainsi depuis pr\u00e8s de 40 ans aux \u00e9volutions du commerce international et de la supply-chain, accompagnant les entreprises dans leur d\u00e9veloppement douanier, et collaborant avec les administrations Douani\u00e8res\u00a0europ\u00e9ennes et internationales.<\/span><\/h5>\n<h5><span style=\"color: #333333;\">CONEX dont le si\u00e8ge historique est situ\u00e9\u00a0pr\u00e8s de\u00a0Lille (Orchies), a des bureaux \u00e0 Paris, et trois filiales en Belgique, en Irlande et au Royaume-Uni. Cr\u00e9\u00e9e en 1985, CONEX compte une soixantaine de salari\u00e9s.<\/span><\/h5>\n<hr \/>\n<h5><strong><span style=\"color: #cc0000;\"><a style=\"color: #cc0000;\" href=\"https:\/\/agence-c3m.paris\/\" target=\"_blank\" rel=\"noopener\">Agence C3M<\/a><\/span><br \/>\n<span style=\"color: #333333;\">Michelle Amiard, michelle@agence-c3M.com<\/span><\/strong><\/h5>\n<\/div>\n<\/div><\/div><\/div><\/div><\/div>","protected":false},"excerpt":{"rendered":"<p>Directeur G\u00e9n\u00e9ral Adjoint au Commerce C\u00e9dric Pillac rejoint Conex, l\u2019\u00e9diteur de solutions logicielles douani\u00e8res et s\u00e9curitaires Il est nomm\u00e9 Directeur g\u00e9n\u00e9ral adjoint en charge du Commerce C\u00e9dric Pillac apporte \u00e0 Conex une exp\u00e9rience accomplie \u00e0 des fonctions commerciales chez des \u00e9diteurs de logiciels fran\u00e7ais et internationaux, qui ont connu des chemins de croissance rapides. Il arrive chez Conex \u00e0 un moment cl\u00e9 de l\u2019histoire de l\u2019entreprise, pour accompagner la strat\u00e9gie d\u2019expansion europ\u00e9enne Conex, \u00e0 la [&hellip;]<\/p>\n","protected":false},"author":1,"featured_media":10413,"comment_status":"closed","ping_status":"open","sticky":false,"template":"","format":"standard","meta":{"footnotes":""},"categories":[151],"tags":[],"sp_smart_badges":[],"class_list":["post-10395","post","type-post","status-publish","format-standard","has-post-thumbnail","hentry","category-communiques"],"yoast_head":"<!-- This site is optimized with the Yoast SEO plugin v27.5 - https:\/\/yoast.com\/product\/yoast-seo-wordpress\/ -->\n<title>C\u00e9dric Pillac rejoint Conex - Conex France<\/title>\n<meta name=\"description\" content=\"Il est nomm\u00e9 Directeur g\u00e9n\u00e9ral adjoint en charge du Commerce C\u00e9dric Pillac apporte \u00e0 Conex une exp\u00e9rience accomplie \u00e0 des fonctions commerciales chez des \u00e9diteurs de logiciels fran\u00e7ais et internationaux, qui ont connu des chemins de croissance rapides. Il arrive chez Conex \u00e0 un moment cl\u00e9 de l\u2019histoire de l\u2019entreprise, pour accompagner la strat\u00e9gie d\u2019expansion europ\u00e9enne\" \/>\n<meta name=\"robots\" content=\"index, follow, max-snippet:-1, max-image-preview:large, max-video-preview:-1\" \/>\n<link rel=\"canonical\" href=\"https:\/\/www.conex.net\/fr\/cedric-pillac-rejoint-conex\/\" \/>\n<meta property=\"og:locale\" content=\"fr_FR\" \/>\n<meta property=\"og:type\" content=\"article\" \/>\n<meta property=\"og:title\" content=\"C\u00e9dric Pillac rejoint Conex - Conex France\" \/>\n<meta property=\"og:description\" content=\"Il est nomm\u00e9 Directeur g\u00e9n\u00e9ral adjoint en charge du Commerce C\u00e9dric Pillac apporte \u00e0 Conex une exp\u00e9rience accomplie \u00e0 des fonctions commerciales chez des \u00e9diteurs de logiciels fran\u00e7ais et internationaux, qui ont connu des chemins de croissance rapides. Il arrive chez Conex \u00e0 un moment cl\u00e9 de l\u2019histoire de l\u2019entreprise, pour accompagner la strat\u00e9gie d\u2019expansion europ\u00e9enne\" \/>\n<meta property=\"og:url\" content=\"https:\/\/www.conex.net\/fr\/cedric-pillac-rejoint-conex\/\" \/>\n<meta property=\"og:site_name\" content=\"Conex France\" \/>\n<meta property=\"article:published_time\" content=\"2024-11-08T13:58:24+00:00\" \/>\n<meta property=\"article:modified_time\" content=\"2024-11-08T15:36:23+00:00\" \/>\n<meta property=\"og:image\" content=\"https:\/\/www.conex.net\/fr\/wp-content\/uploads\/sites\/2\/2024\/11\/cedric-Pillac-CONEX.png\" \/>\n\t<meta property=\"og:image:width\" content=\"272\" \/>\n\t<meta property=\"og:image:height\" content=\"182\" \/>\n\t<meta property=\"og:image:type\" content=\"image\/png\" \/>\n<meta name=\"author\" content=\"admin@conex-net\" \/>\n<meta name=\"twitter:card\" content=\"summary_large_image\" \/>\n<meta name=\"twitter:label1\" content=\"\u00c9crit par\" \/>\n\t<meta name=\"twitter:data1\" content=\"admin@conex-net\" \/>\n\t<meta name=\"twitter:label2\" content=\"Dur\u00e9e de lecture estim\u00e9e\" \/>\n\t<meta name=\"twitter:data2\" content=\"3 minutes\" \/>\n<script type=\"application\/ld+json\" class=\"yoast-schema-graph\">{\"@context\":\"https:\\\/\\\/schema.org\",\"@graph\":[{\"@type\":\"Article\",\"@id\":\"https:\\\/\\\/www.conex.net\\\/fr\\\/cedric-pillac-rejoint-conex\\\/#article\",\"isPartOf\":{\"@id\":\"https:\\\/\\\/www.conex.net\\\/fr\\\/cedric-pillac-rejoint-conex\\\/\"},\"author\":{\"name\":\"admin@conex-net\",\"@id\":\"https:\\\/\\\/www.conex.net\\\/fr\\\/#\\\/schema\\\/person\\\/028dad5f0ba1e2df5f2e9760898dfba9\"},\"headline\":\"C\u00e9dric Pillac rejoint Conex\",\"datePublished\":\"2024-11-08T13:58:24+00:00\",\"dateModified\":\"2024-11-08T15:36:23+00:00\",\"mainEntityOfPage\":{\"@id\":\"https:\\\/\\\/www.conex.net\\\/fr\\\/cedric-pillac-rejoint-conex\\\/\"},\"wordCount\":756,\"publisher\":{\"@id\":\"https:\\\/\\\/www.conex.net\\\/fr\\\/#organization\"},\"image\":{\"@id\":\"https:\\\/\\\/www.conex.net\\\/fr\\\/cedric-pillac-rejoint-conex\\\/#primaryimage\"},\"thumbnailUrl\":\"https:\\\/\\\/www.conex.net\\\/fr\\\/wp-content\\\/uploads\\\/sites\\\/2\\\/2024\\\/11\\\/cedric-Pillac-CONEX.png\",\"articleSection\":[\"COMMUNIQU\u00c9S\"],\"inLanguage\":\"fr-FR\"},{\"@type\":\"WebPage\",\"@id\":\"https:\\\/\\\/www.conex.net\\\/fr\\\/cedric-pillac-rejoint-conex\\\/\",\"url\":\"https:\\\/\\\/www.conex.net\\\/fr\\\/cedric-pillac-rejoint-conex\\\/\",\"name\":\"C\u00e9dric Pillac rejoint Conex - Conex France\",\"isPartOf\":{\"@id\":\"https:\\\/\\\/www.conex.net\\\/fr\\\/#website\"},\"primaryImageOfPage\":{\"@id\":\"https:\\\/\\\/www.conex.net\\\/fr\\\/cedric-pillac-rejoint-conex\\\/#primaryimage\"},\"image\":{\"@id\":\"https:\\\/\\\/www.conex.net\\\/fr\\\/cedric-pillac-rejoint-conex\\\/#primaryimage\"},\"thumbnailUrl\":\"https:\\\/\\\/www.conex.net\\\/fr\\\/wp-content\\\/uploads\\\/sites\\\/2\\\/2024\\\/11\\\/cedric-Pillac-CONEX.png\",\"datePublished\":\"2024-11-08T13:58:24+00:00\",\"dateModified\":\"2024-11-08T15:36:23+00:00\",\"description\":\"Il est nomm\u00e9 Directeur g\u00e9n\u00e9ral adjoint en charge du Commerce C\u00e9dric Pillac apporte \u00e0 Conex une exp\u00e9rience accomplie \u00e0 des fonctions commerciales chez des \u00e9diteurs de logiciels fran\u00e7ais et internationaux, qui ont connu des chemins de croissance rapides. Il arrive chez Conex \u00e0 un moment cl\u00e9 de l\u2019histoire de l\u2019entreprise, pour accompagner la strat\u00e9gie d\u2019expansion europ\u00e9enne\",\"breadcrumb\":{\"@id\":\"https:\\\/\\\/www.conex.net\\\/fr\\\/cedric-pillac-rejoint-conex\\\/#breadcrumb\"},\"inLanguage\":\"fr-FR\",\"potentialAction\":[{\"@type\":\"ReadAction\",\"target\":[\"https:\\\/\\\/www.conex.net\\\/fr\\\/cedric-pillac-rejoint-conex\\\/\"]}]},{\"@type\":\"ImageObject\",\"inLanguage\":\"fr-FR\",\"@id\":\"https:\\\/\\\/www.conex.net\\\/fr\\\/cedric-pillac-rejoint-conex\\\/#primaryimage\",\"url\":\"https:\\\/\\\/www.conex.net\\\/fr\\\/wp-content\\\/uploads\\\/sites\\\/2\\\/2024\\\/11\\\/cedric-Pillac-CONEX.png\",\"contentUrl\":\"https:\\\/\\\/www.conex.net\\\/fr\\\/wp-content\\\/uploads\\\/sites\\\/2\\\/2024\\\/11\\\/cedric-Pillac-CONEX.png\",\"width\":272,\"height\":182,\"caption\":\"C\u00e9dric Pillac rejoint Conex, l\u2019\u00e9diteur de solutions logicielles douani\u00e8res et s\u00e9curitaires\"},{\"@type\":\"BreadcrumbList\",\"@id\":\"https:\\\/\\\/www.conex.net\\\/fr\\\/cedric-pillac-rejoint-conex\\\/#breadcrumb\",\"itemListElement\":[{\"@type\":\"ListItem\",\"position\":1,\"name\":\"Accueil\",\"item\":\"https:\\\/\\\/www.conex.net\\\/fr\\\/\"},{\"@type\":\"ListItem\",\"position\":2,\"name\":\"C\u00e9dric Pillac rejoint Conex\"}]},{\"@type\":\"WebSite\",\"@id\":\"https:\\\/\\\/www.conex.net\\\/fr\\\/#website\",\"url\":\"https:\\\/\\\/www.conex.net\\\/fr\\\/\",\"name\":\"Conex France\",\"description\":\"Your customs partner - CONEX FRANCE\",\"publisher\":{\"@id\":\"https:\\\/\\\/www.conex.net\\\/fr\\\/#organization\"},\"potentialAction\":[{\"@type\":\"SearchAction\",\"target\":{\"@type\":\"EntryPoint\",\"urlTemplate\":\"https:\\\/\\\/www.conex.net\\\/fr\\\/?s={search_term_string}\"},\"query-input\":{\"@type\":\"PropertyValueSpecification\",\"valueRequired\":true,\"valueName\":\"search_term_string\"}}],\"inLanguage\":\"fr-FR\"},{\"@type\":\"Organization\",\"@id\":\"https:\\\/\\\/www.conex.net\\\/fr\\\/#organization\",\"name\":\"CONEX SAS\",\"url\":\"https:\\\/\\\/www.conex.net\\\/fr\\\/\",\"logo\":{\"@type\":\"ImageObject\",\"inLanguage\":\"fr-FR\",\"@id\":\"https:\\\/\\\/www.conex.net\\\/fr\\\/#\\\/schema\\\/logo\\\/image\\\/\",\"url\":\"https:\\\/\\\/www.conex.net\\\/fr\\\/wp-content\\\/uploads\\\/sites\\\/2\\\/2018\\\/10\\\/logo-conex.png\",\"contentUrl\":\"https:\\\/\\\/www.conex.net\\\/fr\\\/wp-content\\\/uploads\\\/sites\\\/2\\\/2018\\\/10\\\/logo-conex.png\",\"width\":138,\"height\":49,\"caption\":\"CONEX SAS\"},\"image\":{\"@id\":\"https:\\\/\\\/www.conex.net\\\/fr\\\/#\\\/schema\\\/logo\\\/image\\\/\"}},{\"@type\":\"Person\",\"@id\":\"https:\\\/\\\/www.conex.net\\\/fr\\\/#\\\/schema\\\/person\\\/028dad5f0ba1e2df5f2e9760898dfba9\",\"name\":\"admin@conex-net\",\"image\":{\"@type\":\"ImageObject\",\"inLanguage\":\"fr-FR\",\"@id\":\"https:\\\/\\\/secure.gravatar.com\\\/avatar\\\/ec6ef48a65dc441c5b7eebc066d259e87a66b61b9e92ec24e1850aa972f92206?s=96&d=mm&r=g\",\"url\":\"https:\\\/\\\/secure.gravatar.com\\\/avatar\\\/ec6ef48a65dc441c5b7eebc066d259e87a66b61b9e92ec24e1850aa972f92206?s=96&d=mm&r=g\",\"contentUrl\":\"https:\\\/\\\/secure.gravatar.com\\\/avatar\\\/ec6ef48a65dc441c5b7eebc066d259e87a66b61b9e92ec24e1850aa972f92206?s=96&d=mm&r=g\",\"caption\":\"admin@conex-net\"},\"url\":\"https:\\\/\\\/www.conex.net\\\/fr\\\/author\\\/adminconex-net\\\/\"}]}<\/script>\n<!-- \/ Yoast SEO plugin. -->","yoast_head_json":{"title":"C\u00e9dric Pillac rejoint Conex - Conex France","description":"Il est nomm\u00e9 Directeur g\u00e9n\u00e9ral adjoint en charge du Commerce C\u00e9dric Pillac apporte \u00e0 Conex une exp\u00e9rience accomplie \u00e0 des fonctions commerciales chez des \u00e9diteurs de logiciels fran\u00e7ais et internationaux, qui ont connu des chemins de croissance rapides. Il arrive chez Conex \u00e0 un moment cl\u00e9 de l\u2019histoire de l\u2019entreprise, pour accompagner la strat\u00e9gie d\u2019expansion europ\u00e9enne","robots":{"index":"index","follow":"follow","max-snippet":"max-snippet:-1","max-image-preview":"max-image-preview:large","max-video-preview":"max-video-preview:-1"},"canonical":"https:\/\/www.conex.net\/fr\/cedric-pillac-rejoint-conex\/","og_locale":"fr_FR","og_type":"article","og_title":"C\u00e9dric Pillac rejoint Conex - Conex France","og_description":"Il est nomm\u00e9 Directeur g\u00e9n\u00e9ral adjoint en charge du Commerce C\u00e9dric Pillac apporte \u00e0 Conex une exp\u00e9rience accomplie \u00e0 des fonctions commerciales chez des \u00e9diteurs de logiciels fran\u00e7ais et internationaux, qui ont connu des chemins de croissance rapides. Il arrive chez Conex \u00e0 un moment cl\u00e9 de l\u2019histoire de l\u2019entreprise, pour accompagner la strat\u00e9gie d\u2019expansion europ\u00e9enne","og_url":"https:\/\/www.conex.net\/fr\/cedric-pillac-rejoint-conex\/","og_site_name":"Conex France","article_published_time":"2024-11-08T13:58:24+00:00","article_modified_time":"2024-11-08T15:36:23+00:00","og_image":[{"width":272,"height":182,"url":"https:\/\/www.conex.net\/fr\/wp-content\/uploads\/sites\/2\/2024\/11\/cedric-Pillac-CONEX.png","type":"image\/png"}],"author":"admin@conex-net","twitter_card":"summary_large_image","twitter_misc":{"\u00c9crit par":"admin@conex-net","Dur\u00e9e de lecture estim\u00e9e":"3 minutes"},"schema":{"@context":"https:\/\/schema.org","@graph":[{"@type":"Article","@id":"https:\/\/www.conex.net\/fr\/cedric-pillac-rejoint-conex\/#article","isPartOf":{"@id":"https:\/\/www.conex.net\/fr\/cedric-pillac-rejoint-conex\/"},"author":{"name":"admin@conex-net","@id":"https:\/\/www.conex.net\/fr\/#\/schema\/person\/028dad5f0ba1e2df5f2e9760898dfba9"},"headline":"C\u00e9dric Pillac rejoint Conex","datePublished":"2024-11-08T13:58:24+00:00","dateModified":"2024-11-08T15:36:23+00:00","mainEntityOfPage":{"@id":"https:\/\/www.conex.net\/fr\/cedric-pillac-rejoint-conex\/"},"wordCount":756,"publisher":{"@id":"https:\/\/www.conex.net\/fr\/#organization"},"image":{"@id":"https:\/\/www.conex.net\/fr\/cedric-pillac-rejoint-conex\/#primaryimage"},"thumbnailUrl":"https:\/\/www.conex.net\/fr\/wp-content\/uploads\/sites\/2\/2024\/11\/cedric-Pillac-CONEX.png","articleSection":["COMMUNIQU\u00c9S"],"inLanguage":"fr-FR"},{"@type":"WebPage","@id":"https:\/\/www.conex.net\/fr\/cedric-pillac-rejoint-conex\/","url":"https:\/\/www.conex.net\/fr\/cedric-pillac-rejoint-conex\/","name":"C\u00e9dric Pillac rejoint Conex - Conex France","isPartOf":{"@id":"https:\/\/www.conex.net\/fr\/#website"},"primaryImageOfPage":{"@id":"https:\/\/www.conex.net\/fr\/cedric-pillac-rejoint-conex\/#primaryimage"},"image":{"@id":"https:\/\/www.conex.net\/fr\/cedric-pillac-rejoint-conex\/#primaryimage"},"thumbnailUrl":"https:\/\/www.conex.net\/fr\/wp-content\/uploads\/sites\/2\/2024\/11\/cedric-Pillac-CONEX.png","datePublished":"2024-11-08T13:58:24+00:00","dateModified":"2024-11-08T15:36:23+00:00","description":"Il est nomm\u00e9 Directeur g\u00e9n\u00e9ral adjoint en charge du Commerce C\u00e9dric Pillac apporte \u00e0 Conex une exp\u00e9rience accomplie \u00e0 des fonctions commerciales chez des \u00e9diteurs de logiciels fran\u00e7ais et internationaux, qui ont connu des chemins de croissance rapides. Il arrive chez Conex \u00e0 un moment cl\u00e9 de l\u2019histoire de l\u2019entreprise, pour accompagner la strat\u00e9gie d\u2019expansion europ\u00e9enne","breadcrumb":{"@id":"https:\/\/www.conex.net\/fr\/cedric-pillac-rejoint-conex\/#breadcrumb"},"inLanguage":"fr-FR","potentialAction":[{"@type":"ReadAction","target":["https:\/\/www.conex.net\/fr\/cedric-pillac-rejoint-conex\/"]}]},{"@type":"ImageObject","inLanguage":"fr-FR","@id":"https:\/\/www.conex.net\/fr\/cedric-pillac-rejoint-conex\/#primaryimage","url":"https:\/\/www.conex.net\/fr\/wp-content\/uploads\/sites\/2\/2024\/11\/cedric-Pillac-CONEX.png","contentUrl":"https:\/\/www.conex.net\/fr\/wp-content\/uploads\/sites\/2\/2024\/11\/cedric-Pillac-CONEX.png","width":272,"height":182,"caption":"C\u00e9dric Pillac rejoint Conex, l\u2019\u00e9diteur de solutions logicielles douani\u00e8res et s\u00e9curitaires"},{"@type":"BreadcrumbList","@id":"https:\/\/www.conex.net\/fr\/cedric-pillac-rejoint-conex\/#breadcrumb","itemListElement":[{"@type":"ListItem","position":1,"name":"Accueil","item":"https:\/\/www.conex.net\/fr\/"},{"@type":"ListItem","position":2,"name":"C\u00e9dric Pillac rejoint Conex"}]},{"@type":"WebSite","@id":"https:\/\/www.conex.net\/fr\/#website","url":"https:\/\/www.conex.net\/fr\/","name":"Conex France","description":"Your customs partner - CONEX FRANCE","publisher":{"@id":"https:\/\/www.conex.net\/fr\/#organization"},"potentialAction":[{"@type":"SearchAction","target":{"@type":"EntryPoint","urlTemplate":"https:\/\/www.conex.net\/fr\/?s={search_term_string}"},"query-input":{"@type":"PropertyValueSpecification","valueRequired":true,"valueName":"search_term_string"}}],"inLanguage":"fr-FR"},{"@type":"Organization","@id":"https:\/\/www.conex.net\/fr\/#organization","name":"CONEX SAS","url":"https:\/\/www.conex.net\/fr\/","logo":{"@type":"ImageObject","inLanguage":"fr-FR","@id":"https:\/\/www.conex.net\/fr\/#\/schema\/logo\/image\/","url":"https:\/\/www.conex.net\/fr\/wp-content\/uploads\/sites\/2\/2018\/10\/logo-conex.png","contentUrl":"https:\/\/www.conex.net\/fr\/wp-content\/uploads\/sites\/2\/2018\/10\/logo-conex.png","width":138,"height":49,"caption":"CONEX SAS"},"image":{"@id":"https:\/\/www.conex.net\/fr\/#\/schema\/logo\/image\/"}},{"@type":"Person","@id":"https:\/\/www.conex.net\/fr\/#\/schema\/person\/028dad5f0ba1e2df5f2e9760898dfba9","name":"admin@conex-net","image":{"@type":"ImageObject","inLanguage":"fr-FR","@id":"https:\/\/secure.gravatar.com\/avatar\/ec6ef48a65dc441c5b7eebc066d259e87a66b61b9e92ec24e1850aa972f92206?s=96&d=mm&r=g","url":"https:\/\/secure.gravatar.com\/avatar\/ec6ef48a65dc441c5b7eebc066d259e87a66b61b9e92ec24e1850aa972f92206?s=96&d=mm&r=g","contentUrl":"https:\/\/secure.gravatar.com\/avatar\/ec6ef48a65dc441c5b7eebc066d259e87a66b61b9e92ec24e1850aa972f92206?s=96&d=mm&r=g","caption":"admin@conex-net"},"url":"https:\/\/www.conex.net\/fr\/author\/adminconex-net\/"}]}},"_links":{"self":[{"href":"https:\/\/www.conex.net\/fr\/wp-json\/wp\/v2\/posts\/10395","targetHints":{"allow":["GET"]}}],"collection":[{"href":"https:\/\/www.conex.net\/fr\/wp-json\/wp\/v2\/posts"}],"about":[{"href":"https:\/\/www.conex.net\/fr\/wp-json\/wp\/v2\/types\/post"}],"author":[{"embeddable":true,"href":"https:\/\/www.conex.net\/fr\/wp-json\/wp\/v2\/users\/1"}],"replies":[{"embeddable":true,"href":"https:\/\/www.conex.net\/fr\/wp-json\/wp\/v2\/comments?post=10395"}],"version-history":[{"count":9,"href":"https:\/\/www.conex.net\/fr\/wp-json\/wp\/v2\/posts\/10395\/revisions"}],"predecessor-version":[{"id":10408,"href":"https:\/\/www.conex.net\/fr\/wp-json\/wp\/v2\/posts\/10395\/revisions\/10408"}],"wp:featuredmedia":[{"embeddable":true,"href":"https:\/\/www.conex.net\/fr\/wp-json\/wp\/v2\/media\/10413"}],"wp:attachment":[{"href":"https:\/\/www.conex.net\/fr\/wp-json\/wp\/v2\/media?parent=10395"}],"wp:term":[{"taxonomy":"category","embeddable":true,"href":"https:\/\/www.conex.net\/fr\/wp-json\/wp\/v2\/categories?post=10395"},{"taxonomy":"post_tag","embeddable":true,"href":"https:\/\/www.conex.net\/fr\/wp-json\/wp\/v2\/tags?post=10395"},{"taxonomy":"sp_smart_badges","embeddable":true,"href":"https:\/\/www.conex.net\/fr\/wp-json\/wp\/v2\/sp_smart_badges?post=10395"}],"curies":[{"name":"wp","href":"https:\/\/api.w.org\/{rel}","templated":true}]}}