{"id":10693,"date":"2025-05-13T14:31:59","date_gmt":"2025-05-13T12:31:59","guid":{"rendered":"https:\/\/www.conex.net\/fr\/?p=10693"},"modified":"2025-05-13T14:37:47","modified_gmt":"2025-05-13T12:37:47","slug":"euro-supply-chain-2025","status":"publish","type":"post","link":"https:\/\/www.conex.net\/fr\/euro-supply-chain-2025\/","title":{"rendered":"Euro Supply Chain 2025"},"content":{"rendered":"<div id=\"pl-10693\"  class=\"panel-layout\" ><div id=\"pg-10693-0\"  class=\"panel-grid panel-has-style\" ><div class=\"panel-row-style panel-row-style-for-10693-0\" ><div id=\"pgc-10693-0-0\"  class=\"panel-grid-cell\" ><div id=\"panel-10693-0-0-0\" class=\"so-panel widget widget_sow-editor panel-first-child panel-last-child\" data-index=\"0\" ><div\n\t\t\t\n\t\t\tclass=\"so-widget-sow-editor so-widget-sow-editor-base\"\n\t\t\t\n\t\t>\n<div class=\"siteorigin-widget-tinymce textwidget\">\n\t<p><img loading=\"lazy\" decoding=\"async\" class=\"alignleft size-medium wp-image-10694\" src=\"https:\/\/www.conex.net\/fr\/wp-content\/uploads\/sites\/2\/2025\/05\/EuroSupplyChain2025-300x300.png\" alt=\"Vous \u00eates pr\u00eats pour une douane plus rapide, plus fluide, plus strat\u00e9gique ? Nous vous montrons comment l\u2019intelligence artificielle devient un v\u00e9ritable levier de comp\u00e9titivit\u00e9 : \u2022 Classement tarifaire facilit\u00e9 \u2022 Automatisation des documents \u2022 Gain de temps et s\u00e9curisation des flux \u2022 Archivage conforme et intelligent\" width=\"300\" height=\"300\" srcset=\"https:\/\/www.conex.net\/fr\/wp-content\/uploads\/sites\/2\/2025\/05\/EuroSupplyChain2025-300x300.png 300w, https:\/\/www.conex.net\/fr\/wp-content\/uploads\/sites\/2\/2025\/05\/EuroSupplyChain2025-1022x1024.png 1022w, https:\/\/www.conex.net\/fr\/wp-content\/uploads\/sites\/2\/2025\/05\/EuroSupplyChain2025-150x150.png 150w, https:\/\/www.conex.net\/fr\/wp-content\/uploads\/sites\/2\/2025\/05\/EuroSupplyChain2025-768x769.png 768w, https:\/\/www.conex.net\/fr\/wp-content\/uploads\/sites\/2\/2025\/05\/EuroSupplyChain2025-1533x1536.png 1533w, https:\/\/www.conex.net\/fr\/wp-content\/uploads\/sites\/2\/2025\/05\/EuroSupplyChain2025.png 1667w\" sizes=\"auto, (max-width: 300px) 100vw, 300px\" \/><\/p>\n<\/div>\n<\/div><\/div><\/div><div id=\"pgc-10693-0-1\"  class=\"panel-grid-cell\" ><div id=\"panel-10693-0-1-0\" class=\"so-panel widget widget_sow-editor panel-first-child panel-last-child\" data-index=\"1\" ><div\n\t\t\t\n\t\t\tclass=\"so-widget-sow-editor so-widget-sow-editor-base\"\n\t\t\t\n\t\t>\n<div class=\"siteorigin-widget-tinymce textwidget\">\n\t<h3><strong><span style=\"color: #d10000;\">Rendez-vous le 12 juin au salon Euro Supply Chain \u00e0 Mulhouse<\/span><\/strong><\/h3>\n<h4><strong><span style=\"color: #333333;\">Stand CONEX D-08 &amp; conf\u00e9rence \u00e0 14 h 00<\/span><\/strong><\/h4>\n<p><span style=\"color: #333333;\">Nous serons sur le carrefour des d\u00e9cisionnaires du transport et de la logistique de l'Est<br \/>\n<\/span><span style=\"color: #333333;\">Et vous verrez que chez CONEX, on met la technologie au service de vos performances douani\u00e8res.<br \/>\n<\/span><span style=\"color: #333333;\">D\u00e9couvrez comment nos solutions transforment le quotidien des \u00e9quipes Supply Chain, douane et IT.<\/span><\/p>\n<p><span style=\"color: #333333;\">\ud83d\udd0e Vous \u00eates pr\u00eats pour une douane plus rapide, plus fluide, plus strat\u00e9gique ? <\/span><span style=\"color: #333333;\">Nous vous montrons comment l\u2019intelligence artificielle devient un v\u00e9ritable levier de comp\u00e9titivit\u00e9 :<\/span><\/p>\n<p><strong><span style=\"color: #333333;\">- Classement tarifaire facilit\u00e9<br \/>\n<\/span><span style=\"color: #333333;\">- Automatisation des documents<br \/>\n<\/span><span style=\"color: #333333;\">- Gain de temps et s\u00e9curisation des flux<br \/>\n<\/span><span style=\"color: #333333;\">- Archivage conforme et intelligent<\/span><\/strong><\/p>\n<p><span style=\"color: #333333;\">\ud83c\udfa4 \u00c0 14h00, assistez \u00e0 notre conf\u00e9rence de 25 min pour faire le point sur les nouvelles pratiques digitales en mati\u00e8re douani\u00e8re. <\/span><span style=\"color: #333333;\">Une plong\u00e9e concr\u00e8te dans l\u2019avenir des m\u00e9tiers r\u00e9glementaires.<\/span><\/p>\n<h4 style=\"text-align: center;\"><span style=\"color: #ba0000;\"><a style=\"color: #ba0000;\" href=\"https:\/\/www.eurosupplychain.fr\/fr\/session\/d301cccd-802a-f011-8b3d-6045bd903b46\/douane-et-si-l-innovation-devenait-votre-meilleur-atout-\" target=\"_blank\" rel=\"noopener\"><strong>INSCRIPTION\u00a0 <b>\u00c0\u00a0 LA CONF\u00c9RENCE<\/b><\/strong><\/a><\/span><\/h4>\n<p><span style=\"color: #333333;\">\ud83d\udccc Passez nous voir sur le stand CONEX pour en savoir plus, \u00e9changer avec nos experts, et d\u00e9couvrir nos outils en action !<\/span><\/p>\n<h4 style=\"text-align: center;\"><span style=\"color: #ba0000;\"><a style=\"color: #ba0000;\" href=\"https:\/\/www.eurosupplychain.fr\/fr\/registration\/register\" target=\"_blank\" rel=\"noopener\"><strong><b>INSCRIPTION AU SALON<\/b><\/strong><\/a><\/span><\/h4>\n<p>&nbsp;<\/p>\n<\/div>\n<\/div><\/div><\/div><\/div><\/div><\/div>","protected":false},"excerpt":{"rendered":"<p>Rendez-vous le 12 juin au salon Euro Supply Chain \u00e0 Mulhouse Stand CONEX D-08 &amp; conf\u00e9rence \u00e0 14 h 00 Nous serons sur le carrefour des d\u00e9cisionnaires du transport et de la logistique de l&rsquo;Est Et vous verrez que chez CONEX, on met la technologie au service de vos performances douani\u00e8res. D\u00e9couvrez comment nos solutions transforment le quotidien des \u00e9quipes Supply Chain, douane et IT. \ud83d\udd0e Vous \u00eates pr\u00eats pour une douane plus rapide, plus [&hellip;]<\/p>\n","protected":false},"author":1,"featured_media":10694,"comment_status":"closed","ping_status":"open","sticky":false,"template":"","format":"standard","meta":{"footnotes":""},"categories":[159,139],"tags":[],"sp_smart_badges":[],"class_list":["post-10693","post","type-post","status-publish","format-standard","has-post-thumbnail","hentry","category-evenements","category-evenement-conex"],"yoast_head":"<!-- This site is optimized with the Yoast SEO plugin v27.5 - https:\/\/yoast.com\/product\/yoast-seo-wordpress\/ -->\n<title>Euro Supply Chain 2025 - Conex France<\/title>\n<meta name=\"description\" content=\"Rendez-vous le 12 juin au salon Euro Supply Chain \u00e0 Mulhouse Stand CONEX D-08 &amp; conf\u00e9rence \u00e0 14 h 00\" \/>\n<meta name=\"robots\" content=\"index, follow, max-snippet:-1, max-image-preview:large, max-video-preview:-1\" \/>\n<link rel=\"canonical\" href=\"https:\/\/www.conex.net\/fr\/euro-supply-chain-2025\/\" \/>\n<meta property=\"og:locale\" content=\"fr_FR\" \/>\n<meta property=\"og:type\" content=\"article\" \/>\n<meta property=\"og:title\" content=\"Euro Supply Chain 2025 - Conex France\" \/>\n<meta property=\"og:description\" content=\"Rendez-vous le 12 juin au salon Euro Supply Chain \u00e0 Mulhouse Stand CONEX D-08 &amp; conf\u00e9rence \u00e0 14 h 00\" \/>\n<meta property=\"og:url\" content=\"https:\/\/www.conex.net\/fr\/euro-supply-chain-2025\/\" \/>\n<meta property=\"og:site_name\" content=\"Conex France\" \/>\n<meta property=\"article:published_time\" content=\"2025-05-13T12:31:59+00:00\" \/>\n<meta property=\"article:modified_time\" content=\"2025-05-13T12:37:47+00:00\" \/>\n<meta property=\"og:image\" content=\"https:\/\/www.conex.net\/fr\/wp-content\/uploads\/sites\/2\/2025\/05\/EuroSupplyChain2025.png\" \/>\n\t<meta property=\"og:image:width\" content=\"1667\" \/>\n\t<meta property=\"og:image:height\" content=\"1670\" \/>\n\t<meta property=\"og:image:type\" content=\"image\/png\" \/>\n<meta name=\"author\" content=\"admin@conex-net\" \/>\n<meta name=\"twitter:card\" content=\"summary_large_image\" \/>\n<meta name=\"twitter:label1\" content=\"\u00c9crit par\" \/>\n\t<meta name=\"twitter:data1\" content=\"admin@conex-net\" \/>\n\t<meta name=\"twitter:label2\" content=\"Dur\u00e9e de lecture estim\u00e9e\" \/>\n\t<meta name=\"twitter:data2\" content=\"2 minutes\" \/>\n<script type=\"application\/ld+json\" class=\"yoast-schema-graph\">{\"@context\":\"https:\\\/\\\/schema.org\",\"@graph\":[{\"@type\":\"Article\",\"@id\":\"https:\\\/\\\/www.conex.net\\\/fr\\\/euro-supply-chain-2025\\\/#article\",\"isPartOf\":{\"@id\":\"https:\\\/\\\/www.conex.net\\\/fr\\\/euro-supply-chain-2025\\\/\"},\"author\":{\"name\":\"admin@conex-net\",\"@id\":\"https:\\\/\\\/www.conex.net\\\/fr\\\/#\\\/schema\\\/person\\\/028dad5f0ba1e2df5f2e9760898dfba9\"},\"headline\":\"Euro Supply Chain 2025\",\"datePublished\":\"2025-05-13T12:31:59+00:00\",\"dateModified\":\"2025-05-13T12:37:47+00:00\",\"mainEntityOfPage\":{\"@id\":\"https:\\\/\\\/www.conex.net\\\/fr\\\/euro-supply-chain-2025\\\/\"},\"wordCount\":182,\"publisher\":{\"@id\":\"https:\\\/\\\/www.conex.net\\\/fr\\\/#organization\"},\"image\":{\"@id\":\"https:\\\/\\\/www.conex.net\\\/fr\\\/euro-supply-chain-2025\\\/#primaryimage\"},\"thumbnailUrl\":\"https:\\\/\\\/www.conex.net\\\/fr\\\/wp-content\\\/uploads\\\/sites\\\/2\\\/2025\\\/05\\\/EuroSupplyChain2025.png\",\"articleSection\":[\"\u00c9V\u00c9NEMENTS\",\"NEWS\"],\"inLanguage\":\"fr-FR\"},{\"@type\":\"WebPage\",\"@id\":\"https:\\\/\\\/www.conex.net\\\/fr\\\/euro-supply-chain-2025\\\/\",\"url\":\"https:\\\/\\\/www.conex.net\\\/fr\\\/euro-supply-chain-2025\\\/\",\"name\":\"Euro Supply Chain 2025 - Conex France\",\"isPartOf\":{\"@id\":\"https:\\\/\\\/www.conex.net\\\/fr\\\/#website\"},\"primaryImageOfPage\":{\"@id\":\"https:\\\/\\\/www.conex.net\\\/fr\\\/euro-supply-chain-2025\\\/#primaryimage\"},\"image\":{\"@id\":\"https:\\\/\\\/www.conex.net\\\/fr\\\/euro-supply-chain-2025\\\/#primaryimage\"},\"thumbnailUrl\":\"https:\\\/\\\/www.conex.net\\\/fr\\\/wp-content\\\/uploads\\\/sites\\\/2\\\/2025\\\/05\\\/EuroSupplyChain2025.png\",\"datePublished\":\"2025-05-13T12:31:59+00:00\",\"dateModified\":\"2025-05-13T12:37:47+00:00\",\"description\":\"Rendez-vous le 12 juin au salon Euro Supply Chain \u00e0 Mulhouse Stand CONEX D-08 & conf\u00e9rence \u00e0 14 h 00\",\"breadcrumb\":{\"@id\":\"https:\\\/\\\/www.conex.net\\\/fr\\\/euro-supply-chain-2025\\\/#breadcrumb\"},\"inLanguage\":\"fr-FR\",\"potentialAction\":[{\"@type\":\"ReadAction\",\"target\":[\"https:\\\/\\\/www.conex.net\\\/fr\\\/euro-supply-chain-2025\\\/\"]}]},{\"@type\":\"ImageObject\",\"inLanguage\":\"fr-FR\",\"@id\":\"https:\\\/\\\/www.conex.net\\\/fr\\\/euro-supply-chain-2025\\\/#primaryimage\",\"url\":\"https:\\\/\\\/www.conex.net\\\/fr\\\/wp-content\\\/uploads\\\/sites\\\/2\\\/2025\\\/05\\\/EuroSupplyChain2025.png\",\"contentUrl\":\"https:\\\/\\\/www.conex.net\\\/fr\\\/wp-content\\\/uploads\\\/sites\\\/2\\\/2025\\\/05\\\/EuroSupplyChain2025.png\",\"width\":1667,\"height\":1670,\"caption\":\"Vous \u00eates pr\u00eats pour une douane plus rapide, plus fluide, plus strat\u00e9gique ? Nous vous montrons comment l\u2019intelligence artificielle devient un v\u00e9ritable levier de comp\u00e9titivit\u00e9 : \u2022 Classement tarifaire facilit\u00e9 \u2022 Automatisation des documents \u2022 Gain de temps et s\u00e9curisation des flux \u2022 Archivage conforme et intelligent\"},{\"@type\":\"BreadcrumbList\",\"@id\":\"https:\\\/\\\/www.conex.net\\\/fr\\\/euro-supply-chain-2025\\\/#breadcrumb\",\"itemListElement\":[{\"@type\":\"ListItem\",\"position\":1,\"name\":\"Accueil\",\"item\":\"https:\\\/\\\/www.conex.net\\\/fr\\\/\"},{\"@type\":\"ListItem\",\"position\":2,\"name\":\"Euro Supply Chain 2025\"}]},{\"@type\":\"WebSite\",\"@id\":\"https:\\\/\\\/www.conex.net\\\/fr\\\/#website\",\"url\":\"https:\\\/\\\/www.conex.net\\\/fr\\\/\",\"name\":\"Conex France\",\"description\":\"Your customs partner - CONEX FRANCE\",\"publisher\":{\"@id\":\"https:\\\/\\\/www.conex.net\\\/fr\\\/#organization\"},\"potentialAction\":[{\"@type\":\"SearchAction\",\"target\":{\"@type\":\"EntryPoint\",\"urlTemplate\":\"https:\\\/\\\/www.conex.net\\\/fr\\\/?s={search_term_string}\"},\"query-input\":{\"@type\":\"PropertyValueSpecification\",\"valueRequired\":true,\"valueName\":\"search_term_string\"}}],\"inLanguage\":\"fr-FR\"},{\"@type\":\"Organization\",\"@id\":\"https:\\\/\\\/www.conex.net\\\/fr\\\/#organization\",\"name\":\"CONEX SAS\",\"url\":\"https:\\\/\\\/www.conex.net\\\/fr\\\/\",\"logo\":{\"@type\":\"ImageObject\",\"inLanguage\":\"fr-FR\",\"@id\":\"https:\\\/\\\/www.conex.net\\\/fr\\\/#\\\/schema\\\/logo\\\/image\\\/\",\"url\":\"https:\\\/\\\/www.conex.net\\\/fr\\\/wp-content\\\/uploads\\\/sites\\\/2\\\/2018\\\/10\\\/logo-conex.png\",\"contentUrl\":\"https:\\\/\\\/www.conex.net\\\/fr\\\/wp-content\\\/uploads\\\/sites\\\/2\\\/2018\\\/10\\\/logo-conex.png\",\"width\":138,\"height\":49,\"caption\":\"CONEX SAS\"},\"image\":{\"@id\":\"https:\\\/\\\/www.conex.net\\\/fr\\\/#\\\/schema\\\/logo\\\/image\\\/\"}},{\"@type\":\"Person\",\"@id\":\"https:\\\/\\\/www.conex.net\\\/fr\\\/#\\\/schema\\\/person\\\/028dad5f0ba1e2df5f2e9760898dfba9\",\"name\":\"admin@conex-net\",\"image\":{\"@type\":\"ImageObject\",\"inLanguage\":\"fr-FR\",\"@id\":\"https:\\\/\\\/secure.gravatar.com\\\/avatar\\\/ec6ef48a65dc441c5b7eebc066d259e87a66b61b9e92ec24e1850aa972f92206?s=96&d=mm&r=g\",\"url\":\"https:\\\/\\\/secure.gravatar.com\\\/avatar\\\/ec6ef48a65dc441c5b7eebc066d259e87a66b61b9e92ec24e1850aa972f92206?s=96&d=mm&r=g\",\"contentUrl\":\"https:\\\/\\\/secure.gravatar.com\\\/avatar\\\/ec6ef48a65dc441c5b7eebc066d259e87a66b61b9e92ec24e1850aa972f92206?s=96&d=mm&r=g\",\"caption\":\"admin@conex-net\"},\"url\":\"https:\\\/\\\/www.conex.net\\\/fr\\\/author\\\/adminconex-net\\\/\"}]}<\/script>\n<!-- \/ Yoast SEO plugin. -->","yoast_head_json":{"title":"Euro Supply Chain 2025 - Conex France","description":"Rendez-vous le 12 juin au salon Euro Supply Chain \u00e0 Mulhouse Stand CONEX D-08 & conf\u00e9rence \u00e0 14 h 00","robots":{"index":"index","follow":"follow","max-snippet":"max-snippet:-1","max-image-preview":"max-image-preview:large","max-video-preview":"max-video-preview:-1"},"canonical":"https:\/\/www.conex.net\/fr\/euro-supply-chain-2025\/","og_locale":"fr_FR","og_type":"article","og_title":"Euro Supply Chain 2025 - Conex France","og_description":"Rendez-vous le 12 juin au salon Euro Supply Chain \u00e0 Mulhouse Stand CONEX D-08 & conf\u00e9rence \u00e0 14 h 00","og_url":"https:\/\/www.conex.net\/fr\/euro-supply-chain-2025\/","og_site_name":"Conex France","article_published_time":"2025-05-13T12:31:59+00:00","article_modified_time":"2025-05-13T12:37:47+00:00","og_image":[{"width":1667,"height":1670,"url":"https:\/\/www.conex.net\/fr\/wp-content\/uploads\/sites\/2\/2025\/05\/EuroSupplyChain2025.png","type":"image\/png"}],"author":"admin@conex-net","twitter_card":"summary_large_image","twitter_misc":{"\u00c9crit par":"admin@conex-net","Dur\u00e9e de lecture estim\u00e9e":"2 minutes"},"schema":{"@context":"https:\/\/schema.org","@graph":[{"@type":"Article","@id":"https:\/\/www.conex.net\/fr\/euro-supply-chain-2025\/#article","isPartOf":{"@id":"https:\/\/www.conex.net\/fr\/euro-supply-chain-2025\/"},"author":{"name":"admin@conex-net","@id":"https:\/\/www.conex.net\/fr\/#\/schema\/person\/028dad5f0ba1e2df5f2e9760898dfba9"},"headline":"Euro Supply Chain 2025","datePublished":"2025-05-13T12:31:59+00:00","dateModified":"2025-05-13T12:37:47+00:00","mainEntityOfPage":{"@id":"https:\/\/www.conex.net\/fr\/euro-supply-chain-2025\/"},"wordCount":182,"publisher":{"@id":"https:\/\/www.conex.net\/fr\/#organization"},"image":{"@id":"https:\/\/www.conex.net\/fr\/euro-supply-chain-2025\/#primaryimage"},"thumbnailUrl":"https:\/\/www.conex.net\/fr\/wp-content\/uploads\/sites\/2\/2025\/05\/EuroSupplyChain2025.png","articleSection":["\u00c9V\u00c9NEMENTS","NEWS"],"inLanguage":"fr-FR"},{"@type":"WebPage","@id":"https:\/\/www.conex.net\/fr\/euro-supply-chain-2025\/","url":"https:\/\/www.conex.net\/fr\/euro-supply-chain-2025\/","name":"Euro Supply Chain 2025 - Conex France","isPartOf":{"@id":"https:\/\/www.conex.net\/fr\/#website"},"primaryImageOfPage":{"@id":"https:\/\/www.conex.net\/fr\/euro-supply-chain-2025\/#primaryimage"},"image":{"@id":"https:\/\/www.conex.net\/fr\/euro-supply-chain-2025\/#primaryimage"},"thumbnailUrl":"https:\/\/www.conex.net\/fr\/wp-content\/uploads\/sites\/2\/2025\/05\/EuroSupplyChain2025.png","datePublished":"2025-05-13T12:31:59+00:00","dateModified":"2025-05-13T12:37:47+00:00","description":"Rendez-vous le 12 juin au salon Euro Supply Chain \u00e0 Mulhouse Stand CONEX D-08 & conf\u00e9rence \u00e0 14 h 00","breadcrumb":{"@id":"https:\/\/www.conex.net\/fr\/euro-supply-chain-2025\/#breadcrumb"},"inLanguage":"fr-FR","potentialAction":[{"@type":"ReadAction","target":["https:\/\/www.conex.net\/fr\/euro-supply-chain-2025\/"]}]},{"@type":"ImageObject","inLanguage":"fr-FR","@id":"https:\/\/www.conex.net\/fr\/euro-supply-chain-2025\/#primaryimage","url":"https:\/\/www.conex.net\/fr\/wp-content\/uploads\/sites\/2\/2025\/05\/EuroSupplyChain2025.png","contentUrl":"https:\/\/www.conex.net\/fr\/wp-content\/uploads\/sites\/2\/2025\/05\/EuroSupplyChain2025.png","width":1667,"height":1670,"caption":"Vous \u00eates pr\u00eats pour une douane plus rapide, plus fluide, plus strat\u00e9gique ? Nous vous montrons comment l\u2019intelligence artificielle devient un v\u00e9ritable levier de comp\u00e9titivit\u00e9 : \u2022 Classement tarifaire facilit\u00e9 \u2022 Automatisation des documents \u2022 Gain de temps et s\u00e9curisation des flux \u2022 Archivage conforme et intelligent"},{"@type":"BreadcrumbList","@id":"https:\/\/www.conex.net\/fr\/euro-supply-chain-2025\/#breadcrumb","itemListElement":[{"@type":"ListItem","position":1,"name":"Accueil","item":"https:\/\/www.conex.net\/fr\/"},{"@type":"ListItem","position":2,"name":"Euro Supply Chain 2025"}]},{"@type":"WebSite","@id":"https:\/\/www.conex.net\/fr\/#website","url":"https:\/\/www.conex.net\/fr\/","name":"Conex France","description":"Your customs partner - CONEX FRANCE","publisher":{"@id":"https:\/\/www.conex.net\/fr\/#organization"},"potentialAction":[{"@type":"SearchAction","target":{"@type":"EntryPoint","urlTemplate":"https:\/\/www.conex.net\/fr\/?s={search_term_string}"},"query-input":{"@type":"PropertyValueSpecification","valueRequired":true,"valueName":"search_term_string"}}],"inLanguage":"fr-FR"},{"@type":"Organization","@id":"https:\/\/www.conex.net\/fr\/#organization","name":"CONEX SAS","url":"https:\/\/www.conex.net\/fr\/","logo":{"@type":"ImageObject","inLanguage":"fr-FR","@id":"https:\/\/www.conex.net\/fr\/#\/schema\/logo\/image\/","url":"https:\/\/www.conex.net\/fr\/wp-content\/uploads\/sites\/2\/2018\/10\/logo-conex.png","contentUrl":"https:\/\/www.conex.net\/fr\/wp-content\/uploads\/sites\/2\/2018\/10\/logo-conex.png","width":138,"height":49,"caption":"CONEX SAS"},"image":{"@id":"https:\/\/www.conex.net\/fr\/#\/schema\/logo\/image\/"}},{"@type":"Person","@id":"https:\/\/www.conex.net\/fr\/#\/schema\/person\/028dad5f0ba1e2df5f2e9760898dfba9","name":"admin@conex-net","image":{"@type":"ImageObject","inLanguage":"fr-FR","@id":"https:\/\/secure.gravatar.com\/avatar\/ec6ef48a65dc441c5b7eebc066d259e87a66b61b9e92ec24e1850aa972f92206?s=96&d=mm&r=g","url":"https:\/\/secure.gravatar.com\/avatar\/ec6ef48a65dc441c5b7eebc066d259e87a66b61b9e92ec24e1850aa972f92206?s=96&d=mm&r=g","contentUrl":"https:\/\/secure.gravatar.com\/avatar\/ec6ef48a65dc441c5b7eebc066d259e87a66b61b9e92ec24e1850aa972f92206?s=96&d=mm&r=g","caption":"admin@conex-net"},"url":"https:\/\/www.conex.net\/fr\/author\/adminconex-net\/"}]}},"_links":{"self":[{"href":"https:\/\/www.conex.net\/fr\/wp-json\/wp\/v2\/posts\/10693","targetHints":{"allow":["GET"]}}],"collection":[{"href":"https:\/\/www.conex.net\/fr\/wp-json\/wp\/v2\/posts"}],"about":[{"href":"https:\/\/www.conex.net\/fr\/wp-json\/wp\/v2\/types\/post"}],"author":[{"embeddable":true,"href":"https:\/\/www.conex.net\/fr\/wp-json\/wp\/v2\/users\/1"}],"replies":[{"embeddable":true,"href":"https:\/\/www.conex.net\/fr\/wp-json\/wp\/v2\/comments?post=10693"}],"version-history":[{"count":2,"href":"https:\/\/www.conex.net\/fr\/wp-json\/wp\/v2\/posts\/10693\/revisions"}],"predecessor-version":[{"id":10696,"href":"https:\/\/www.conex.net\/fr\/wp-json\/wp\/v2\/posts\/10693\/revisions\/10696"}],"wp:featuredmedia":[{"embeddable":true,"href":"https:\/\/www.conex.net\/fr\/wp-json\/wp\/v2\/media\/10694"}],"wp:attachment":[{"href":"https:\/\/www.conex.net\/fr\/wp-json\/wp\/v2\/media?parent=10693"}],"wp:term":[{"taxonomy":"category","embeddable":true,"href":"https:\/\/www.conex.net\/fr\/wp-json\/wp\/v2\/categories?post=10693"},{"taxonomy":"post_tag","embeddable":true,"href":"https:\/\/www.conex.net\/fr\/wp-json\/wp\/v2\/tags?post=10693"},{"taxonomy":"sp_smart_badges","embeddable":true,"href":"https:\/\/www.conex.net\/fr\/wp-json\/wp\/v2\/sp_smart_badges?post=10693"}],"curies":[{"name":"wp","href":"https:\/\/api.w.org\/{rel}","templated":true}]}}