{"id":10894,"date":"2025-06-12T16:18:15","date_gmt":"2025-06-12T14:18:15","guid":{"rendered":"https:\/\/www.conex.net\/fr\/?p=10894"},"modified":"2025-07-17T16:22:13","modified_gmt":"2025-07-17T14:22:13","slug":"euro-supply-chain","status":"publish","type":"post","link":"https:\/\/www.conex.net\/fr\/euro-supply-chain\/","title":{"rendered":"Euro Supply Chain"},"content":{"rendered":"<div id=\"pl-10894\"  class=\"panel-layout\" ><div id=\"pg-10894-0\"  class=\"panel-grid panel-no-style\" ><div id=\"pgc-10894-0-0\"  class=\"panel-grid-cell\" ><div id=\"panel-10894-0-0-0\" class=\"so-panel widget widget_sow-editor panel-first-child panel-last-child\" data-index=\"0\" ><div\n\t\t\t\n\t\t\tclass=\"so-widget-sow-editor so-widget-sow-editor-base\"\n\t\t\t\n\t\t>\n<div class=\"siteorigin-widget-tinymce textwidget\">\n\t<p><a href=\"https:\/\/www.faq-logistique.com\/CP20250602-Euro-Supply-Chain-Selection-Innovations.htm\" target=\"_blank\" rel=\"noopener\"><img loading=\"lazy\" decoding=\"async\" class=\"alignleft size-medium wp-image-10895\" src=\"https:\/\/www.conex.net\/fr\/wp-content\/uploads\/sites\/2\/2025\/07\/euro-supplyChain-conex-300x201.png\" alt=\"Le salon professionnel Euro Supply Chain d\u00e9di\u00e9 au transport et \u00e0 la logistique qui se tient le 12 juin prochain au Parc des Expositions de Mulhouse, accueille cette ann\u00e9e une centaine d\u2019exposants et de partenaires aux profils vari\u00e9s et intervenant dans de nombreux domaines.\" width=\"300\" height=\"201\" srcset=\"https:\/\/www.conex.net\/fr\/wp-content\/uploads\/sites\/2\/2025\/07\/euro-supplyChain-conex-300x201.png 300w, https:\/\/www.conex.net\/fr\/wp-content\/uploads\/sites\/2\/2025\/07\/euro-supplyChain-conex-272x182.png 272w, https:\/\/www.conex.net\/fr\/wp-content\/uploads\/sites\/2\/2025\/07\/euro-supplyChain-conex.png 567w\" sizes=\"auto, (max-width: 300px) 100vw, 300px\" \/><\/a><\/p>\n<h4 class=\"doss-tit\"><strong>Le salon professionnel Euro Supply Chain d\u00e9di\u00e9 au transport et \u00e0 la logistique qui se tient le 12 juin prochain au Parc des Expositions de Mulhouse, accueille cette ann\u00e9e une centaine d\u2019exposants et de partenaires aux profils vari\u00e9s et intervenant dans de nombreux domaines.<\/strong><\/h4>\n<div id=\"single-intro\" class=\"entry-content post-intro grid-3 full\">\n<p><strong>CONEX<\/strong>\u00a0(stand D08), groupe partenaire des op\u00e9rateurs \u00e9conomiques pour la gestion de leurs d\u00e9clarations douani\u00e8res et s\u00e9curitaires, pr\u00e9sente la version plus avanc\u00e9e de sa plateforme collaborative internationale ZEN qui d\u00e9sormais int\u00e8gre l\u2019IA.<br \/>\nSon agent intelligent de Document Understanding d\u00e9code, classe, v\u00e9rifie et analyse les diff\u00e9rents documents avec une vitesse et une pr\u00e9cision in\u00e9dites. Il transforme le chaos documentaire en un flux de donn\u00e9es parfaitement structur\u00e9, imm\u00e9diatement op\u00e9rationnel pour le d\u00e9douanement.<\/p>\n<p data-pm-slice=\"1 1 []\">\n<\/div>\n<div class=\"entry-header\">\n<div class=\"jeg_meta_container\">\n<div class=\"jeg_post_meta jeg_post_meta_1\">\n<div class=\"meta_left\">\n<h4 class=\"jeg_meta_author\"><strong><span style=\"color: #333333;\"><a style=\"color: #333333;\" href=\"https:\/\/www.faq-logistique.com\/CP20250602-Euro-Supply-Chain-Selection-Innovations.htm\" target=\"_blank\" rel=\"noopener\">\u00a0&gt;&gt;&gt; lire l'article<\/a><\/span><\/strong><\/h4>\n<div class=\"jeg_meta_reading_time\"><\/div>\n<\/div>\n<div class=\"meta_right\"><\/div>\n<\/div>\n<\/div>\n<\/div>\n<div class=\"jeg_featured featured_image \"><\/div>\n<\/div>\n<\/div><\/div><\/div><\/div><\/div>","protected":false},"excerpt":{"rendered":"<p>Le salon professionnel Euro Supply Chain d\u00e9di\u00e9 au transport et \u00e0 la logistique qui se tient le 12 juin prochain au Parc des Expositions de Mulhouse, accueille cette ann\u00e9e une centaine d\u2019exposants et de partenaires aux profils vari\u00e9s et intervenant dans de nombreux domaines. CONEX\u00a0(stand D08), groupe partenaire des op\u00e9rateurs \u00e9conomiques pour la gestion de leurs d\u00e9clarations douani\u00e8res et s\u00e9curitaires, pr\u00e9sente la version plus avanc\u00e9e de sa plateforme collaborative internationale ZEN qui d\u00e9sormais int\u00e8gre l\u2019IA. [&hellip;]<\/p>\n","protected":false},"author":1,"featured_media":10895,"comment_status":"closed","ping_status":"open","sticky":false,"template":"","format":"standard","meta":{"footnotes":""},"categories":[159,1],"tags":[],"sp_smart_badges":[],"class_list":["post-10894","post","type-post","status-publish","format-standard","has-post-thumbnail","hentry","category-evenements","category-non-classe"],"yoast_head":"<!-- This site is optimized with the Yoast SEO plugin v27.5 - https:\/\/yoast.com\/product\/yoast-seo-wordpress\/ -->\n<title>Euro Supply Chain - Conex France<\/title>\n<meta name=\"description\" content=\"Le salon professionnel Euro Supply Chain d\u00e9di\u00e9 au transport et \u00e0 la logistique qui se tient le 12 juin prochain au Parc des Expositions de Mulhouse, accueille cette ann\u00e9e une centaine d\u2019exposants et de partenaires aux profils vari\u00e9s et intervenant dans de nombreux domaines.\" \/>\n<meta name=\"robots\" content=\"index, follow, max-snippet:-1, max-image-preview:large, max-video-preview:-1\" \/>\n<link rel=\"canonical\" href=\"https:\/\/www.conex.net\/fr\/euro-supply-chain\/\" \/>\n<meta property=\"og:locale\" content=\"fr_FR\" \/>\n<meta property=\"og:type\" content=\"article\" \/>\n<meta property=\"og:title\" content=\"Euro Supply Chain - Conex France\" \/>\n<meta property=\"og:description\" content=\"Le salon professionnel Euro Supply Chain d\u00e9di\u00e9 au transport et \u00e0 la logistique qui se tient le 12 juin prochain au Parc des Expositions de Mulhouse, accueille cette ann\u00e9e une centaine d\u2019exposants et de partenaires aux profils vari\u00e9s et intervenant dans de nombreux domaines.\" \/>\n<meta property=\"og:url\" content=\"https:\/\/www.conex.net\/fr\/euro-supply-chain\/\" \/>\n<meta property=\"og:site_name\" content=\"Conex France\" \/>\n<meta property=\"article:published_time\" content=\"2025-06-12T14:18:15+00:00\" \/>\n<meta property=\"article:modified_time\" content=\"2025-07-17T14:22:13+00:00\" \/>\n<meta property=\"og:image\" content=\"https:\/\/www.conex.net\/fr\/wp-content\/uploads\/sites\/2\/2025\/07\/euro-supplyChain-conex.png\" \/>\n\t<meta property=\"og:image:width\" content=\"567\" \/>\n\t<meta property=\"og:image:height\" content=\"380\" \/>\n\t<meta property=\"og:image:type\" content=\"image\/png\" \/>\n<meta name=\"author\" content=\"admin@conex-net\" \/>\n<meta name=\"twitter:card\" content=\"summary_large_image\" \/>\n<meta name=\"twitter:label1\" content=\"\u00c9crit par\" \/>\n\t<meta name=\"twitter:data1\" content=\"admin@conex-net\" \/>\n\t<meta name=\"twitter:label2\" content=\"Dur\u00e9e de lecture estim\u00e9e\" \/>\n\t<meta name=\"twitter:data2\" content=\"1 minute\" \/>\n<script type=\"application\/ld+json\" class=\"yoast-schema-graph\">{\"@context\":\"https:\\\/\\\/schema.org\",\"@graph\":[{\"@type\":\"Article\",\"@id\":\"https:\\\/\\\/www.conex.net\\\/fr\\\/euro-supply-chain\\\/#article\",\"isPartOf\":{\"@id\":\"https:\\\/\\\/www.conex.net\\\/fr\\\/euro-supply-chain\\\/\"},\"author\":{\"name\":\"admin@conex-net\",\"@id\":\"https:\\\/\\\/www.conex.net\\\/fr\\\/#\\\/schema\\\/person\\\/028dad5f0ba1e2df5f2e9760898dfba9\"},\"headline\":\"Euro Supply Chain\",\"datePublished\":\"2025-06-12T14:18:15+00:00\",\"dateModified\":\"2025-07-17T14:22:13+00:00\",\"mainEntityOfPage\":{\"@id\":\"https:\\\/\\\/www.conex.net\\\/fr\\\/euro-supply-chain\\\/\"},\"wordCount\":142,\"publisher\":{\"@id\":\"https:\\\/\\\/www.conex.net\\\/fr\\\/#organization\"},\"image\":{\"@id\":\"https:\\\/\\\/www.conex.net\\\/fr\\\/euro-supply-chain\\\/#primaryimage\"},\"thumbnailUrl\":\"https:\\\/\\\/www.conex.net\\\/fr\\\/wp-content\\\/uploads\\\/sites\\\/2\\\/2025\\\/07\\\/euro-supplyChain-conex.png\",\"articleSection\":[\"\u00c9V\u00c9NEMENTS\"],\"inLanguage\":\"fr-FR\"},{\"@type\":\"WebPage\",\"@id\":\"https:\\\/\\\/www.conex.net\\\/fr\\\/euro-supply-chain\\\/\",\"url\":\"https:\\\/\\\/www.conex.net\\\/fr\\\/euro-supply-chain\\\/\",\"name\":\"Euro Supply Chain - Conex France\",\"isPartOf\":{\"@id\":\"https:\\\/\\\/www.conex.net\\\/fr\\\/#website\"},\"primaryImageOfPage\":{\"@id\":\"https:\\\/\\\/www.conex.net\\\/fr\\\/euro-supply-chain\\\/#primaryimage\"},\"image\":{\"@id\":\"https:\\\/\\\/www.conex.net\\\/fr\\\/euro-supply-chain\\\/#primaryimage\"},\"thumbnailUrl\":\"https:\\\/\\\/www.conex.net\\\/fr\\\/wp-content\\\/uploads\\\/sites\\\/2\\\/2025\\\/07\\\/euro-supplyChain-conex.png\",\"datePublished\":\"2025-06-12T14:18:15+00:00\",\"dateModified\":\"2025-07-17T14:22:13+00:00\",\"description\":\"Le salon professionnel Euro Supply Chain d\u00e9di\u00e9 au transport et \u00e0 la logistique qui se tient le 12 juin prochain au Parc des Expositions de Mulhouse, accueille cette ann\u00e9e une centaine d\u2019exposants et de partenaires aux profils vari\u00e9s et intervenant dans de nombreux domaines.\",\"breadcrumb\":{\"@id\":\"https:\\\/\\\/www.conex.net\\\/fr\\\/euro-supply-chain\\\/#breadcrumb\"},\"inLanguage\":\"fr-FR\",\"potentialAction\":[{\"@type\":\"ReadAction\",\"target\":[\"https:\\\/\\\/www.conex.net\\\/fr\\\/euro-supply-chain\\\/\"]}]},{\"@type\":\"ImageObject\",\"inLanguage\":\"fr-FR\",\"@id\":\"https:\\\/\\\/www.conex.net\\\/fr\\\/euro-supply-chain\\\/#primaryimage\",\"url\":\"https:\\\/\\\/www.conex.net\\\/fr\\\/wp-content\\\/uploads\\\/sites\\\/2\\\/2025\\\/07\\\/euro-supplyChain-conex.png\",\"contentUrl\":\"https:\\\/\\\/www.conex.net\\\/fr\\\/wp-content\\\/uploads\\\/sites\\\/2\\\/2025\\\/07\\\/euro-supplyChain-conex.png\",\"width\":567,\"height\":380,\"caption\":\"Le salon professionnel Euro Supply Chain d\u00e9di\u00e9 au transport et \u00e0 la logistique qui se tient le 12 juin prochain au Parc des Expositions de Mulhouse, accueille cette ann\u00e9e une centaine d\u2019exposants et de partenaires aux profils vari\u00e9s et intervenant dans de nombreux domaines.\"},{\"@type\":\"BreadcrumbList\",\"@id\":\"https:\\\/\\\/www.conex.net\\\/fr\\\/euro-supply-chain\\\/#breadcrumb\",\"itemListElement\":[{\"@type\":\"ListItem\",\"position\":1,\"name\":\"Accueil\",\"item\":\"https:\\\/\\\/www.conex.net\\\/fr\\\/\"},{\"@type\":\"ListItem\",\"position\":2,\"name\":\"Euro Supply Chain\"}]},{\"@type\":\"WebSite\",\"@id\":\"https:\\\/\\\/www.conex.net\\\/fr\\\/#website\",\"url\":\"https:\\\/\\\/www.conex.net\\\/fr\\\/\",\"name\":\"Conex France\",\"description\":\"Your customs partner - CONEX FRANCE\",\"publisher\":{\"@id\":\"https:\\\/\\\/www.conex.net\\\/fr\\\/#organization\"},\"potentialAction\":[{\"@type\":\"SearchAction\",\"target\":{\"@type\":\"EntryPoint\",\"urlTemplate\":\"https:\\\/\\\/www.conex.net\\\/fr\\\/?s={search_term_string}\"},\"query-input\":{\"@type\":\"PropertyValueSpecification\",\"valueRequired\":true,\"valueName\":\"search_term_string\"}}],\"inLanguage\":\"fr-FR\"},{\"@type\":\"Organization\",\"@id\":\"https:\\\/\\\/www.conex.net\\\/fr\\\/#organization\",\"name\":\"CONEX SAS\",\"url\":\"https:\\\/\\\/www.conex.net\\\/fr\\\/\",\"logo\":{\"@type\":\"ImageObject\",\"inLanguage\":\"fr-FR\",\"@id\":\"https:\\\/\\\/www.conex.net\\\/fr\\\/#\\\/schema\\\/logo\\\/image\\\/\",\"url\":\"https:\\\/\\\/www.conex.net\\\/fr\\\/wp-content\\\/uploads\\\/sites\\\/2\\\/2018\\\/10\\\/logo-conex.png\",\"contentUrl\":\"https:\\\/\\\/www.conex.net\\\/fr\\\/wp-content\\\/uploads\\\/sites\\\/2\\\/2018\\\/10\\\/logo-conex.png\",\"width\":138,\"height\":49,\"caption\":\"CONEX SAS\"},\"image\":{\"@id\":\"https:\\\/\\\/www.conex.net\\\/fr\\\/#\\\/schema\\\/logo\\\/image\\\/\"}},{\"@type\":\"Person\",\"@id\":\"https:\\\/\\\/www.conex.net\\\/fr\\\/#\\\/schema\\\/person\\\/028dad5f0ba1e2df5f2e9760898dfba9\",\"name\":\"admin@conex-net\",\"image\":{\"@type\":\"ImageObject\",\"inLanguage\":\"fr-FR\",\"@id\":\"https:\\\/\\\/secure.gravatar.com\\\/avatar\\\/ec6ef48a65dc441c5b7eebc066d259e87a66b61b9e92ec24e1850aa972f92206?s=96&d=mm&r=g\",\"url\":\"https:\\\/\\\/secure.gravatar.com\\\/avatar\\\/ec6ef48a65dc441c5b7eebc066d259e87a66b61b9e92ec24e1850aa972f92206?s=96&d=mm&r=g\",\"contentUrl\":\"https:\\\/\\\/secure.gravatar.com\\\/avatar\\\/ec6ef48a65dc441c5b7eebc066d259e87a66b61b9e92ec24e1850aa972f92206?s=96&d=mm&r=g\",\"caption\":\"admin@conex-net\"},\"url\":\"https:\\\/\\\/www.conex.net\\\/fr\\\/author\\\/adminconex-net\\\/\"}]}<\/script>\n<!-- \/ Yoast SEO plugin. -->","yoast_head_json":{"title":"Euro Supply Chain - Conex France","description":"Le salon professionnel Euro Supply Chain d\u00e9di\u00e9 au transport et \u00e0 la logistique qui se tient le 12 juin prochain au Parc des Expositions de Mulhouse, accueille cette ann\u00e9e une centaine d\u2019exposants et de partenaires aux profils vari\u00e9s et intervenant dans de nombreux domaines.","robots":{"index":"index","follow":"follow","max-snippet":"max-snippet:-1","max-image-preview":"max-image-preview:large","max-video-preview":"max-video-preview:-1"},"canonical":"https:\/\/www.conex.net\/fr\/euro-supply-chain\/","og_locale":"fr_FR","og_type":"article","og_title":"Euro Supply Chain - Conex France","og_description":"Le salon professionnel Euro Supply Chain d\u00e9di\u00e9 au transport et \u00e0 la logistique qui se tient le 12 juin prochain au Parc des Expositions de Mulhouse, accueille cette ann\u00e9e une centaine d\u2019exposants et de partenaires aux profils vari\u00e9s et intervenant dans de nombreux domaines.","og_url":"https:\/\/www.conex.net\/fr\/euro-supply-chain\/","og_site_name":"Conex France","article_published_time":"2025-06-12T14:18:15+00:00","article_modified_time":"2025-07-17T14:22:13+00:00","og_image":[{"width":567,"height":380,"url":"https:\/\/www.conex.net\/fr\/wp-content\/uploads\/sites\/2\/2025\/07\/euro-supplyChain-conex.png","type":"image\/png"}],"author":"admin@conex-net","twitter_card":"summary_large_image","twitter_misc":{"\u00c9crit par":"admin@conex-net","Dur\u00e9e de lecture estim\u00e9e":"1 minute"},"schema":{"@context":"https:\/\/schema.org","@graph":[{"@type":"Article","@id":"https:\/\/www.conex.net\/fr\/euro-supply-chain\/#article","isPartOf":{"@id":"https:\/\/www.conex.net\/fr\/euro-supply-chain\/"},"author":{"name":"admin@conex-net","@id":"https:\/\/www.conex.net\/fr\/#\/schema\/person\/028dad5f0ba1e2df5f2e9760898dfba9"},"headline":"Euro Supply Chain","datePublished":"2025-06-12T14:18:15+00:00","dateModified":"2025-07-17T14:22:13+00:00","mainEntityOfPage":{"@id":"https:\/\/www.conex.net\/fr\/euro-supply-chain\/"},"wordCount":142,"publisher":{"@id":"https:\/\/www.conex.net\/fr\/#organization"},"image":{"@id":"https:\/\/www.conex.net\/fr\/euro-supply-chain\/#primaryimage"},"thumbnailUrl":"https:\/\/www.conex.net\/fr\/wp-content\/uploads\/sites\/2\/2025\/07\/euro-supplyChain-conex.png","articleSection":["\u00c9V\u00c9NEMENTS"],"inLanguage":"fr-FR"},{"@type":"WebPage","@id":"https:\/\/www.conex.net\/fr\/euro-supply-chain\/","url":"https:\/\/www.conex.net\/fr\/euro-supply-chain\/","name":"Euro Supply Chain - Conex France","isPartOf":{"@id":"https:\/\/www.conex.net\/fr\/#website"},"primaryImageOfPage":{"@id":"https:\/\/www.conex.net\/fr\/euro-supply-chain\/#primaryimage"},"image":{"@id":"https:\/\/www.conex.net\/fr\/euro-supply-chain\/#primaryimage"},"thumbnailUrl":"https:\/\/www.conex.net\/fr\/wp-content\/uploads\/sites\/2\/2025\/07\/euro-supplyChain-conex.png","datePublished":"2025-06-12T14:18:15+00:00","dateModified":"2025-07-17T14:22:13+00:00","description":"Le salon professionnel Euro Supply Chain d\u00e9di\u00e9 au transport et \u00e0 la logistique qui se tient le 12 juin prochain au Parc des Expositions de Mulhouse, accueille cette ann\u00e9e une centaine d\u2019exposants et de partenaires aux profils vari\u00e9s et intervenant dans de nombreux domaines.","breadcrumb":{"@id":"https:\/\/www.conex.net\/fr\/euro-supply-chain\/#breadcrumb"},"inLanguage":"fr-FR","potentialAction":[{"@type":"ReadAction","target":["https:\/\/www.conex.net\/fr\/euro-supply-chain\/"]}]},{"@type":"ImageObject","inLanguage":"fr-FR","@id":"https:\/\/www.conex.net\/fr\/euro-supply-chain\/#primaryimage","url":"https:\/\/www.conex.net\/fr\/wp-content\/uploads\/sites\/2\/2025\/07\/euro-supplyChain-conex.png","contentUrl":"https:\/\/www.conex.net\/fr\/wp-content\/uploads\/sites\/2\/2025\/07\/euro-supplyChain-conex.png","width":567,"height":380,"caption":"Le salon professionnel Euro Supply Chain d\u00e9di\u00e9 au transport et \u00e0 la logistique qui se tient le 12 juin prochain au Parc des Expositions de Mulhouse, accueille cette ann\u00e9e une centaine d\u2019exposants et de partenaires aux profils vari\u00e9s et intervenant dans de nombreux domaines."},{"@type":"BreadcrumbList","@id":"https:\/\/www.conex.net\/fr\/euro-supply-chain\/#breadcrumb","itemListElement":[{"@type":"ListItem","position":1,"name":"Accueil","item":"https:\/\/www.conex.net\/fr\/"},{"@type":"ListItem","position":2,"name":"Euro Supply Chain"}]},{"@type":"WebSite","@id":"https:\/\/www.conex.net\/fr\/#website","url":"https:\/\/www.conex.net\/fr\/","name":"Conex France","description":"Your customs partner - CONEX FRANCE","publisher":{"@id":"https:\/\/www.conex.net\/fr\/#organization"},"potentialAction":[{"@type":"SearchAction","target":{"@type":"EntryPoint","urlTemplate":"https:\/\/www.conex.net\/fr\/?s={search_term_string}"},"query-input":{"@type":"PropertyValueSpecification","valueRequired":true,"valueName":"search_term_string"}}],"inLanguage":"fr-FR"},{"@type":"Organization","@id":"https:\/\/www.conex.net\/fr\/#organization","name":"CONEX SAS","url":"https:\/\/www.conex.net\/fr\/","logo":{"@type":"ImageObject","inLanguage":"fr-FR","@id":"https:\/\/www.conex.net\/fr\/#\/schema\/logo\/image\/","url":"https:\/\/www.conex.net\/fr\/wp-content\/uploads\/sites\/2\/2018\/10\/logo-conex.png","contentUrl":"https:\/\/www.conex.net\/fr\/wp-content\/uploads\/sites\/2\/2018\/10\/logo-conex.png","width":138,"height":49,"caption":"CONEX SAS"},"image":{"@id":"https:\/\/www.conex.net\/fr\/#\/schema\/logo\/image\/"}},{"@type":"Person","@id":"https:\/\/www.conex.net\/fr\/#\/schema\/person\/028dad5f0ba1e2df5f2e9760898dfba9","name":"admin@conex-net","image":{"@type":"ImageObject","inLanguage":"fr-FR","@id":"https:\/\/secure.gravatar.com\/avatar\/ec6ef48a65dc441c5b7eebc066d259e87a66b61b9e92ec24e1850aa972f92206?s=96&d=mm&r=g","url":"https:\/\/secure.gravatar.com\/avatar\/ec6ef48a65dc441c5b7eebc066d259e87a66b61b9e92ec24e1850aa972f92206?s=96&d=mm&r=g","contentUrl":"https:\/\/secure.gravatar.com\/avatar\/ec6ef48a65dc441c5b7eebc066d259e87a66b61b9e92ec24e1850aa972f92206?s=96&d=mm&r=g","caption":"admin@conex-net"},"url":"https:\/\/www.conex.net\/fr\/author\/adminconex-net\/"}]}},"_links":{"self":[{"href":"https:\/\/www.conex.net\/fr\/wp-json\/wp\/v2\/posts\/10894","targetHints":{"allow":["GET"]}}],"collection":[{"href":"https:\/\/www.conex.net\/fr\/wp-json\/wp\/v2\/posts"}],"about":[{"href":"https:\/\/www.conex.net\/fr\/wp-json\/wp\/v2\/types\/post"}],"author":[{"embeddable":true,"href":"https:\/\/www.conex.net\/fr\/wp-json\/wp\/v2\/users\/1"}],"replies":[{"embeddable":true,"href":"https:\/\/www.conex.net\/fr\/wp-json\/wp\/v2\/comments?post=10894"}],"version-history":[{"count":1,"href":"https:\/\/www.conex.net\/fr\/wp-json\/wp\/v2\/posts\/10894\/revisions"}],"predecessor-version":[{"id":10896,"href":"https:\/\/www.conex.net\/fr\/wp-json\/wp\/v2\/posts\/10894\/revisions\/10896"}],"wp:featuredmedia":[{"embeddable":true,"href":"https:\/\/www.conex.net\/fr\/wp-json\/wp\/v2\/media\/10895"}],"wp:attachment":[{"href":"https:\/\/www.conex.net\/fr\/wp-json\/wp\/v2\/media?parent=10894"}],"wp:term":[{"taxonomy":"category","embeddable":true,"href":"https:\/\/www.conex.net\/fr\/wp-json\/wp\/v2\/categories?post=10894"},{"taxonomy":"post_tag","embeddable":true,"href":"https:\/\/www.conex.net\/fr\/wp-json\/wp\/v2\/tags?post=10894"},{"taxonomy":"sp_smart_badges","embeddable":true,"href":"https:\/\/www.conex.net\/fr\/wp-json\/wp\/v2\/sp_smart_badges?post=10894"}],"curies":[{"name":"wp","href":"https:\/\/api.w.org\/{rel}","templated":true}]}}