{"id":10900,"date":"2025-04-15T16:31:35","date_gmt":"2025-04-15T14:31:35","guid":{"rendered":"https:\/\/www.conex.net\/fr\/?p=10900"},"modified":"2025-07-17T17:22:08","modified_gmt":"2025-07-17T15:22:08","slug":"euro-supply-chain-se-penche-sur-lia","status":"publish","type":"post","link":"https:\/\/www.conex.net\/fr\/euro-supply-chain-se-penche-sur-lia\/","title":{"rendered":"Euro Supply Chain se penche sur l\u2019IA"},"content":{"rendered":"<div id=\"pl-10900\"  class=\"panel-layout\" ><div id=\"pg-10900-0\"  class=\"panel-grid panel-no-style\" ><div id=\"pgc-10900-0-0\"  class=\"panel-grid-cell\" ><div id=\"panel-10900-0-0-0\" class=\"so-panel widget widget_sow-editor panel-first-child panel-last-child\" data-index=\"0\" ><div\n\t\t\t\n\t\t\tclass=\"so-widget-sow-editor so-widget-sow-editor-base\"\n\t\t\t\n\t\t>\n<div class=\"siteorigin-widget-tinymce textwidget\">\n\t<h3><a href=\"https:\/\/www.gpomag.fr\/la-4eme-edition-deuro-supply-chain-se-penche-sur-lia-comme-levier-pour-optimiser-et-repenser-le-transport-et-la-logistiqhttps:\/\/www.gpomag.fr\/la-4eme-edition-deuro-supply-chain-se-penche-sur-lia-comme-levier-pour-optimiser-et-repenser-le-transport-et-la-logistique\/ue\/\" target=\"_blank\" rel=\"noopener\"><img loading=\"lazy\" decoding=\"async\" class=\"alignleft size-medium wp-image-10898\" src=\"https:\/\/www.conex.net\/fr\/wp-content\/uploads\/sites\/2\/2025\/07\/DOCauFutur-300x201.png\" alt=\"Le d\u00e9douanement d\u00e9mat\u00e9rialis\u00e9 : comment la digitalisation transforme le commerce international\" width=\"300\" height=\"201\" srcset=\"https:\/\/www.conex.net\/fr\/wp-content\/uploads\/sites\/2\/2025\/07\/DOCauFutur-300x201.png 300w, https:\/\/www.conex.net\/fr\/wp-content\/uploads\/sites\/2\/2025\/07\/DOCauFutur-272x182.png 272w, https:\/\/www.conex.net\/fr\/wp-content\/uploads\/sites\/2\/2025\/07\/DOCauFutur.png 567w\" sizes=\"auto, (max-width: 300px) 100vw, 300px\" \/><\/a><span style=\"color: #cf0000;\">La 4\u00e8me \u00e9dition d\u2019Euro Supply Chain se penche sur l\u2019IA comme levier pour optimiser et repenser le transport et la logistique<\/span><\/h3>\n<p><span style=\"color: #333333;\"><strong>Le salon professionnel Euro Supply Chain qui ouvre ses portes les 12 juin 2025 \u00e0 Mulhouse s\u2019attache chaque ann\u00e9e \u00e0 nourrir les r\u00e9flexions de ses +1000 visiteurs sur les grandes probl\u00e9matiques business qui animent l\u2019\u00e9cosyst\u00e8me du transport et de la logistique. Parmi les th\u00e8mes phares de cette ann\u00e9e\u00a0: l\u2019intelligence artificielle.<\/strong><\/span><\/p>\n<p><span style=\"color: #333333;\">Transformant profond\u00e9ment le secteur du transport et de la logistique, l\u2019IA ne cesse d\u2019en acc\u00e9l\u00e9rer l\u2019efficacit\u00e9 tant ses cas d\u2019applications sont nombreux\u00a0: gestion des stocks intelligente, optimisation de la gestion des commandes, optimisation des itin\u00e9raires, transport multimodal, d\u00e9carbonation de la chaine logistique-transport, maintenance pr\u00e9dictive, entrep\u00f4t connect\u00e9, robotisation, etc. Mais entre mythe et r\u00e9alit\u00e9, comment en tirer le meilleur parti\u00a0?<\/span><\/p>\n<div class=\"entry-header\">\n<div class=\"jeg_meta_container\">\n<div class=\"jeg_post_meta jeg_post_meta_1\">\n<div class=\"meta_left\">\n<h4 class=\"jeg_meta_author\"><strong><span style=\"color: #333333;\"><a style=\"color: #333333;\" href=\"https:\/\/www.gpomag.fr\/la-4eme-edition-deuro-supply-chain-se-penche-sur-lia-comme-levier-pour-optimiser-et-repenser-le-transport-et-la-logistique\/\" target=\"_blank\" rel=\"noopener\">\u00a0&gt;&gt;&gt; lire l'article<\/a><\/span><\/strong><\/h4>\n<div class=\"jeg_meta_reading_time\"><\/div>\n<\/div>\n<div class=\"meta_right\"><\/div>\n<\/div>\n<\/div>\n<\/div>\n<div class=\"jeg_featured featured_image \"><\/div>\n<\/div>\n<\/div><\/div><\/div><\/div><\/div>","protected":false},"excerpt":{"rendered":"<p>La 4\u00e8me \u00e9dition d\u2019Euro Supply Chain se penche sur l\u2019IA comme levier pour optimiser et repenser le transport et la logistique Le salon professionnel Euro Supply Chain qui ouvre ses portes les 12 juin 2025 \u00e0 Mulhouse s\u2019attache chaque ann\u00e9e \u00e0 nourrir les r\u00e9flexions de ses +1000 visiteurs sur les grandes probl\u00e9matiques business qui animent l\u2019\u00e9cosyst\u00e8me du transport et de la logistique. Parmi les th\u00e8mes phares de cette ann\u00e9e\u00a0: l\u2019intelligence artificielle. Transformant profond\u00e9ment le secteur [&hellip;]<\/p>\n","protected":false},"author":1,"featured_media":10901,"comment_status":"closed","ping_status":"open","sticky":false,"template":"","format":"standard","meta":{"footnotes":""},"categories":[159,1,234],"tags":[],"sp_smart_badges":[],"class_list":["post-10900","post","type-post","status-publish","format-standard","has-post-thumbnail","hentry","category-evenements","category-non-classe","category-pressroom"],"yoast_head":"<!-- This site is optimized with the Yoast SEO plugin v27.5 - https:\/\/yoast.com\/product\/yoast-seo-wordpress\/ -->\n<title>Euro Supply Chain se penche sur l\u2019IA - Conex France<\/title>\n<meta name=\"description\" content=\"Le salon professionnel Euro Supply Chain qui ouvre ses portes les 12 juin 2025 \u00e0 Mulhouse s\u2019attache chaque ann\u00e9e \u00e0 nourrir les r\u00e9flexions de ses +1000 visiteurs sur les grandes probl\u00e9matiques business qui animent l\u2019\u00e9cosyst\u00e8me du transport et de la logistique. Parmi les th\u00e8mes phares de cette ann\u00e9e : l\u2019intelligence artificielle.\" \/>\n<meta name=\"robots\" content=\"index, follow, max-snippet:-1, max-image-preview:large, max-video-preview:-1\" \/>\n<link rel=\"canonical\" href=\"https:\/\/www.conex.net\/fr\/euro-supply-chain-se-penche-sur-lia\/\" \/>\n<meta property=\"og:locale\" content=\"fr_FR\" \/>\n<meta property=\"og:type\" content=\"article\" \/>\n<meta property=\"og:title\" content=\"Euro Supply Chain se penche sur l\u2019IA - Conex France\" \/>\n<meta property=\"og:description\" content=\"Le salon professionnel Euro Supply Chain qui ouvre ses portes les 12 juin 2025 \u00e0 Mulhouse s\u2019attache chaque ann\u00e9e \u00e0 nourrir les r\u00e9flexions de ses +1000 visiteurs sur les grandes probl\u00e9matiques business qui animent l\u2019\u00e9cosyst\u00e8me du transport et de la logistique. Parmi les th\u00e8mes phares de cette ann\u00e9e : l\u2019intelligence artificielle.\" \/>\n<meta property=\"og:url\" content=\"https:\/\/www.conex.net\/fr\/euro-supply-chain-se-penche-sur-lia\/\" \/>\n<meta property=\"og:site_name\" content=\"Conex France\" \/>\n<meta property=\"article:published_time\" content=\"2025-04-15T14:31:35+00:00\" \/>\n<meta property=\"article:modified_time\" content=\"2025-07-17T15:22:08+00:00\" \/>\n<meta property=\"og:image\" content=\"https:\/\/www.conex.net\/fr\/wp-content\/uploads\/sites\/2\/2025\/07\/GPO.FR-eurosupplychain.png\" \/>\n\t<meta property=\"og:image:width\" content=\"567\" \/>\n\t<meta property=\"og:image:height\" content=\"380\" \/>\n\t<meta property=\"og:image:type\" content=\"image\/png\" \/>\n<meta name=\"author\" content=\"admin@conex-net\" \/>\n<meta name=\"twitter:card\" content=\"summary_large_image\" \/>\n<meta name=\"twitter:label1\" content=\"\u00c9crit par\" \/>\n\t<meta name=\"twitter:data1\" content=\"admin@conex-net\" \/>\n\t<meta name=\"twitter:label2\" content=\"Dur\u00e9e de lecture estim\u00e9e\" \/>\n\t<meta name=\"twitter:data2\" content=\"2 minutes\" \/>\n<script type=\"application\/ld+json\" class=\"yoast-schema-graph\">{\"@context\":\"https:\\\/\\\/schema.org\",\"@graph\":[{\"@type\":\"Article\",\"@id\":\"https:\\\/\\\/www.conex.net\\\/fr\\\/euro-supply-chain-se-penche-sur-lia\\\/#article\",\"isPartOf\":{\"@id\":\"https:\\\/\\\/www.conex.net\\\/fr\\\/euro-supply-chain-se-penche-sur-lia\\\/\"},\"author\":{\"name\":\"admin@conex-net\",\"@id\":\"https:\\\/\\\/www.conex.net\\\/fr\\\/#\\\/schema\\\/person\\\/028dad5f0ba1e2df5f2e9760898dfba9\"},\"headline\":\"Euro Supply Chain se penche sur l\u2019IA\",\"datePublished\":\"2025-04-15T14:31:35+00:00\",\"dateModified\":\"2025-07-17T15:22:08+00:00\",\"mainEntityOfPage\":{\"@id\":\"https:\\\/\\\/www.conex.net\\\/fr\\\/euro-supply-chain-se-penche-sur-lia\\\/\"},\"wordCount\":161,\"publisher\":{\"@id\":\"https:\\\/\\\/www.conex.net\\\/fr\\\/#organization\"},\"image\":{\"@id\":\"https:\\\/\\\/www.conex.net\\\/fr\\\/euro-supply-chain-se-penche-sur-lia\\\/#primaryimage\"},\"thumbnailUrl\":\"https:\\\/\\\/www.conex.net\\\/fr\\\/wp-content\\\/uploads\\\/sites\\\/2\\\/2025\\\/07\\\/GPO.FR-eurosupplychain.png\",\"articleSection\":{\"0\":\"\u00c9V\u00c9NEMENTS\",\"2\":\"PRESSROOM\"},\"inLanguage\":\"fr-FR\"},{\"@type\":\"WebPage\",\"@id\":\"https:\\\/\\\/www.conex.net\\\/fr\\\/euro-supply-chain-se-penche-sur-lia\\\/\",\"url\":\"https:\\\/\\\/www.conex.net\\\/fr\\\/euro-supply-chain-se-penche-sur-lia\\\/\",\"name\":\"Euro Supply Chain se penche sur l\u2019IA - Conex France\",\"isPartOf\":{\"@id\":\"https:\\\/\\\/www.conex.net\\\/fr\\\/#website\"},\"primaryImageOfPage\":{\"@id\":\"https:\\\/\\\/www.conex.net\\\/fr\\\/euro-supply-chain-se-penche-sur-lia\\\/#primaryimage\"},\"image\":{\"@id\":\"https:\\\/\\\/www.conex.net\\\/fr\\\/euro-supply-chain-se-penche-sur-lia\\\/#primaryimage\"},\"thumbnailUrl\":\"https:\\\/\\\/www.conex.net\\\/fr\\\/wp-content\\\/uploads\\\/sites\\\/2\\\/2025\\\/07\\\/GPO.FR-eurosupplychain.png\",\"datePublished\":\"2025-04-15T14:31:35+00:00\",\"dateModified\":\"2025-07-17T15:22:08+00:00\",\"description\":\"Le salon professionnel Euro Supply Chain qui ouvre ses portes les 12 juin 2025 \u00e0 Mulhouse s\u2019attache chaque ann\u00e9e \u00e0 nourrir les r\u00e9flexions de ses +1000 visiteurs sur les grandes probl\u00e9matiques business qui animent l\u2019\u00e9cosyst\u00e8me du transport et de la logistique. Parmi les th\u00e8mes phares de cette ann\u00e9e : l\u2019intelligence artificielle.\",\"breadcrumb\":{\"@id\":\"https:\\\/\\\/www.conex.net\\\/fr\\\/euro-supply-chain-se-penche-sur-lia\\\/#breadcrumb\"},\"inLanguage\":\"fr-FR\",\"potentialAction\":[{\"@type\":\"ReadAction\",\"target\":[\"https:\\\/\\\/www.conex.net\\\/fr\\\/euro-supply-chain-se-penche-sur-lia\\\/\"]}]},{\"@type\":\"ImageObject\",\"inLanguage\":\"fr-FR\",\"@id\":\"https:\\\/\\\/www.conex.net\\\/fr\\\/euro-supply-chain-se-penche-sur-lia\\\/#primaryimage\",\"url\":\"https:\\\/\\\/www.conex.net\\\/fr\\\/wp-content\\\/uploads\\\/sites\\\/2\\\/2025\\\/07\\\/GPO.FR-eurosupplychain.png\",\"contentUrl\":\"https:\\\/\\\/www.conex.net\\\/fr\\\/wp-content\\\/uploads\\\/sites\\\/2\\\/2025\\\/07\\\/GPO.FR-eurosupplychain.png\",\"width\":567,\"height\":380,\"caption\":\"La 4\u00e8me \u00e9dition d\u2019Euro Supply Chain se penche sur l\u2019IA comme levier pour optimiser et repenser le transport et la logistique\"},{\"@type\":\"BreadcrumbList\",\"@id\":\"https:\\\/\\\/www.conex.net\\\/fr\\\/euro-supply-chain-se-penche-sur-lia\\\/#breadcrumb\",\"itemListElement\":[{\"@type\":\"ListItem\",\"position\":1,\"name\":\"Accueil\",\"item\":\"https:\\\/\\\/www.conex.net\\\/fr\\\/\"},{\"@type\":\"ListItem\",\"position\":2,\"name\":\"Euro Supply Chain se penche sur l\u2019IA\"}]},{\"@type\":\"WebSite\",\"@id\":\"https:\\\/\\\/www.conex.net\\\/fr\\\/#website\",\"url\":\"https:\\\/\\\/www.conex.net\\\/fr\\\/\",\"name\":\"Conex France\",\"description\":\"Your customs partner - CONEX FRANCE\",\"publisher\":{\"@id\":\"https:\\\/\\\/www.conex.net\\\/fr\\\/#organization\"},\"potentialAction\":[{\"@type\":\"SearchAction\",\"target\":{\"@type\":\"EntryPoint\",\"urlTemplate\":\"https:\\\/\\\/www.conex.net\\\/fr\\\/?s={search_term_string}\"},\"query-input\":{\"@type\":\"PropertyValueSpecification\",\"valueRequired\":true,\"valueName\":\"search_term_string\"}}],\"inLanguage\":\"fr-FR\"},{\"@type\":\"Organization\",\"@id\":\"https:\\\/\\\/www.conex.net\\\/fr\\\/#organization\",\"name\":\"CONEX SAS\",\"url\":\"https:\\\/\\\/www.conex.net\\\/fr\\\/\",\"logo\":{\"@type\":\"ImageObject\",\"inLanguage\":\"fr-FR\",\"@id\":\"https:\\\/\\\/www.conex.net\\\/fr\\\/#\\\/schema\\\/logo\\\/image\\\/\",\"url\":\"https:\\\/\\\/www.conex.net\\\/fr\\\/wp-content\\\/uploads\\\/sites\\\/2\\\/2018\\\/10\\\/logo-conex.png\",\"contentUrl\":\"https:\\\/\\\/www.conex.net\\\/fr\\\/wp-content\\\/uploads\\\/sites\\\/2\\\/2018\\\/10\\\/logo-conex.png\",\"width\":138,\"height\":49,\"caption\":\"CONEX SAS\"},\"image\":{\"@id\":\"https:\\\/\\\/www.conex.net\\\/fr\\\/#\\\/schema\\\/logo\\\/image\\\/\"}},{\"@type\":\"Person\",\"@id\":\"https:\\\/\\\/www.conex.net\\\/fr\\\/#\\\/schema\\\/person\\\/028dad5f0ba1e2df5f2e9760898dfba9\",\"name\":\"admin@conex-net\",\"image\":{\"@type\":\"ImageObject\",\"inLanguage\":\"fr-FR\",\"@id\":\"https:\\\/\\\/secure.gravatar.com\\\/avatar\\\/ec6ef48a65dc441c5b7eebc066d259e87a66b61b9e92ec24e1850aa972f92206?s=96&d=mm&r=g\",\"url\":\"https:\\\/\\\/secure.gravatar.com\\\/avatar\\\/ec6ef48a65dc441c5b7eebc066d259e87a66b61b9e92ec24e1850aa972f92206?s=96&d=mm&r=g\",\"contentUrl\":\"https:\\\/\\\/secure.gravatar.com\\\/avatar\\\/ec6ef48a65dc441c5b7eebc066d259e87a66b61b9e92ec24e1850aa972f92206?s=96&d=mm&r=g\",\"caption\":\"admin@conex-net\"},\"url\":\"https:\\\/\\\/www.conex.net\\\/fr\\\/author\\\/adminconex-net\\\/\"}]}<\/script>\n<!-- \/ Yoast SEO plugin. -->","yoast_head_json":{"title":"Euro Supply Chain se penche sur l\u2019IA - Conex France","description":"Le salon professionnel Euro Supply Chain qui ouvre ses portes les 12 juin 2025 \u00e0 Mulhouse s\u2019attache chaque ann\u00e9e \u00e0 nourrir les r\u00e9flexions de ses +1000 visiteurs sur les grandes probl\u00e9matiques business qui animent l\u2019\u00e9cosyst\u00e8me du transport et de la logistique. Parmi les th\u00e8mes phares de cette ann\u00e9e : l\u2019intelligence artificielle.","robots":{"index":"index","follow":"follow","max-snippet":"max-snippet:-1","max-image-preview":"max-image-preview:large","max-video-preview":"max-video-preview:-1"},"canonical":"https:\/\/www.conex.net\/fr\/euro-supply-chain-se-penche-sur-lia\/","og_locale":"fr_FR","og_type":"article","og_title":"Euro Supply Chain se penche sur l\u2019IA - Conex France","og_description":"Le salon professionnel Euro Supply Chain qui ouvre ses portes les 12 juin 2025 \u00e0 Mulhouse s\u2019attache chaque ann\u00e9e \u00e0 nourrir les r\u00e9flexions de ses +1000 visiteurs sur les grandes probl\u00e9matiques business qui animent l\u2019\u00e9cosyst\u00e8me du transport et de la logistique. Parmi les th\u00e8mes phares de cette ann\u00e9e : l\u2019intelligence artificielle.","og_url":"https:\/\/www.conex.net\/fr\/euro-supply-chain-se-penche-sur-lia\/","og_site_name":"Conex France","article_published_time":"2025-04-15T14:31:35+00:00","article_modified_time":"2025-07-17T15:22:08+00:00","og_image":[{"width":567,"height":380,"url":"https:\/\/www.conex.net\/fr\/wp-content\/uploads\/sites\/2\/2025\/07\/GPO.FR-eurosupplychain.png","type":"image\/png"}],"author":"admin@conex-net","twitter_card":"summary_large_image","twitter_misc":{"\u00c9crit par":"admin@conex-net","Dur\u00e9e de lecture estim\u00e9e":"2 minutes"},"schema":{"@context":"https:\/\/schema.org","@graph":[{"@type":"Article","@id":"https:\/\/www.conex.net\/fr\/euro-supply-chain-se-penche-sur-lia\/#article","isPartOf":{"@id":"https:\/\/www.conex.net\/fr\/euro-supply-chain-se-penche-sur-lia\/"},"author":{"name":"admin@conex-net","@id":"https:\/\/www.conex.net\/fr\/#\/schema\/person\/028dad5f0ba1e2df5f2e9760898dfba9"},"headline":"Euro Supply Chain se penche sur l\u2019IA","datePublished":"2025-04-15T14:31:35+00:00","dateModified":"2025-07-17T15:22:08+00:00","mainEntityOfPage":{"@id":"https:\/\/www.conex.net\/fr\/euro-supply-chain-se-penche-sur-lia\/"},"wordCount":161,"publisher":{"@id":"https:\/\/www.conex.net\/fr\/#organization"},"image":{"@id":"https:\/\/www.conex.net\/fr\/euro-supply-chain-se-penche-sur-lia\/#primaryimage"},"thumbnailUrl":"https:\/\/www.conex.net\/fr\/wp-content\/uploads\/sites\/2\/2025\/07\/GPO.FR-eurosupplychain.png","articleSection":{"0":"\u00c9V\u00c9NEMENTS","2":"PRESSROOM"},"inLanguage":"fr-FR"},{"@type":"WebPage","@id":"https:\/\/www.conex.net\/fr\/euro-supply-chain-se-penche-sur-lia\/","url":"https:\/\/www.conex.net\/fr\/euro-supply-chain-se-penche-sur-lia\/","name":"Euro Supply Chain se penche sur l\u2019IA - Conex France","isPartOf":{"@id":"https:\/\/www.conex.net\/fr\/#website"},"primaryImageOfPage":{"@id":"https:\/\/www.conex.net\/fr\/euro-supply-chain-se-penche-sur-lia\/#primaryimage"},"image":{"@id":"https:\/\/www.conex.net\/fr\/euro-supply-chain-se-penche-sur-lia\/#primaryimage"},"thumbnailUrl":"https:\/\/www.conex.net\/fr\/wp-content\/uploads\/sites\/2\/2025\/07\/GPO.FR-eurosupplychain.png","datePublished":"2025-04-15T14:31:35+00:00","dateModified":"2025-07-17T15:22:08+00:00","description":"Le salon professionnel Euro Supply Chain qui ouvre ses portes les 12 juin 2025 \u00e0 Mulhouse s\u2019attache chaque ann\u00e9e \u00e0 nourrir les r\u00e9flexions de ses +1000 visiteurs sur les grandes probl\u00e9matiques business qui animent l\u2019\u00e9cosyst\u00e8me du transport et de la logistique. Parmi les th\u00e8mes phares de cette ann\u00e9e : l\u2019intelligence artificielle.","breadcrumb":{"@id":"https:\/\/www.conex.net\/fr\/euro-supply-chain-se-penche-sur-lia\/#breadcrumb"},"inLanguage":"fr-FR","potentialAction":[{"@type":"ReadAction","target":["https:\/\/www.conex.net\/fr\/euro-supply-chain-se-penche-sur-lia\/"]}]},{"@type":"ImageObject","inLanguage":"fr-FR","@id":"https:\/\/www.conex.net\/fr\/euro-supply-chain-se-penche-sur-lia\/#primaryimage","url":"https:\/\/www.conex.net\/fr\/wp-content\/uploads\/sites\/2\/2025\/07\/GPO.FR-eurosupplychain.png","contentUrl":"https:\/\/www.conex.net\/fr\/wp-content\/uploads\/sites\/2\/2025\/07\/GPO.FR-eurosupplychain.png","width":567,"height":380,"caption":"La 4\u00e8me \u00e9dition d\u2019Euro Supply Chain se penche sur l\u2019IA comme levier pour optimiser et repenser le transport et la logistique"},{"@type":"BreadcrumbList","@id":"https:\/\/www.conex.net\/fr\/euro-supply-chain-se-penche-sur-lia\/#breadcrumb","itemListElement":[{"@type":"ListItem","position":1,"name":"Accueil","item":"https:\/\/www.conex.net\/fr\/"},{"@type":"ListItem","position":2,"name":"Euro Supply Chain se penche sur l\u2019IA"}]},{"@type":"WebSite","@id":"https:\/\/www.conex.net\/fr\/#website","url":"https:\/\/www.conex.net\/fr\/","name":"Conex France","description":"Your customs partner - CONEX FRANCE","publisher":{"@id":"https:\/\/www.conex.net\/fr\/#organization"},"potentialAction":[{"@type":"SearchAction","target":{"@type":"EntryPoint","urlTemplate":"https:\/\/www.conex.net\/fr\/?s={search_term_string}"},"query-input":{"@type":"PropertyValueSpecification","valueRequired":true,"valueName":"search_term_string"}}],"inLanguage":"fr-FR"},{"@type":"Organization","@id":"https:\/\/www.conex.net\/fr\/#organization","name":"CONEX SAS","url":"https:\/\/www.conex.net\/fr\/","logo":{"@type":"ImageObject","inLanguage":"fr-FR","@id":"https:\/\/www.conex.net\/fr\/#\/schema\/logo\/image\/","url":"https:\/\/www.conex.net\/fr\/wp-content\/uploads\/sites\/2\/2018\/10\/logo-conex.png","contentUrl":"https:\/\/www.conex.net\/fr\/wp-content\/uploads\/sites\/2\/2018\/10\/logo-conex.png","width":138,"height":49,"caption":"CONEX SAS"},"image":{"@id":"https:\/\/www.conex.net\/fr\/#\/schema\/logo\/image\/"}},{"@type":"Person","@id":"https:\/\/www.conex.net\/fr\/#\/schema\/person\/028dad5f0ba1e2df5f2e9760898dfba9","name":"admin@conex-net","image":{"@type":"ImageObject","inLanguage":"fr-FR","@id":"https:\/\/secure.gravatar.com\/avatar\/ec6ef48a65dc441c5b7eebc066d259e87a66b61b9e92ec24e1850aa972f92206?s=96&d=mm&r=g","url":"https:\/\/secure.gravatar.com\/avatar\/ec6ef48a65dc441c5b7eebc066d259e87a66b61b9e92ec24e1850aa972f92206?s=96&d=mm&r=g","contentUrl":"https:\/\/secure.gravatar.com\/avatar\/ec6ef48a65dc441c5b7eebc066d259e87a66b61b9e92ec24e1850aa972f92206?s=96&d=mm&r=g","caption":"admin@conex-net"},"url":"https:\/\/www.conex.net\/fr\/author\/adminconex-net\/"}]}},"_links":{"self":[{"href":"https:\/\/www.conex.net\/fr\/wp-json\/wp\/v2\/posts\/10900","targetHints":{"allow":["GET"]}}],"collection":[{"href":"https:\/\/www.conex.net\/fr\/wp-json\/wp\/v2\/posts"}],"about":[{"href":"https:\/\/www.conex.net\/fr\/wp-json\/wp\/v2\/types\/post"}],"author":[{"embeddable":true,"href":"https:\/\/www.conex.net\/fr\/wp-json\/wp\/v2\/users\/1"}],"replies":[{"embeddable":true,"href":"https:\/\/www.conex.net\/fr\/wp-json\/wp\/v2\/comments?post=10900"}],"version-history":[{"count":1,"href":"https:\/\/www.conex.net\/fr\/wp-json\/wp\/v2\/posts\/10900\/revisions"}],"predecessor-version":[{"id":10902,"href":"https:\/\/www.conex.net\/fr\/wp-json\/wp\/v2\/posts\/10900\/revisions\/10902"}],"wp:featuredmedia":[{"embeddable":true,"href":"https:\/\/www.conex.net\/fr\/wp-json\/wp\/v2\/media\/10901"}],"wp:attachment":[{"href":"https:\/\/www.conex.net\/fr\/wp-json\/wp\/v2\/media?parent=10900"}],"wp:term":[{"taxonomy":"category","embeddable":true,"href":"https:\/\/www.conex.net\/fr\/wp-json\/wp\/v2\/categories?post=10900"},{"taxonomy":"post_tag","embeddable":true,"href":"https:\/\/www.conex.net\/fr\/wp-json\/wp\/v2\/tags?post=10900"},{"taxonomy":"sp_smart_badges","embeddable":true,"href":"https:\/\/www.conex.net\/fr\/wp-json\/wp\/v2\/sp_smart_badges?post=10900"}],"curies":[{"name":"wp","href":"https:\/\/api.w.org\/{rel}","templated":true}]}}