{"id":5024,"date":"2020-10-02T14:47:02","date_gmt":"2020-10-02T12:47:02","guid":{"rendered":"https:\/\/www.conex.net\/fr\/?p=5024"},"modified":"2020-12-17T09:34:34","modified_gmt":"2020-12-17T08:34:34","slug":"brexit-le-bout-du-tunnel","status":"publish","type":"post","link":"https:\/\/www.conex.net\/fr\/brexit-le-bout-du-tunnel\/","title":{"rendered":"BREXIT, le bout du tunnel"},"content":{"rendered":"<div id=\"pl-5024\"  class=\"panel-layout\" ><div id=\"pg-5024-0\"  class=\"panel-grid panel-no-style\" ><div id=\"pgc-5024-0-0\"  class=\"panel-grid-cell\" ><div id=\"panel-5024-0-0-0\" class=\"so-panel widget widget_sow-editor panel-first-child panel-last-child\" data-index=\"0\" ><div\n\t\t\t\n\t\t\tclass=\"so-widget-sow-editor so-widget-sow-editor-base\"\n\t\t\t\n\t\t>\n<div class=\"siteorigin-widget-tinymce textwidget\">\n\t<p><img loading=\"lazy\" decoding=\"async\" class=\"alignleft size-full wp-image-5028\" src=\"https:\/\/www.conex.net\/fr\/wp-content\/uploads\/sites\/2\/2020\/10\/BREXIT-2020leboutdutunnel.jpg\" alt=\"BREXIT douane\" width=\"551\" height=\"289\" srcset=\"https:\/\/www.conex.net\/fr\/wp-content\/uploads\/sites\/2\/2020\/10\/BREXIT-2020leboutdutunnel.jpg 551w, https:\/\/www.conex.net\/fr\/wp-content\/uploads\/sites\/2\/2020\/10\/BREXIT-2020leboutdutunnel-300x157.jpg 300w\" sizes=\"auto, (max-width: 551px) 100vw, 551px\" \/><\/p>\n<p>&nbsp;<\/p>\n<h4 style=\"text-align: justify;\"><span style=\"color: #454444;\"><strong>C\u2019est un cycle sans fin. Depuis l\u2019annonce de la sortie du Royaume-Uni de l\u2019Union Europ\u00e9enne \u00e0 la suite du r\u00e9f\u00e9rendum de 2016, quatre ans ont pass\u00e9. Le Brexit rentrera en vigueur le 1er janvier 2021, le temps presse et la fin d\u2019ann\u00e9e va s\u2019av\u00e9rer cruciale.\u00a0<\/strong><\/span><\/h4>\n<h3><strong><span style=\"color: #c20000;\">Alors o\u00f9 en est-on vraiment\u00a0? <\/span><\/strong><\/h3>\n<p style=\"text-align: justify;\"><span style=\"color: #333333;\">Les chefs d\u2019Etat et de gouvernement de l\u2019UE se sont r\u00e9unis les 15 et 16 octobre lors du sommet europ\u00e9en pour \u00e9valuer l\u2019avanc\u00e9e des discussions et \u00e9ventuellement donner leur feu vert pour ouvrir un dernier round de n\u00e9gociations. Malgr\u00e9 la menace britannique de ne pas respecter le trait\u00e9 de retrait et la proc\u00e9dure d\u2019infraction engag\u00e9e par la Commission contre le Royaume-Uni le 1<sup>er<\/sup> octobre, certains diplomates europ\u00e9ens osent encore \u00e9voquer une dynamique de n\u00e9gociation \u00ab\u00a0 positive\u00a0\u00bb.<\/span><\/p>\n<p style=\"text-align: justify;\"><span style=\"color: #333333;\">Le Premier ministre britannique estime m\u00eame possible que les deux parties parviennent \u00e0 un compromis, mais a cependant soulign\u00e9 qu\u2019il restait \u00ab\u00a0<em>diff\u00e9rents probl\u00e8mes \u00e0 r\u00e9gler<\/em>\u00a0\u00bb. \u00ab<em>\u00a0L\u2019Union europ\u00e9enne doit comprendre que nous sommes tout \u00e0 fait s\u00e9rieux sur la n\u00e9cessit\u00e9 de contr\u00f4ler nos propres lois et nos propres r\u00e9glementations\u00a0<\/em>\u00bb, a-t-il pr\u00e9venu.<\/span><\/p>\n<p style=\"text-align: justify;\"><span style=\"color: #333333;\">En fait, <strong>aucun des derniers grands obstacles, \u00e0 savoir les droits de p\u00eache, les r\u00e8gles du jeu \u00e9quitable en mati\u00e8re de concurrence (le \u00ab\u00a0level playing field\u00a0\u00bb, dont les aides d\u2019Etat), la coop\u00e9ration judiciaire et polici\u00e8re ainsi que les moyens de r\u00e9gler les diff\u00e9rends, n\u2019a \u00e9t\u00e9 surmont\u00e9 jusqu\u2019\u00e0 pr\u00e9sent, comme l\u2019a soulign\u00e9 le Pr\u00e9sident Macron.<\/strong><\/span><\/p>\n<p style=\"text-align: justify;\"><span style=\"color: #333333;\"><em>Apparition d\u2019une nouvelle fronti\u00e8re (virtuelle) pour sortir les marchandises d\u2019Angleterre<\/em><\/span><\/p>\n<p style=\"text-align: justify;\"><span style=\"color: #333333;\">Sans accord entre Londres et Bruxelles, le gouvernement britannique a estim\u00e9 que 7 000 camions pourraient \u00eatre bloqu\u00e9s dans le Kent jusqu\u2019\u00e0 deux jours avant d\u2019\u00eatre autoris\u00e9s \u00e0 traverser la Manche. Pour rem\u00e9dier \u00e0 ce sc\u00e9nario catastrophe, d\u00e8s le 1<sup>er<\/sup> janvier, les conducteurs de poids lourds devront obtenir un permis pour entrer dans le comt\u00e9 du Kent, o\u00f9 se situe le port de Douvres. L\u2019objectif\u00a0: \u00e9viter les embouteillages li\u00e9s aux contr\u00f4les douaniers. De fait, cette mesure cr\u00e9era une sorte de fronti\u00e8re au sein m\u00eame du pays\u00a0!<\/span><\/p>\n<p style=\"text-align: justify;\"><span style=\"color: #333333;\">Les conducteurs de camions de plus de 7,5 tonnes devront ainsi prouver <strong>avant leur arriv\u00e9e<\/strong> dans ce comt\u00e9 du sud-est du pays qu\u2019ils ont tous les papiers requis pour transporter leurs marchandises jusque sur le continent. Les conducteurs qui ne seraient pas \u00e0 jour seront d\u00e9tect\u00e9s par la reconnaissance automatique de leur plaque d\u2019immatriculation, et invit\u00e9s \u00e0 rebrousser chemin, non sans \u00eatre condamn\u00e9s \u00e0 une amende de 300 livres\u00a0!<\/span><\/p>\n<p style=\"text-align: justify;\"><span style=\"color: #333333;\">\u00ab\u00a0<em>Il ne s\u2019agit pas d\u2019une pr\u00e9diction ou d\u2019une pr\u00e9vision, mais d\u2019un prudent exercice pour \u00e9tablir ce qui pourrait se produire dans le pire sc\u00e9nario<\/em>\u00a0\u00bb, a d\u00e9clar\u00e9, au Parlement, Michael Gove, ministre d\u2019Etat. Ainsi aujourd\u2019hui, on estime que seuls \u00ab\u00a0<em>30 \u00e0 60 %<\/em>\u00a0\u00bb des camions arriveraient \u00e0 la fronti\u00e8re en ayant accompli les formalit\u00e9s n\u00e9cessaires pour leurs marchandises. Sans ces formalit\u00e9s, il sera impossible pour les conducteurs d\u2019embarquer sur les ferries \u00e0 destination du continent.<\/span><\/p>\n<hr \/>\n<p style=\"text-align: left;\"><span style=\"color: #c40000;\"><strong>Claire Fournier - CONEX<\/strong><\/span><br \/>\n<span style=\"color: #333333;\">International Development Manager<\/span><\/p>\n<p>&nbsp;<\/p>\n<\/div>\n<\/div><\/div><\/div><\/div><\/div>","protected":false},"excerpt":{"rendered":"<p>&nbsp; C\u2019est un cycle sans fin. Depuis l\u2019annonce de la sortie du Royaume-Uni de l\u2019Union Europ\u00e9enne \u00e0 la suite du r\u00e9f\u00e9rendum de 2016, quatre ans ont pass\u00e9. Le Brexit rentrera en vigueur le 1er janvier 2021, le temps presse et la fin d\u2019ann\u00e9e va s\u2019av\u00e9rer cruciale.\u00a0 Alors o\u00f9 en est-on vraiment\u00a0? Les chefs d\u2019Etat et de gouvernement de l\u2019UE se sont r\u00e9unis les 15 et 16 octobre lors du sommet europ\u00e9en pour \u00e9valuer l\u2019avanc\u00e9e des [&hellip;]<\/p>\n","protected":false},"author":1,"featured_media":5028,"comment_status":"closed","ping_status":"open","sticky":false,"template":"","format":"standard","meta":{"footnotes":""},"categories":[69],"tags":[],"sp_smart_badges":[],"class_list":["post-5024","post","type-post","status-publish","format-standard","has-post-thumbnail","hentry","category-brexit"],"yoast_head":"<!-- This site is optimized with the Yoast SEO plugin v27.5 - https:\/\/yoast.com\/product\/yoast-seo-wordpress\/ -->\n<title>BREXIT, le bout du tunnel - Conex France<\/title>\n<meta name=\"robots\" content=\"index, follow, max-snippet:-1, max-image-preview:large, max-video-preview:-1\" \/>\n<link rel=\"canonical\" href=\"https:\/\/www.conex.net\/fr\/brexit-le-bout-du-tunnel\/\" \/>\n<meta property=\"og:locale\" content=\"fr_FR\" \/>\n<meta property=\"og:type\" content=\"article\" \/>\n<meta property=\"og:title\" content=\"BREXIT, le bout du tunnel - Conex France\" \/>\n<meta property=\"og:description\" content=\"&nbsp; C\u2019est un cycle sans fin. Depuis l\u2019annonce de la sortie du Royaume-Uni de l\u2019Union Europ\u00e9enne \u00e0 la suite du r\u00e9f\u00e9rendum de 2016, quatre ans ont pass\u00e9. Le Brexit rentrera en vigueur le 1er janvier 2021, le temps presse et la fin d\u2019ann\u00e9e va s\u2019av\u00e9rer cruciale.\u00a0 Alors o\u00f9 en est-on vraiment\u00a0? Les chefs d\u2019Etat et de gouvernement de l\u2019UE se sont r\u00e9unis les 15 et 16 octobre lors du sommet europ\u00e9en pour \u00e9valuer l\u2019avanc\u00e9e des [&hellip;]\" \/>\n<meta property=\"og:url\" content=\"https:\/\/www.conex.net\/fr\/brexit-le-bout-du-tunnel\/\" \/>\n<meta property=\"og:site_name\" content=\"Conex France\" \/>\n<meta property=\"article:published_time\" content=\"2020-10-02T12:47:02+00:00\" \/>\n<meta property=\"article:modified_time\" content=\"2020-12-17T08:34:34+00:00\" \/>\n<meta property=\"og:image\" content=\"https:\/\/www.conex.net\/fr\/wp-content\/uploads\/sites\/2\/2020\/10\/BREXIT-2020leboutdutunnel.jpg\" \/>\n\t<meta property=\"og:image:width\" content=\"551\" \/>\n\t<meta property=\"og:image:height\" content=\"289\" \/>\n\t<meta property=\"og:image:type\" content=\"image\/jpeg\" \/>\n<meta name=\"author\" content=\"admin@conex-net\" \/>\n<meta name=\"twitter:card\" content=\"summary_large_image\" \/>\n<meta name=\"twitter:label1\" content=\"\u00c9crit par\" \/>\n\t<meta name=\"twitter:data1\" content=\"admin@conex-net\" \/>\n\t<meta name=\"twitter:label2\" content=\"Dur\u00e9e de lecture estim\u00e9e\" \/>\n\t<meta name=\"twitter:data2\" content=\"3 minutes\" \/>\n<script type=\"application\/ld+json\" class=\"yoast-schema-graph\">{\"@context\":\"https:\\\/\\\/schema.org\",\"@graph\":[{\"@type\":\"Article\",\"@id\":\"https:\\\/\\\/www.conex.net\\\/fr\\\/brexit-le-bout-du-tunnel\\\/#article\",\"isPartOf\":{\"@id\":\"https:\\\/\\\/www.conex.net\\\/fr\\\/brexit-le-bout-du-tunnel\\\/\"},\"author\":{\"name\":\"admin@conex-net\",\"@id\":\"https:\\\/\\\/www.conex.net\\\/fr\\\/#\\\/schema\\\/person\\\/028dad5f0ba1e2df5f2e9760898dfba9\"},\"headline\":\"BREXIT, le bout du tunnel\",\"datePublished\":\"2020-10-02T12:47:02+00:00\",\"dateModified\":\"2020-12-17T08:34:34+00:00\",\"mainEntityOfPage\":{\"@id\":\"https:\\\/\\\/www.conex.net\\\/fr\\\/brexit-le-bout-du-tunnel\\\/\"},\"wordCount\":541,\"publisher\":{\"@id\":\"https:\\\/\\\/www.conex.net\\\/fr\\\/#organization\"},\"image\":{\"@id\":\"https:\\\/\\\/www.conex.net\\\/fr\\\/brexit-le-bout-du-tunnel\\\/#primaryimage\"},\"thumbnailUrl\":\"https:\\\/\\\/www.conex.net\\\/fr\\\/wp-content\\\/uploads\\\/sites\\\/2\\\/2020\\\/10\\\/BREXIT-2020leboutdutunnel.jpg\",\"articleSection\":[\"BREXIT\"],\"inLanguage\":\"fr-FR\"},{\"@type\":\"WebPage\",\"@id\":\"https:\\\/\\\/www.conex.net\\\/fr\\\/brexit-le-bout-du-tunnel\\\/\",\"url\":\"https:\\\/\\\/www.conex.net\\\/fr\\\/brexit-le-bout-du-tunnel\\\/\",\"name\":\"BREXIT, le bout du tunnel - Conex France\",\"isPartOf\":{\"@id\":\"https:\\\/\\\/www.conex.net\\\/fr\\\/#website\"},\"primaryImageOfPage\":{\"@id\":\"https:\\\/\\\/www.conex.net\\\/fr\\\/brexit-le-bout-du-tunnel\\\/#primaryimage\"},\"image\":{\"@id\":\"https:\\\/\\\/www.conex.net\\\/fr\\\/brexit-le-bout-du-tunnel\\\/#primaryimage\"},\"thumbnailUrl\":\"https:\\\/\\\/www.conex.net\\\/fr\\\/wp-content\\\/uploads\\\/sites\\\/2\\\/2020\\\/10\\\/BREXIT-2020leboutdutunnel.jpg\",\"datePublished\":\"2020-10-02T12:47:02+00:00\",\"dateModified\":\"2020-12-17T08:34:34+00:00\",\"breadcrumb\":{\"@id\":\"https:\\\/\\\/www.conex.net\\\/fr\\\/brexit-le-bout-du-tunnel\\\/#breadcrumb\"},\"inLanguage\":\"fr-FR\",\"potentialAction\":[{\"@type\":\"ReadAction\",\"target\":[\"https:\\\/\\\/www.conex.net\\\/fr\\\/brexit-le-bout-du-tunnel\\\/\"]}]},{\"@type\":\"ImageObject\",\"inLanguage\":\"fr-FR\",\"@id\":\"https:\\\/\\\/www.conex.net\\\/fr\\\/brexit-le-bout-du-tunnel\\\/#primaryimage\",\"url\":\"https:\\\/\\\/www.conex.net\\\/fr\\\/wp-content\\\/uploads\\\/sites\\\/2\\\/2020\\\/10\\\/BREXIT-2020leboutdutunnel.jpg\",\"contentUrl\":\"https:\\\/\\\/www.conex.net\\\/fr\\\/wp-content\\\/uploads\\\/sites\\\/2\\\/2020\\\/10\\\/BREXIT-2020leboutdutunnel.jpg\",\"width\":551,\"height\":289,\"caption\":\"BREXIT douane\"},{\"@type\":\"BreadcrumbList\",\"@id\":\"https:\\\/\\\/www.conex.net\\\/fr\\\/brexit-le-bout-du-tunnel\\\/#breadcrumb\",\"itemListElement\":[{\"@type\":\"ListItem\",\"position\":1,\"name\":\"Accueil\",\"item\":\"https:\\\/\\\/www.conex.net\\\/fr\\\/\"},{\"@type\":\"ListItem\",\"position\":2,\"name\":\"BREXIT, le bout du tunnel\"}]},{\"@type\":\"WebSite\",\"@id\":\"https:\\\/\\\/www.conex.net\\\/fr\\\/#website\",\"url\":\"https:\\\/\\\/www.conex.net\\\/fr\\\/\",\"name\":\"Conex France\",\"description\":\"Your customs partner - CONEX FRANCE\",\"publisher\":{\"@id\":\"https:\\\/\\\/www.conex.net\\\/fr\\\/#organization\"},\"potentialAction\":[{\"@type\":\"SearchAction\",\"target\":{\"@type\":\"EntryPoint\",\"urlTemplate\":\"https:\\\/\\\/www.conex.net\\\/fr\\\/?s={search_term_string}\"},\"query-input\":{\"@type\":\"PropertyValueSpecification\",\"valueRequired\":true,\"valueName\":\"search_term_string\"}}],\"inLanguage\":\"fr-FR\"},{\"@type\":\"Organization\",\"@id\":\"https:\\\/\\\/www.conex.net\\\/fr\\\/#organization\",\"name\":\"CONEX SAS\",\"url\":\"https:\\\/\\\/www.conex.net\\\/fr\\\/\",\"logo\":{\"@type\":\"ImageObject\",\"inLanguage\":\"fr-FR\",\"@id\":\"https:\\\/\\\/www.conex.net\\\/fr\\\/#\\\/schema\\\/logo\\\/image\\\/\",\"url\":\"https:\\\/\\\/www.conex.net\\\/fr\\\/wp-content\\\/uploads\\\/sites\\\/2\\\/2018\\\/10\\\/logo-conex.png\",\"contentUrl\":\"https:\\\/\\\/www.conex.net\\\/fr\\\/wp-content\\\/uploads\\\/sites\\\/2\\\/2018\\\/10\\\/logo-conex.png\",\"width\":138,\"height\":49,\"caption\":\"CONEX SAS\"},\"image\":{\"@id\":\"https:\\\/\\\/www.conex.net\\\/fr\\\/#\\\/schema\\\/logo\\\/image\\\/\"}},{\"@type\":\"Person\",\"@id\":\"https:\\\/\\\/www.conex.net\\\/fr\\\/#\\\/schema\\\/person\\\/028dad5f0ba1e2df5f2e9760898dfba9\",\"name\":\"admin@conex-net\",\"image\":{\"@type\":\"ImageObject\",\"inLanguage\":\"fr-FR\",\"@id\":\"https:\\\/\\\/secure.gravatar.com\\\/avatar\\\/ec6ef48a65dc441c5b7eebc066d259e87a66b61b9e92ec24e1850aa972f92206?s=96&d=mm&r=g\",\"url\":\"https:\\\/\\\/secure.gravatar.com\\\/avatar\\\/ec6ef48a65dc441c5b7eebc066d259e87a66b61b9e92ec24e1850aa972f92206?s=96&d=mm&r=g\",\"contentUrl\":\"https:\\\/\\\/secure.gravatar.com\\\/avatar\\\/ec6ef48a65dc441c5b7eebc066d259e87a66b61b9e92ec24e1850aa972f92206?s=96&d=mm&r=g\",\"caption\":\"admin@conex-net\"},\"url\":\"https:\\\/\\\/www.conex.net\\\/fr\\\/author\\\/adminconex-net\\\/\"}]}<\/script>\n<!-- \/ Yoast SEO plugin. -->","yoast_head_json":{"title":"BREXIT, le bout du tunnel - Conex France","robots":{"index":"index","follow":"follow","max-snippet":"max-snippet:-1","max-image-preview":"max-image-preview:large","max-video-preview":"max-video-preview:-1"},"canonical":"https:\/\/www.conex.net\/fr\/brexit-le-bout-du-tunnel\/","og_locale":"fr_FR","og_type":"article","og_title":"BREXIT, le bout du tunnel - Conex France","og_description":"&nbsp; C\u2019est un cycle sans fin. Depuis l\u2019annonce de la sortie du Royaume-Uni de l\u2019Union Europ\u00e9enne \u00e0 la suite du r\u00e9f\u00e9rendum de 2016, quatre ans ont pass\u00e9. Le Brexit rentrera en vigueur le 1er janvier 2021, le temps presse et la fin d\u2019ann\u00e9e va s\u2019av\u00e9rer cruciale.\u00a0 Alors o\u00f9 en est-on vraiment\u00a0? Les chefs d\u2019Etat et de gouvernement de l\u2019UE se sont r\u00e9unis les 15 et 16 octobre lors du sommet europ\u00e9en pour \u00e9valuer l\u2019avanc\u00e9e des [&hellip;]","og_url":"https:\/\/www.conex.net\/fr\/brexit-le-bout-du-tunnel\/","og_site_name":"Conex France","article_published_time":"2020-10-02T12:47:02+00:00","article_modified_time":"2020-12-17T08:34:34+00:00","og_image":[{"width":551,"height":289,"url":"https:\/\/www.conex.net\/fr\/wp-content\/uploads\/sites\/2\/2020\/10\/BREXIT-2020leboutdutunnel.jpg","type":"image\/jpeg"}],"author":"admin@conex-net","twitter_card":"summary_large_image","twitter_misc":{"\u00c9crit par":"admin@conex-net","Dur\u00e9e de lecture estim\u00e9e":"3 minutes"},"schema":{"@context":"https:\/\/schema.org","@graph":[{"@type":"Article","@id":"https:\/\/www.conex.net\/fr\/brexit-le-bout-du-tunnel\/#article","isPartOf":{"@id":"https:\/\/www.conex.net\/fr\/brexit-le-bout-du-tunnel\/"},"author":{"name":"admin@conex-net","@id":"https:\/\/www.conex.net\/fr\/#\/schema\/person\/028dad5f0ba1e2df5f2e9760898dfba9"},"headline":"BREXIT, le bout du tunnel","datePublished":"2020-10-02T12:47:02+00:00","dateModified":"2020-12-17T08:34:34+00:00","mainEntityOfPage":{"@id":"https:\/\/www.conex.net\/fr\/brexit-le-bout-du-tunnel\/"},"wordCount":541,"publisher":{"@id":"https:\/\/www.conex.net\/fr\/#organization"},"image":{"@id":"https:\/\/www.conex.net\/fr\/brexit-le-bout-du-tunnel\/#primaryimage"},"thumbnailUrl":"https:\/\/www.conex.net\/fr\/wp-content\/uploads\/sites\/2\/2020\/10\/BREXIT-2020leboutdutunnel.jpg","articleSection":["BREXIT"],"inLanguage":"fr-FR"},{"@type":"WebPage","@id":"https:\/\/www.conex.net\/fr\/brexit-le-bout-du-tunnel\/","url":"https:\/\/www.conex.net\/fr\/brexit-le-bout-du-tunnel\/","name":"BREXIT, le bout du tunnel - Conex France","isPartOf":{"@id":"https:\/\/www.conex.net\/fr\/#website"},"primaryImageOfPage":{"@id":"https:\/\/www.conex.net\/fr\/brexit-le-bout-du-tunnel\/#primaryimage"},"image":{"@id":"https:\/\/www.conex.net\/fr\/brexit-le-bout-du-tunnel\/#primaryimage"},"thumbnailUrl":"https:\/\/www.conex.net\/fr\/wp-content\/uploads\/sites\/2\/2020\/10\/BREXIT-2020leboutdutunnel.jpg","datePublished":"2020-10-02T12:47:02+00:00","dateModified":"2020-12-17T08:34:34+00:00","breadcrumb":{"@id":"https:\/\/www.conex.net\/fr\/brexit-le-bout-du-tunnel\/#breadcrumb"},"inLanguage":"fr-FR","potentialAction":[{"@type":"ReadAction","target":["https:\/\/www.conex.net\/fr\/brexit-le-bout-du-tunnel\/"]}]},{"@type":"ImageObject","inLanguage":"fr-FR","@id":"https:\/\/www.conex.net\/fr\/brexit-le-bout-du-tunnel\/#primaryimage","url":"https:\/\/www.conex.net\/fr\/wp-content\/uploads\/sites\/2\/2020\/10\/BREXIT-2020leboutdutunnel.jpg","contentUrl":"https:\/\/www.conex.net\/fr\/wp-content\/uploads\/sites\/2\/2020\/10\/BREXIT-2020leboutdutunnel.jpg","width":551,"height":289,"caption":"BREXIT douane"},{"@type":"BreadcrumbList","@id":"https:\/\/www.conex.net\/fr\/brexit-le-bout-du-tunnel\/#breadcrumb","itemListElement":[{"@type":"ListItem","position":1,"name":"Accueil","item":"https:\/\/www.conex.net\/fr\/"},{"@type":"ListItem","position":2,"name":"BREXIT, le bout du tunnel"}]},{"@type":"WebSite","@id":"https:\/\/www.conex.net\/fr\/#website","url":"https:\/\/www.conex.net\/fr\/","name":"Conex France","description":"Your customs partner - CONEX FRANCE","publisher":{"@id":"https:\/\/www.conex.net\/fr\/#organization"},"potentialAction":[{"@type":"SearchAction","target":{"@type":"EntryPoint","urlTemplate":"https:\/\/www.conex.net\/fr\/?s={search_term_string}"},"query-input":{"@type":"PropertyValueSpecification","valueRequired":true,"valueName":"search_term_string"}}],"inLanguage":"fr-FR"},{"@type":"Organization","@id":"https:\/\/www.conex.net\/fr\/#organization","name":"CONEX SAS","url":"https:\/\/www.conex.net\/fr\/","logo":{"@type":"ImageObject","inLanguage":"fr-FR","@id":"https:\/\/www.conex.net\/fr\/#\/schema\/logo\/image\/","url":"https:\/\/www.conex.net\/fr\/wp-content\/uploads\/sites\/2\/2018\/10\/logo-conex.png","contentUrl":"https:\/\/www.conex.net\/fr\/wp-content\/uploads\/sites\/2\/2018\/10\/logo-conex.png","width":138,"height":49,"caption":"CONEX SAS"},"image":{"@id":"https:\/\/www.conex.net\/fr\/#\/schema\/logo\/image\/"}},{"@type":"Person","@id":"https:\/\/www.conex.net\/fr\/#\/schema\/person\/028dad5f0ba1e2df5f2e9760898dfba9","name":"admin@conex-net","image":{"@type":"ImageObject","inLanguage":"fr-FR","@id":"https:\/\/secure.gravatar.com\/avatar\/ec6ef48a65dc441c5b7eebc066d259e87a66b61b9e92ec24e1850aa972f92206?s=96&d=mm&r=g","url":"https:\/\/secure.gravatar.com\/avatar\/ec6ef48a65dc441c5b7eebc066d259e87a66b61b9e92ec24e1850aa972f92206?s=96&d=mm&r=g","contentUrl":"https:\/\/secure.gravatar.com\/avatar\/ec6ef48a65dc441c5b7eebc066d259e87a66b61b9e92ec24e1850aa972f92206?s=96&d=mm&r=g","caption":"admin@conex-net"},"url":"https:\/\/www.conex.net\/fr\/author\/adminconex-net\/"}]}},"_links":{"self":[{"href":"https:\/\/www.conex.net\/fr\/wp-json\/wp\/v2\/posts\/5024","targetHints":{"allow":["GET"]}}],"collection":[{"href":"https:\/\/www.conex.net\/fr\/wp-json\/wp\/v2\/posts"}],"about":[{"href":"https:\/\/www.conex.net\/fr\/wp-json\/wp\/v2\/types\/post"}],"author":[{"embeddable":true,"href":"https:\/\/www.conex.net\/fr\/wp-json\/wp\/v2\/users\/1"}],"replies":[{"embeddable":true,"href":"https:\/\/www.conex.net\/fr\/wp-json\/wp\/v2\/comments?post=5024"}],"version-history":[{"count":17,"href":"https:\/\/www.conex.net\/fr\/wp-json\/wp\/v2\/posts\/5024\/revisions"}],"predecessor-version":[{"id":5221,"href":"https:\/\/www.conex.net\/fr\/wp-json\/wp\/v2\/posts\/5024\/revisions\/5221"}],"wp:featuredmedia":[{"embeddable":true,"href":"https:\/\/www.conex.net\/fr\/wp-json\/wp\/v2\/media\/5028"}],"wp:attachment":[{"href":"https:\/\/www.conex.net\/fr\/wp-json\/wp\/v2\/media?parent=5024"}],"wp:term":[{"taxonomy":"category","embeddable":true,"href":"https:\/\/www.conex.net\/fr\/wp-json\/wp\/v2\/categories?post=5024"},{"taxonomy":"post_tag","embeddable":true,"href":"https:\/\/www.conex.net\/fr\/wp-json\/wp\/v2\/tags?post=5024"},{"taxonomy":"sp_smart_badges","embeddable":true,"href":"https:\/\/www.conex.net\/fr\/wp-json\/wp\/v2\/sp_smart_badges?post=5024"}],"curies":[{"name":"wp","href":"https:\/\/api.w.org\/{rel}","templated":true}]}}