{"id":5269,"date":"2020-12-12T09:25:01","date_gmt":"2020-12-12T08:25:01","guid":{"rendered":"https:\/\/www.conex.net\/fr\/?p=5269"},"modified":"2020-12-29T12:12:54","modified_gmt":"2020-12-29T11:12:54","slug":"brexit-origine-preferentielle-a-lissue-de-la-periode-de-transition","status":"publish","type":"post","link":"https:\/\/www.conex.net\/fr\/brexit-origine-preferentielle-a-lissue-de-la-periode-de-transition\/","title":{"rendered":"BREXIT : Origine pr\u00e9f\u00e9rentielle \u00e0 l\u2019issue de la p\u00e9riode de transition"},"content":{"rendered":"<div id=\"pl-5269\"  class=\"panel-layout\" ><div id=\"pg-5269-0\"  class=\"panel-grid panel-no-style\" ><div id=\"pgc-5269-0-0\"  class=\"panel-grid-cell\" ><div id=\"panel-5269-0-0-0\" class=\"so-panel widget widget_sow-editor panel-first-child panel-last-child\" data-index=\"0\" ><div\n\t\t\t\n\t\t\tclass=\"so-widget-sow-editor so-widget-sow-editor-base\"\n\t\t\t\n\t\t><h3 class=\"widget-title\">BREXIT : Origine pr\u00e9f\u00e9rentielle \u00e0 l\u2019issue de la p\u00e9riode de transition<\/h3>\n<div class=\"siteorigin-widget-tinymce textwidget\">\n\t<p><img loading=\"lazy\" decoding=\"async\" class=\"size-full wp-image-4791 alignleft\" src=\"https:\/\/www.conex.net\/fr\/wp-content\/uploads\/sites\/2\/2020\/07\/Reglementation-Douane.jpg\" alt=\"Reglementation-Douane\" width=\"354\" height=\"185\" srcset=\"https:\/\/www.conex.net\/fr\/wp-content\/uploads\/sites\/2\/2020\/07\/Reglementation-Douane.jpg 354w, https:\/\/www.conex.net\/fr\/wp-content\/uploads\/sites\/2\/2020\/07\/Reglementation-Douane-300x157.jpg 300w\" sizes=\"auto, (max-width: 354px) 100vw, 354px\" \/>11\/12\/2020<\/p>\n<p>La DGDDI diffuse une note relative aux r\u00e8gles applicables en mati\u00e8re d\u2019origine pr\u00e9f\u00e9rentielle \u00e0 l\u2019issue de la p\u00e9riode de transition.<\/p>\n<p>Cette note reprend \u00e9galement la note d\u2019orientation de la Commission europ\u00e9enne : retrait du RU et r\u00e8gles de l\u2019Union applicables dans le domaine des douanes y compris l\u2019origine pr\u00e9f\u00e9rentielle.<\/p>\n<h5 style=\"text-align: right;\"><strong><span style=\"color: #333333;\"><a style=\"color: #333333;\" href=\"https:\/\/www.edouane.com\/dgddi-brexit-regles-applicables-en-matiere-dorigine-preferentielle-a-lissue-de-la-periode-de-transition\/\" target=\"_blank\" rel=\"noopener noreferrer\">Lire sur edouane.com\u00a0<\/a><\/span><\/strong><\/h5>\n<\/div>\n<\/div><\/div><\/div><\/div><\/div>","protected":false},"excerpt":{"rendered":"<p>11\/12\/2020 La DGDDI diffuse une note relative aux r\u00e8gles applicables en mati\u00e8re d\u2019origine pr\u00e9f\u00e9rentielle \u00e0 l\u2019issue de la p\u00e9riode de transition. Cette note reprend \u00e9galement la note d\u2019orientation de la Commission europ\u00e9enne : retrait du RU et r\u00e8gles de l\u2019Union applicables dans le domaine des douanes y compris l\u2019origine pr\u00e9f\u00e9rentielle. Lire sur edouane.com\u00a0<\/p>\n","protected":false},"author":1,"featured_media":4668,"comment_status":"closed","ping_status":"open","sticky":false,"template":"","format":"standard","meta":{"footnotes":""},"categories":[69],"tags":[37,102,96,87,104],"sp_smart_badges":[],"class_list":["post-5269","post","type-post","status-publish","format-standard","has-post-thumbnail","hentry","category-brexit","tag-brexit","tag-conex","tag-dgddi","tag-douane","tag-france"],"yoast_head":"<!-- This site is optimized with the Yoast SEO plugin v27.5 - https:\/\/yoast.com\/product\/yoast-seo-wordpress\/ -->\n<title>BREXIT : Origine pr\u00e9f\u00e9rentielle \u00e0 l\u2019issue de la p\u00e9riode de transition -<\/title>\n<meta name=\"description\" content=\"La DGDDI diffuse une note relative aux r\u00e8gles applicables en mati\u00e8re d\u2019origine pr\u00e9f\u00e9rentielle \u00e0 l\u2019issue de la p\u00e9riode de transition.\" \/>\n<meta name=\"robots\" content=\"index, follow, max-snippet:-1, max-image-preview:large, max-video-preview:-1\" \/>\n<link rel=\"canonical\" href=\"https:\/\/www.conex.net\/fr\/brexit-origine-preferentielle-a-lissue-de-la-periode-de-transition\/\" \/>\n<meta property=\"og:locale\" content=\"fr_FR\" \/>\n<meta property=\"og:type\" content=\"article\" \/>\n<meta property=\"og:title\" content=\"BREXIT : Origine pr\u00e9f\u00e9rentielle \u00e0 l\u2019issue de la p\u00e9riode de transition -\" \/>\n<meta property=\"og:description\" content=\"La DGDDI diffuse une note relative aux r\u00e8gles applicables en mati\u00e8re d\u2019origine pr\u00e9f\u00e9rentielle \u00e0 l\u2019issue de la p\u00e9riode de transition.\" \/>\n<meta property=\"og:url\" content=\"https:\/\/www.conex.net\/fr\/brexit-origine-preferentielle-a-lissue-de-la-periode-de-transition\/\" \/>\n<meta property=\"og:site_name\" content=\"Conex France\" \/>\n<meta property=\"article:published_time\" content=\"2020-12-12T08:25:01+00:00\" \/>\n<meta property=\"article:modified_time\" content=\"2020-12-29T11:12:54+00:00\" \/>\n<meta property=\"og:image\" content=\"https:\/\/www.conex.net\/fr\/wp-content\/uploads\/sites\/2\/2020\/06\/A-UK1.jpg\" \/>\n\t<meta property=\"og:image:width\" content=\"551\" \/>\n\t<meta property=\"og:image:height\" content=\"289\" \/>\n\t<meta property=\"og:image:type\" content=\"image\/jpeg\" \/>\n<meta name=\"author\" content=\"admin@conex-net\" \/>\n<meta name=\"twitter:card\" content=\"summary_large_image\" \/>\n<meta name=\"twitter:label1\" content=\"\u00c9crit par\" \/>\n\t<meta name=\"twitter:data1\" content=\"admin@conex-net\" \/>\n<script type=\"application\/ld+json\" class=\"yoast-schema-graph\">{\"@context\":\"https:\\\/\\\/schema.org\",\"@graph\":[{\"@type\":\"Article\",\"@id\":\"https:\\\/\\\/www.conex.net\\\/fr\\\/brexit-origine-preferentielle-a-lissue-de-la-periode-de-transition\\\/#article\",\"isPartOf\":{\"@id\":\"https:\\\/\\\/www.conex.net\\\/fr\\\/brexit-origine-preferentielle-a-lissue-de-la-periode-de-transition\\\/\"},\"author\":{\"name\":\"admin@conex-net\",\"@id\":\"https:\\\/\\\/www.conex.net\\\/fr\\\/#\\\/schema\\\/person\\\/028dad5f0ba1e2df5f2e9760898dfba9\"},\"headline\":\"BREXIT : Origine pr\u00e9f\u00e9rentielle \u00e0 l\u2019issue de la p\u00e9riode de transition\",\"datePublished\":\"2020-12-12T08:25:01+00:00\",\"dateModified\":\"2020-12-29T11:12:54+00:00\",\"mainEntityOfPage\":{\"@id\":\"https:\\\/\\\/www.conex.net\\\/fr\\\/brexit-origine-preferentielle-a-lissue-de-la-periode-de-transition\\\/\"},\"wordCount\":91,\"publisher\":{\"@id\":\"https:\\\/\\\/www.conex.net\\\/fr\\\/#organization\"},\"image\":{\"@id\":\"https:\\\/\\\/www.conex.net\\\/fr\\\/brexit-origine-preferentielle-a-lissue-de-la-periode-de-transition\\\/#primaryimage\"},\"thumbnailUrl\":\"https:\\\/\\\/www.conex.net\\\/fr\\\/wp-content\\\/uploads\\\/sites\\\/2\\\/2020\\\/06\\\/A-UK1.jpg\",\"keywords\":[\"BREXIT\",\"conex\",\"DGDDI\",\"douane\",\"france\"],\"articleSection\":[\"BREXIT\"],\"inLanguage\":\"fr-FR\"},{\"@type\":\"WebPage\",\"@id\":\"https:\\\/\\\/www.conex.net\\\/fr\\\/brexit-origine-preferentielle-a-lissue-de-la-periode-de-transition\\\/\",\"url\":\"https:\\\/\\\/www.conex.net\\\/fr\\\/brexit-origine-preferentielle-a-lissue-de-la-periode-de-transition\\\/\",\"name\":\"BREXIT : Origine pr\u00e9f\u00e9rentielle \u00e0 l\u2019issue de la p\u00e9riode de transition -\",\"isPartOf\":{\"@id\":\"https:\\\/\\\/www.conex.net\\\/fr\\\/#website\"},\"primaryImageOfPage\":{\"@id\":\"https:\\\/\\\/www.conex.net\\\/fr\\\/brexit-origine-preferentielle-a-lissue-de-la-periode-de-transition\\\/#primaryimage\"},\"image\":{\"@id\":\"https:\\\/\\\/www.conex.net\\\/fr\\\/brexit-origine-preferentielle-a-lissue-de-la-periode-de-transition\\\/#primaryimage\"},\"thumbnailUrl\":\"https:\\\/\\\/www.conex.net\\\/fr\\\/wp-content\\\/uploads\\\/sites\\\/2\\\/2020\\\/06\\\/A-UK1.jpg\",\"datePublished\":\"2020-12-12T08:25:01+00:00\",\"dateModified\":\"2020-12-29T11:12:54+00:00\",\"description\":\"La DGDDI diffuse une note relative aux r\u00e8gles applicables en mati\u00e8re d\u2019origine pr\u00e9f\u00e9rentielle \u00e0 l\u2019issue de la p\u00e9riode de transition.\",\"breadcrumb\":{\"@id\":\"https:\\\/\\\/www.conex.net\\\/fr\\\/brexit-origine-preferentielle-a-lissue-de-la-periode-de-transition\\\/#breadcrumb\"},\"inLanguage\":\"fr-FR\",\"potentialAction\":[{\"@type\":\"ReadAction\",\"target\":[\"https:\\\/\\\/www.conex.net\\\/fr\\\/brexit-origine-preferentielle-a-lissue-de-la-periode-de-transition\\\/\"]}]},{\"@type\":\"ImageObject\",\"inLanguage\":\"fr-FR\",\"@id\":\"https:\\\/\\\/www.conex.net\\\/fr\\\/brexit-origine-preferentielle-a-lissue-de-la-periode-de-transition\\\/#primaryimage\",\"url\":\"https:\\\/\\\/www.conex.net\\\/fr\\\/wp-content\\\/uploads\\\/sites\\\/2\\\/2020\\\/06\\\/A-UK1.jpg\",\"contentUrl\":\"https:\\\/\\\/www.conex.net\\\/fr\\\/wp-content\\\/uploads\\\/sites\\\/2\\\/2020\\\/06\\\/A-UK1.jpg\",\"width\":551,\"height\":289,\"caption\":\"brexit DGDDI DOUANE\"},{\"@type\":\"BreadcrumbList\",\"@id\":\"https:\\\/\\\/www.conex.net\\\/fr\\\/brexit-origine-preferentielle-a-lissue-de-la-periode-de-transition\\\/#breadcrumb\",\"itemListElement\":[{\"@type\":\"ListItem\",\"position\":1,\"name\":\"Accueil\",\"item\":\"https:\\\/\\\/www.conex.net\\\/fr\\\/\"},{\"@type\":\"ListItem\",\"position\":2,\"name\":\"BREXIT : Origine pr\u00e9f\u00e9rentielle \u00e0 l\u2019issue de la p\u00e9riode de transition\"}]},{\"@type\":\"WebSite\",\"@id\":\"https:\\\/\\\/www.conex.net\\\/fr\\\/#website\",\"url\":\"https:\\\/\\\/www.conex.net\\\/fr\\\/\",\"name\":\"Conex France\",\"description\":\"Your customs partner - CONEX FRANCE\",\"publisher\":{\"@id\":\"https:\\\/\\\/www.conex.net\\\/fr\\\/#organization\"},\"potentialAction\":[{\"@type\":\"SearchAction\",\"target\":{\"@type\":\"EntryPoint\",\"urlTemplate\":\"https:\\\/\\\/www.conex.net\\\/fr\\\/?s={search_term_string}\"},\"query-input\":{\"@type\":\"PropertyValueSpecification\",\"valueRequired\":true,\"valueName\":\"search_term_string\"}}],\"inLanguage\":\"fr-FR\"},{\"@type\":\"Organization\",\"@id\":\"https:\\\/\\\/www.conex.net\\\/fr\\\/#organization\",\"name\":\"CONEX SAS\",\"url\":\"https:\\\/\\\/www.conex.net\\\/fr\\\/\",\"logo\":{\"@type\":\"ImageObject\",\"inLanguage\":\"fr-FR\",\"@id\":\"https:\\\/\\\/www.conex.net\\\/fr\\\/#\\\/schema\\\/logo\\\/image\\\/\",\"url\":\"https:\\\/\\\/www.conex.net\\\/fr\\\/wp-content\\\/uploads\\\/sites\\\/2\\\/2018\\\/10\\\/logo-conex.png\",\"contentUrl\":\"https:\\\/\\\/www.conex.net\\\/fr\\\/wp-content\\\/uploads\\\/sites\\\/2\\\/2018\\\/10\\\/logo-conex.png\",\"width\":138,\"height\":49,\"caption\":\"CONEX SAS\"},\"image\":{\"@id\":\"https:\\\/\\\/www.conex.net\\\/fr\\\/#\\\/schema\\\/logo\\\/image\\\/\"}},{\"@type\":\"Person\",\"@id\":\"https:\\\/\\\/www.conex.net\\\/fr\\\/#\\\/schema\\\/person\\\/028dad5f0ba1e2df5f2e9760898dfba9\",\"name\":\"admin@conex-net\",\"image\":{\"@type\":\"ImageObject\",\"inLanguage\":\"fr-FR\",\"@id\":\"https:\\\/\\\/secure.gravatar.com\\\/avatar\\\/ec6ef48a65dc441c5b7eebc066d259e87a66b61b9e92ec24e1850aa972f92206?s=96&d=mm&r=g\",\"url\":\"https:\\\/\\\/secure.gravatar.com\\\/avatar\\\/ec6ef48a65dc441c5b7eebc066d259e87a66b61b9e92ec24e1850aa972f92206?s=96&d=mm&r=g\",\"contentUrl\":\"https:\\\/\\\/secure.gravatar.com\\\/avatar\\\/ec6ef48a65dc441c5b7eebc066d259e87a66b61b9e92ec24e1850aa972f92206?s=96&d=mm&r=g\",\"caption\":\"admin@conex-net\"},\"url\":\"https:\\\/\\\/www.conex.net\\\/fr\\\/author\\\/adminconex-net\\\/\"}]}<\/script>\n<!-- \/ Yoast SEO plugin. -->","yoast_head_json":{"title":"BREXIT : Origine pr\u00e9f\u00e9rentielle \u00e0 l\u2019issue de la p\u00e9riode de transition -","description":"La DGDDI diffuse une note relative aux r\u00e8gles applicables en mati\u00e8re d\u2019origine pr\u00e9f\u00e9rentielle \u00e0 l\u2019issue de la p\u00e9riode de transition.","robots":{"index":"index","follow":"follow","max-snippet":"max-snippet:-1","max-image-preview":"max-image-preview:large","max-video-preview":"max-video-preview:-1"},"canonical":"https:\/\/www.conex.net\/fr\/brexit-origine-preferentielle-a-lissue-de-la-periode-de-transition\/","og_locale":"fr_FR","og_type":"article","og_title":"BREXIT : Origine pr\u00e9f\u00e9rentielle \u00e0 l\u2019issue de la p\u00e9riode de transition -","og_description":"La DGDDI diffuse une note relative aux r\u00e8gles applicables en mati\u00e8re d\u2019origine pr\u00e9f\u00e9rentielle \u00e0 l\u2019issue de la p\u00e9riode de transition.","og_url":"https:\/\/www.conex.net\/fr\/brexit-origine-preferentielle-a-lissue-de-la-periode-de-transition\/","og_site_name":"Conex France","article_published_time":"2020-12-12T08:25:01+00:00","article_modified_time":"2020-12-29T11:12:54+00:00","og_image":[{"width":551,"height":289,"url":"https:\/\/www.conex.net\/fr\/wp-content\/uploads\/sites\/2\/2020\/06\/A-UK1.jpg","type":"image\/jpeg"}],"author":"admin@conex-net","twitter_card":"summary_large_image","twitter_misc":{"\u00c9crit par":"admin@conex-net"},"schema":{"@context":"https:\/\/schema.org","@graph":[{"@type":"Article","@id":"https:\/\/www.conex.net\/fr\/brexit-origine-preferentielle-a-lissue-de-la-periode-de-transition\/#article","isPartOf":{"@id":"https:\/\/www.conex.net\/fr\/brexit-origine-preferentielle-a-lissue-de-la-periode-de-transition\/"},"author":{"name":"admin@conex-net","@id":"https:\/\/www.conex.net\/fr\/#\/schema\/person\/028dad5f0ba1e2df5f2e9760898dfba9"},"headline":"BREXIT : Origine pr\u00e9f\u00e9rentielle \u00e0 l\u2019issue de la p\u00e9riode de transition","datePublished":"2020-12-12T08:25:01+00:00","dateModified":"2020-12-29T11:12:54+00:00","mainEntityOfPage":{"@id":"https:\/\/www.conex.net\/fr\/brexit-origine-preferentielle-a-lissue-de-la-periode-de-transition\/"},"wordCount":91,"publisher":{"@id":"https:\/\/www.conex.net\/fr\/#organization"},"image":{"@id":"https:\/\/www.conex.net\/fr\/brexit-origine-preferentielle-a-lissue-de-la-periode-de-transition\/#primaryimage"},"thumbnailUrl":"https:\/\/www.conex.net\/fr\/wp-content\/uploads\/sites\/2\/2020\/06\/A-UK1.jpg","keywords":["BREXIT","conex","DGDDI","douane","france"],"articleSection":["BREXIT"],"inLanguage":"fr-FR"},{"@type":"WebPage","@id":"https:\/\/www.conex.net\/fr\/brexit-origine-preferentielle-a-lissue-de-la-periode-de-transition\/","url":"https:\/\/www.conex.net\/fr\/brexit-origine-preferentielle-a-lissue-de-la-periode-de-transition\/","name":"BREXIT : Origine pr\u00e9f\u00e9rentielle \u00e0 l\u2019issue de la p\u00e9riode de transition -","isPartOf":{"@id":"https:\/\/www.conex.net\/fr\/#website"},"primaryImageOfPage":{"@id":"https:\/\/www.conex.net\/fr\/brexit-origine-preferentielle-a-lissue-de-la-periode-de-transition\/#primaryimage"},"image":{"@id":"https:\/\/www.conex.net\/fr\/brexit-origine-preferentielle-a-lissue-de-la-periode-de-transition\/#primaryimage"},"thumbnailUrl":"https:\/\/www.conex.net\/fr\/wp-content\/uploads\/sites\/2\/2020\/06\/A-UK1.jpg","datePublished":"2020-12-12T08:25:01+00:00","dateModified":"2020-12-29T11:12:54+00:00","description":"La DGDDI diffuse une note relative aux r\u00e8gles applicables en mati\u00e8re d\u2019origine pr\u00e9f\u00e9rentielle \u00e0 l\u2019issue de la p\u00e9riode de transition.","breadcrumb":{"@id":"https:\/\/www.conex.net\/fr\/brexit-origine-preferentielle-a-lissue-de-la-periode-de-transition\/#breadcrumb"},"inLanguage":"fr-FR","potentialAction":[{"@type":"ReadAction","target":["https:\/\/www.conex.net\/fr\/brexit-origine-preferentielle-a-lissue-de-la-periode-de-transition\/"]}]},{"@type":"ImageObject","inLanguage":"fr-FR","@id":"https:\/\/www.conex.net\/fr\/brexit-origine-preferentielle-a-lissue-de-la-periode-de-transition\/#primaryimage","url":"https:\/\/www.conex.net\/fr\/wp-content\/uploads\/sites\/2\/2020\/06\/A-UK1.jpg","contentUrl":"https:\/\/www.conex.net\/fr\/wp-content\/uploads\/sites\/2\/2020\/06\/A-UK1.jpg","width":551,"height":289,"caption":"brexit DGDDI DOUANE"},{"@type":"BreadcrumbList","@id":"https:\/\/www.conex.net\/fr\/brexit-origine-preferentielle-a-lissue-de-la-periode-de-transition\/#breadcrumb","itemListElement":[{"@type":"ListItem","position":1,"name":"Accueil","item":"https:\/\/www.conex.net\/fr\/"},{"@type":"ListItem","position":2,"name":"BREXIT : Origine pr\u00e9f\u00e9rentielle \u00e0 l\u2019issue de la p\u00e9riode de transition"}]},{"@type":"WebSite","@id":"https:\/\/www.conex.net\/fr\/#website","url":"https:\/\/www.conex.net\/fr\/","name":"Conex France","description":"Your customs partner - CONEX FRANCE","publisher":{"@id":"https:\/\/www.conex.net\/fr\/#organization"},"potentialAction":[{"@type":"SearchAction","target":{"@type":"EntryPoint","urlTemplate":"https:\/\/www.conex.net\/fr\/?s={search_term_string}"},"query-input":{"@type":"PropertyValueSpecification","valueRequired":true,"valueName":"search_term_string"}}],"inLanguage":"fr-FR"},{"@type":"Organization","@id":"https:\/\/www.conex.net\/fr\/#organization","name":"CONEX SAS","url":"https:\/\/www.conex.net\/fr\/","logo":{"@type":"ImageObject","inLanguage":"fr-FR","@id":"https:\/\/www.conex.net\/fr\/#\/schema\/logo\/image\/","url":"https:\/\/www.conex.net\/fr\/wp-content\/uploads\/sites\/2\/2018\/10\/logo-conex.png","contentUrl":"https:\/\/www.conex.net\/fr\/wp-content\/uploads\/sites\/2\/2018\/10\/logo-conex.png","width":138,"height":49,"caption":"CONEX SAS"},"image":{"@id":"https:\/\/www.conex.net\/fr\/#\/schema\/logo\/image\/"}},{"@type":"Person","@id":"https:\/\/www.conex.net\/fr\/#\/schema\/person\/028dad5f0ba1e2df5f2e9760898dfba9","name":"admin@conex-net","image":{"@type":"ImageObject","inLanguage":"fr-FR","@id":"https:\/\/secure.gravatar.com\/avatar\/ec6ef48a65dc441c5b7eebc066d259e87a66b61b9e92ec24e1850aa972f92206?s=96&d=mm&r=g","url":"https:\/\/secure.gravatar.com\/avatar\/ec6ef48a65dc441c5b7eebc066d259e87a66b61b9e92ec24e1850aa972f92206?s=96&d=mm&r=g","contentUrl":"https:\/\/secure.gravatar.com\/avatar\/ec6ef48a65dc441c5b7eebc066d259e87a66b61b9e92ec24e1850aa972f92206?s=96&d=mm&r=g","caption":"admin@conex-net"},"url":"https:\/\/www.conex.net\/fr\/author\/adminconex-net\/"}]}},"_links":{"self":[{"href":"https:\/\/www.conex.net\/fr\/wp-json\/wp\/v2\/posts\/5269","targetHints":{"allow":["GET"]}}],"collection":[{"href":"https:\/\/www.conex.net\/fr\/wp-json\/wp\/v2\/posts"}],"about":[{"href":"https:\/\/www.conex.net\/fr\/wp-json\/wp\/v2\/types\/post"}],"author":[{"embeddable":true,"href":"https:\/\/www.conex.net\/fr\/wp-json\/wp\/v2\/users\/1"}],"replies":[{"embeddable":true,"href":"https:\/\/www.conex.net\/fr\/wp-json\/wp\/v2\/comments?post=5269"}],"version-history":[{"count":3,"href":"https:\/\/www.conex.net\/fr\/wp-json\/wp\/v2\/posts\/5269\/revisions"}],"predecessor-version":[{"id":5274,"href":"https:\/\/www.conex.net\/fr\/wp-json\/wp\/v2\/posts\/5269\/revisions\/5274"}],"wp:featuredmedia":[{"embeddable":true,"href":"https:\/\/www.conex.net\/fr\/wp-json\/wp\/v2\/media\/4668"}],"wp:attachment":[{"href":"https:\/\/www.conex.net\/fr\/wp-json\/wp\/v2\/media?parent=5269"}],"wp:term":[{"taxonomy":"category","embeddable":true,"href":"https:\/\/www.conex.net\/fr\/wp-json\/wp\/v2\/categories?post=5269"},{"taxonomy":"post_tag","embeddable":true,"href":"https:\/\/www.conex.net\/fr\/wp-json\/wp\/v2\/tags?post=5269"},{"taxonomy":"sp_smart_badges","embeddable":true,"href":"https:\/\/www.conex.net\/fr\/wp-json\/wp\/v2\/sp_smart_badges?post=5269"}],"curies":[{"name":"wp","href":"https:\/\/api.w.org\/{rel}","templated":true}]}}