{"id":5361,"date":"2020-12-28T16:57:35","date_gmt":"2020-12-28T15:57:35","guid":{"rendered":"https:\/\/www.conex.net\/fr\/?p=5361"},"modified":"2020-12-29T12:15:14","modified_gmt":"2020-12-29T11:15:14","slug":"dgddi-creation-du-cana-general-tva-v201","status":"publish","type":"post","link":"https:\/\/www.conex.net\/fr\/dgddi-creation-du-cana-general-tva-v201\/","title":{"rendered":"DGDDI \u2013 Cr\u00e9ation du CANA g\u00e9n\u00e9ral TVA V201"},"content":{"rendered":"<div id=\"pl-5361\"  class=\"panel-layout\" ><div id=\"pg-5361-0\"  class=\"panel-grid panel-no-style\" ><div id=\"pgc-5361-0-0\"  class=\"panel-grid-cell\" ><div id=\"panel-5361-0-0-0\" class=\"so-panel widget widget_sow-editor panel-first-child panel-last-child\" data-index=\"0\" ><div\n\t\t\t\n\t\t\tclass=\"so-widget-sow-editor so-widget-sow-editor-base\"\n\t\t\t\n\t\t>\n<div class=\"siteorigin-widget-tinymce textwidget\">\n\t<p>&nbsp;<\/p>\n<p><img loading=\"lazy\" decoding=\"async\" class=\"alignleft size-full wp-image-4791\" src=\"https:\/\/www.conex.net\/fr\/wp-content\/uploads\/sites\/2\/2020\/07\/Reglementation-Douane.jpg\" alt=\"Reglementation-Douane\" width=\"354\" height=\"185\" srcset=\"https:\/\/www.conex.net\/fr\/wp-content\/uploads\/sites\/2\/2020\/07\/Reglementation-Douane.jpg 354w, https:\/\/www.conex.net\/fr\/wp-content\/uploads\/sites\/2\/2020\/07\/Reglementation-Douane-300x157.jpg 300w\" sizes=\"auto, (max-width: 354px) 100vw, 354px\" \/><\/p>\n<p>Cr\u00e9ation du CANA g\u00e9n\u00e9ral <strong>TVA V201<\/strong> (type de mesure TVB) permettant de b\u00e9n\u00e9ficier de l\u2019exon\u00e9ration de la TVA sur les vaccins contre le covid 19. Date d\u2019entr\u00e9e r\u00e9troactive au 15\/10\/2020.<br \/>\n<a href=\"https:\/\/www.edouane.com\/dgddi-creation-du-cana-general-tva-v201\/\" target=\"_blank\" rel=\"noopener noreferrer\">En savoir plus<\/a><\/p>\n<\/div>\n<\/div><\/div><\/div><\/div><\/div>","protected":false},"excerpt":{"rendered":"<p>&nbsp; Cr\u00e9ation du CANA g\u00e9n\u00e9ral TVA V201 (type de mesure TVB) permettant de b\u00e9n\u00e9ficier de l\u2019exon\u00e9ration de la TVA sur les vaccins contre le covid 19. Date d\u2019entr\u00e9e r\u00e9troactive au 15\/10\/2020. En savoir plus<\/p>\n","protected":false},"author":1,"featured_media":4791,"comment_status":"closed","ping_status":"open","sticky":false,"template":"","format":"standard","meta":{"footnotes":""},"categories":[83],"tags":[37,96,87],"sp_smart_badges":[],"class_list":["post-5361","post","type-post","status-publish","format-standard","has-post-thumbnail","hentry","category-reglementation-douane","tag-brexit","tag-dgddi","tag-douane"],"yoast_head":"<!-- This site is optimized with the Yoast SEO plugin v27.5 - https:\/\/yoast.com\/product\/yoast-seo-wordpress\/ -->\n<title>DGDDI \u2013 Cr\u00e9ation du CANA g\u00e9n\u00e9ral TVA V201 - Conex France<\/title>\n<meta name=\"description\" content=\"Cr\u00e9ation du CANA g\u00e9n\u00e9ral TVA V201 (type de mesure TVB) permettant de b\u00e9n\u00e9ficier de l\u2019exon\u00e9ration de la TVA sur les vaccins contre le covid 19.\" \/>\n<meta name=\"robots\" content=\"index, follow, max-snippet:-1, max-image-preview:large, max-video-preview:-1\" \/>\n<link rel=\"canonical\" href=\"https:\/\/www.conex.net\/fr\/dgddi-creation-du-cana-general-tva-v201\/\" \/>\n<meta property=\"og:locale\" content=\"fr_FR\" \/>\n<meta property=\"og:type\" content=\"article\" \/>\n<meta property=\"og:title\" content=\"DGDDI \u2013 Cr\u00e9ation du CANA g\u00e9n\u00e9ral TVA V201 - Conex France\" \/>\n<meta property=\"og:description\" content=\"Cr\u00e9ation du CANA g\u00e9n\u00e9ral TVA V201 (type de mesure TVB) permettant de b\u00e9n\u00e9ficier de l\u2019exon\u00e9ration de la TVA sur les vaccins contre le covid 19.\" \/>\n<meta property=\"og:url\" content=\"https:\/\/www.conex.net\/fr\/dgddi-creation-du-cana-general-tva-v201\/\" \/>\n<meta property=\"og:site_name\" content=\"Conex France\" \/>\n<meta property=\"article:published_time\" content=\"2020-12-28T15:57:35+00:00\" \/>\n<meta property=\"article:modified_time\" content=\"2020-12-29T11:15:14+00:00\" \/>\n<meta property=\"og:image\" content=\"https:\/\/www.conex.net\/fr\/wp-content\/uploads\/sites\/2\/2020\/07\/Reglementation-Douane.jpg\" \/>\n\t<meta property=\"og:image:width\" content=\"354\" \/>\n\t<meta property=\"og:image:height\" content=\"185\" \/>\n\t<meta property=\"og:image:type\" content=\"image\/jpeg\" \/>\n<meta name=\"author\" content=\"admin@conex-net\" \/>\n<meta name=\"twitter:card\" content=\"summary_large_image\" \/>\n<meta name=\"twitter:label1\" content=\"\u00c9crit par\" \/>\n\t<meta name=\"twitter:data1\" content=\"admin@conex-net\" \/>\n<script type=\"application\/ld+json\" class=\"yoast-schema-graph\">{\"@context\":\"https:\\\/\\\/schema.org\",\"@graph\":[{\"@type\":\"Article\",\"@id\":\"https:\\\/\\\/www.conex.net\\\/fr\\\/dgddi-creation-du-cana-general-tva-v201\\\/#article\",\"isPartOf\":{\"@id\":\"https:\\\/\\\/www.conex.net\\\/fr\\\/dgddi-creation-du-cana-general-tva-v201\\\/\"},\"author\":{\"name\":\"admin@conex-net\",\"@id\":\"https:\\\/\\\/www.conex.net\\\/fr\\\/#\\\/schema\\\/person\\\/028dad5f0ba1e2df5f2e9760898dfba9\"},\"headline\":\"DGDDI \u2013 Cr\u00e9ation du CANA g\u00e9n\u00e9ral TVA V201\",\"datePublished\":\"2020-12-28T15:57:35+00:00\",\"dateModified\":\"2020-12-29T11:15:14+00:00\",\"mainEntityOfPage\":{\"@id\":\"https:\\\/\\\/www.conex.net\\\/fr\\\/dgddi-creation-du-cana-general-tva-v201\\\/\"},\"wordCount\":52,\"publisher\":{\"@id\":\"https:\\\/\\\/www.conex.net\\\/fr\\\/#organization\"},\"image\":{\"@id\":\"https:\\\/\\\/www.conex.net\\\/fr\\\/dgddi-creation-du-cana-general-tva-v201\\\/#primaryimage\"},\"thumbnailUrl\":\"https:\\\/\\\/www.conex.net\\\/fr\\\/wp-content\\\/uploads\\\/sites\\\/2\\\/2020\\\/07\\\/Reglementation-Douane.jpg\",\"keywords\":[\"BREXIT\",\"DGDDI\",\"douane\"],\"articleSection\":[\"R\u00c9GLEMENTATION\"],\"inLanguage\":\"fr-FR\"},{\"@type\":\"WebPage\",\"@id\":\"https:\\\/\\\/www.conex.net\\\/fr\\\/dgddi-creation-du-cana-general-tva-v201\\\/\",\"url\":\"https:\\\/\\\/www.conex.net\\\/fr\\\/dgddi-creation-du-cana-general-tva-v201\\\/\",\"name\":\"DGDDI \u2013 Cr\u00e9ation du CANA g\u00e9n\u00e9ral TVA V201 - Conex France\",\"isPartOf\":{\"@id\":\"https:\\\/\\\/www.conex.net\\\/fr\\\/#website\"},\"primaryImageOfPage\":{\"@id\":\"https:\\\/\\\/www.conex.net\\\/fr\\\/dgddi-creation-du-cana-general-tva-v201\\\/#primaryimage\"},\"image\":{\"@id\":\"https:\\\/\\\/www.conex.net\\\/fr\\\/dgddi-creation-du-cana-general-tva-v201\\\/#primaryimage\"},\"thumbnailUrl\":\"https:\\\/\\\/www.conex.net\\\/fr\\\/wp-content\\\/uploads\\\/sites\\\/2\\\/2020\\\/07\\\/Reglementation-Douane.jpg\",\"datePublished\":\"2020-12-28T15:57:35+00:00\",\"dateModified\":\"2020-12-29T11:15:14+00:00\",\"description\":\"Cr\u00e9ation du CANA g\u00e9n\u00e9ral TVA V201 (type de mesure TVB) permettant de b\u00e9n\u00e9ficier de l\u2019exon\u00e9ration de la TVA sur les vaccins contre le covid 19.\",\"breadcrumb\":{\"@id\":\"https:\\\/\\\/www.conex.net\\\/fr\\\/dgddi-creation-du-cana-general-tva-v201\\\/#breadcrumb\"},\"inLanguage\":\"fr-FR\",\"potentialAction\":[{\"@type\":\"ReadAction\",\"target\":[\"https:\\\/\\\/www.conex.net\\\/fr\\\/dgddi-creation-du-cana-general-tva-v201\\\/\"]}]},{\"@type\":\"ImageObject\",\"inLanguage\":\"fr-FR\",\"@id\":\"https:\\\/\\\/www.conex.net\\\/fr\\\/dgddi-creation-du-cana-general-tva-v201\\\/#primaryimage\",\"url\":\"https:\\\/\\\/www.conex.net\\\/fr\\\/wp-content\\\/uploads\\\/sites\\\/2\\\/2020\\\/07\\\/Reglementation-Douane.jpg\",\"contentUrl\":\"https:\\\/\\\/www.conex.net\\\/fr\\\/wp-content\\\/uploads\\\/sites\\\/2\\\/2020\\\/07\\\/Reglementation-Douane.jpg\",\"width\":354,\"height\":185,\"caption\":\"Reglementation-Douane\"},{\"@type\":\"BreadcrumbList\",\"@id\":\"https:\\\/\\\/www.conex.net\\\/fr\\\/dgddi-creation-du-cana-general-tva-v201\\\/#breadcrumb\",\"itemListElement\":[{\"@type\":\"ListItem\",\"position\":1,\"name\":\"Accueil\",\"item\":\"https:\\\/\\\/www.conex.net\\\/fr\\\/\"},{\"@type\":\"ListItem\",\"position\":2,\"name\":\"DGDDI \u2013 Cr\u00e9ation du CANA g\u00e9n\u00e9ral TVA V201\"}]},{\"@type\":\"WebSite\",\"@id\":\"https:\\\/\\\/www.conex.net\\\/fr\\\/#website\",\"url\":\"https:\\\/\\\/www.conex.net\\\/fr\\\/\",\"name\":\"Conex France\",\"description\":\"Your customs partner - CONEX FRANCE\",\"publisher\":{\"@id\":\"https:\\\/\\\/www.conex.net\\\/fr\\\/#organization\"},\"potentialAction\":[{\"@type\":\"SearchAction\",\"target\":{\"@type\":\"EntryPoint\",\"urlTemplate\":\"https:\\\/\\\/www.conex.net\\\/fr\\\/?s={search_term_string}\"},\"query-input\":{\"@type\":\"PropertyValueSpecification\",\"valueRequired\":true,\"valueName\":\"search_term_string\"}}],\"inLanguage\":\"fr-FR\"},{\"@type\":\"Organization\",\"@id\":\"https:\\\/\\\/www.conex.net\\\/fr\\\/#organization\",\"name\":\"CONEX SAS\",\"url\":\"https:\\\/\\\/www.conex.net\\\/fr\\\/\",\"logo\":{\"@type\":\"ImageObject\",\"inLanguage\":\"fr-FR\",\"@id\":\"https:\\\/\\\/www.conex.net\\\/fr\\\/#\\\/schema\\\/logo\\\/image\\\/\",\"url\":\"https:\\\/\\\/www.conex.net\\\/fr\\\/wp-content\\\/uploads\\\/sites\\\/2\\\/2018\\\/10\\\/logo-conex.png\",\"contentUrl\":\"https:\\\/\\\/www.conex.net\\\/fr\\\/wp-content\\\/uploads\\\/sites\\\/2\\\/2018\\\/10\\\/logo-conex.png\",\"width\":138,\"height\":49,\"caption\":\"CONEX SAS\"},\"image\":{\"@id\":\"https:\\\/\\\/www.conex.net\\\/fr\\\/#\\\/schema\\\/logo\\\/image\\\/\"}},{\"@type\":\"Person\",\"@id\":\"https:\\\/\\\/www.conex.net\\\/fr\\\/#\\\/schema\\\/person\\\/028dad5f0ba1e2df5f2e9760898dfba9\",\"name\":\"admin@conex-net\",\"image\":{\"@type\":\"ImageObject\",\"inLanguage\":\"fr-FR\",\"@id\":\"https:\\\/\\\/secure.gravatar.com\\\/avatar\\\/ec6ef48a65dc441c5b7eebc066d259e87a66b61b9e92ec24e1850aa972f92206?s=96&d=mm&r=g\",\"url\":\"https:\\\/\\\/secure.gravatar.com\\\/avatar\\\/ec6ef48a65dc441c5b7eebc066d259e87a66b61b9e92ec24e1850aa972f92206?s=96&d=mm&r=g\",\"contentUrl\":\"https:\\\/\\\/secure.gravatar.com\\\/avatar\\\/ec6ef48a65dc441c5b7eebc066d259e87a66b61b9e92ec24e1850aa972f92206?s=96&d=mm&r=g\",\"caption\":\"admin@conex-net\"},\"url\":\"https:\\\/\\\/www.conex.net\\\/fr\\\/author\\\/adminconex-net\\\/\"}]}<\/script>\n<!-- \/ Yoast SEO plugin. -->","yoast_head_json":{"title":"DGDDI \u2013 Cr\u00e9ation du CANA g\u00e9n\u00e9ral TVA V201 - Conex France","description":"Cr\u00e9ation du CANA g\u00e9n\u00e9ral TVA V201 (type de mesure TVB) permettant de b\u00e9n\u00e9ficier de l\u2019exon\u00e9ration de la TVA sur les vaccins contre le covid 19.","robots":{"index":"index","follow":"follow","max-snippet":"max-snippet:-1","max-image-preview":"max-image-preview:large","max-video-preview":"max-video-preview:-1"},"canonical":"https:\/\/www.conex.net\/fr\/dgddi-creation-du-cana-general-tva-v201\/","og_locale":"fr_FR","og_type":"article","og_title":"DGDDI \u2013 Cr\u00e9ation du CANA g\u00e9n\u00e9ral TVA V201 - Conex France","og_description":"Cr\u00e9ation du CANA g\u00e9n\u00e9ral TVA V201 (type de mesure TVB) permettant de b\u00e9n\u00e9ficier de l\u2019exon\u00e9ration de la TVA sur les vaccins contre le covid 19.","og_url":"https:\/\/www.conex.net\/fr\/dgddi-creation-du-cana-general-tva-v201\/","og_site_name":"Conex France","article_published_time":"2020-12-28T15:57:35+00:00","article_modified_time":"2020-12-29T11:15:14+00:00","og_image":[{"width":354,"height":185,"url":"https:\/\/www.conex.net\/fr\/wp-content\/uploads\/sites\/2\/2020\/07\/Reglementation-Douane.jpg","type":"image\/jpeg"}],"author":"admin@conex-net","twitter_card":"summary_large_image","twitter_misc":{"\u00c9crit par":"admin@conex-net"},"schema":{"@context":"https:\/\/schema.org","@graph":[{"@type":"Article","@id":"https:\/\/www.conex.net\/fr\/dgddi-creation-du-cana-general-tva-v201\/#article","isPartOf":{"@id":"https:\/\/www.conex.net\/fr\/dgddi-creation-du-cana-general-tva-v201\/"},"author":{"name":"admin@conex-net","@id":"https:\/\/www.conex.net\/fr\/#\/schema\/person\/028dad5f0ba1e2df5f2e9760898dfba9"},"headline":"DGDDI \u2013 Cr\u00e9ation du CANA g\u00e9n\u00e9ral TVA V201","datePublished":"2020-12-28T15:57:35+00:00","dateModified":"2020-12-29T11:15:14+00:00","mainEntityOfPage":{"@id":"https:\/\/www.conex.net\/fr\/dgddi-creation-du-cana-general-tva-v201\/"},"wordCount":52,"publisher":{"@id":"https:\/\/www.conex.net\/fr\/#organization"},"image":{"@id":"https:\/\/www.conex.net\/fr\/dgddi-creation-du-cana-general-tva-v201\/#primaryimage"},"thumbnailUrl":"https:\/\/www.conex.net\/fr\/wp-content\/uploads\/sites\/2\/2020\/07\/Reglementation-Douane.jpg","keywords":["BREXIT","DGDDI","douane"],"articleSection":["R\u00c9GLEMENTATION"],"inLanguage":"fr-FR"},{"@type":"WebPage","@id":"https:\/\/www.conex.net\/fr\/dgddi-creation-du-cana-general-tva-v201\/","url":"https:\/\/www.conex.net\/fr\/dgddi-creation-du-cana-general-tva-v201\/","name":"DGDDI \u2013 Cr\u00e9ation du CANA g\u00e9n\u00e9ral TVA V201 - Conex France","isPartOf":{"@id":"https:\/\/www.conex.net\/fr\/#website"},"primaryImageOfPage":{"@id":"https:\/\/www.conex.net\/fr\/dgddi-creation-du-cana-general-tva-v201\/#primaryimage"},"image":{"@id":"https:\/\/www.conex.net\/fr\/dgddi-creation-du-cana-general-tva-v201\/#primaryimage"},"thumbnailUrl":"https:\/\/www.conex.net\/fr\/wp-content\/uploads\/sites\/2\/2020\/07\/Reglementation-Douane.jpg","datePublished":"2020-12-28T15:57:35+00:00","dateModified":"2020-12-29T11:15:14+00:00","description":"Cr\u00e9ation du CANA g\u00e9n\u00e9ral TVA V201 (type de mesure TVB) permettant de b\u00e9n\u00e9ficier de l\u2019exon\u00e9ration de la TVA sur les vaccins contre le covid 19.","breadcrumb":{"@id":"https:\/\/www.conex.net\/fr\/dgddi-creation-du-cana-general-tva-v201\/#breadcrumb"},"inLanguage":"fr-FR","potentialAction":[{"@type":"ReadAction","target":["https:\/\/www.conex.net\/fr\/dgddi-creation-du-cana-general-tva-v201\/"]}]},{"@type":"ImageObject","inLanguage":"fr-FR","@id":"https:\/\/www.conex.net\/fr\/dgddi-creation-du-cana-general-tva-v201\/#primaryimage","url":"https:\/\/www.conex.net\/fr\/wp-content\/uploads\/sites\/2\/2020\/07\/Reglementation-Douane.jpg","contentUrl":"https:\/\/www.conex.net\/fr\/wp-content\/uploads\/sites\/2\/2020\/07\/Reglementation-Douane.jpg","width":354,"height":185,"caption":"Reglementation-Douane"},{"@type":"BreadcrumbList","@id":"https:\/\/www.conex.net\/fr\/dgddi-creation-du-cana-general-tva-v201\/#breadcrumb","itemListElement":[{"@type":"ListItem","position":1,"name":"Accueil","item":"https:\/\/www.conex.net\/fr\/"},{"@type":"ListItem","position":2,"name":"DGDDI \u2013 Cr\u00e9ation du CANA g\u00e9n\u00e9ral TVA V201"}]},{"@type":"WebSite","@id":"https:\/\/www.conex.net\/fr\/#website","url":"https:\/\/www.conex.net\/fr\/","name":"Conex France","description":"Your customs partner - CONEX FRANCE","publisher":{"@id":"https:\/\/www.conex.net\/fr\/#organization"},"potentialAction":[{"@type":"SearchAction","target":{"@type":"EntryPoint","urlTemplate":"https:\/\/www.conex.net\/fr\/?s={search_term_string}"},"query-input":{"@type":"PropertyValueSpecification","valueRequired":true,"valueName":"search_term_string"}}],"inLanguage":"fr-FR"},{"@type":"Organization","@id":"https:\/\/www.conex.net\/fr\/#organization","name":"CONEX SAS","url":"https:\/\/www.conex.net\/fr\/","logo":{"@type":"ImageObject","inLanguage":"fr-FR","@id":"https:\/\/www.conex.net\/fr\/#\/schema\/logo\/image\/","url":"https:\/\/www.conex.net\/fr\/wp-content\/uploads\/sites\/2\/2018\/10\/logo-conex.png","contentUrl":"https:\/\/www.conex.net\/fr\/wp-content\/uploads\/sites\/2\/2018\/10\/logo-conex.png","width":138,"height":49,"caption":"CONEX SAS"},"image":{"@id":"https:\/\/www.conex.net\/fr\/#\/schema\/logo\/image\/"}},{"@type":"Person","@id":"https:\/\/www.conex.net\/fr\/#\/schema\/person\/028dad5f0ba1e2df5f2e9760898dfba9","name":"admin@conex-net","image":{"@type":"ImageObject","inLanguage":"fr-FR","@id":"https:\/\/secure.gravatar.com\/avatar\/ec6ef48a65dc441c5b7eebc066d259e87a66b61b9e92ec24e1850aa972f92206?s=96&d=mm&r=g","url":"https:\/\/secure.gravatar.com\/avatar\/ec6ef48a65dc441c5b7eebc066d259e87a66b61b9e92ec24e1850aa972f92206?s=96&d=mm&r=g","contentUrl":"https:\/\/secure.gravatar.com\/avatar\/ec6ef48a65dc441c5b7eebc066d259e87a66b61b9e92ec24e1850aa972f92206?s=96&d=mm&r=g","caption":"admin@conex-net"},"url":"https:\/\/www.conex.net\/fr\/author\/adminconex-net\/"}]}},"_links":{"self":[{"href":"https:\/\/www.conex.net\/fr\/wp-json\/wp\/v2\/posts\/5361","targetHints":{"allow":["GET"]}}],"collection":[{"href":"https:\/\/www.conex.net\/fr\/wp-json\/wp\/v2\/posts"}],"about":[{"href":"https:\/\/www.conex.net\/fr\/wp-json\/wp\/v2\/types\/post"}],"author":[{"embeddable":true,"href":"https:\/\/www.conex.net\/fr\/wp-json\/wp\/v2\/users\/1"}],"replies":[{"embeddable":true,"href":"https:\/\/www.conex.net\/fr\/wp-json\/wp\/v2\/comments?post=5361"}],"version-history":[{"count":2,"href":"https:\/\/www.conex.net\/fr\/wp-json\/wp\/v2\/posts\/5361\/revisions"}],"predecessor-version":[{"id":5385,"href":"https:\/\/www.conex.net\/fr\/wp-json\/wp\/v2\/posts\/5361\/revisions\/5385"}],"wp:featuredmedia":[{"embeddable":true,"href":"https:\/\/www.conex.net\/fr\/wp-json\/wp\/v2\/media\/4791"}],"wp:attachment":[{"href":"https:\/\/www.conex.net\/fr\/wp-json\/wp\/v2\/media?parent=5361"}],"wp:term":[{"taxonomy":"category","embeddable":true,"href":"https:\/\/www.conex.net\/fr\/wp-json\/wp\/v2\/categories?post=5361"},{"taxonomy":"post_tag","embeddable":true,"href":"https:\/\/www.conex.net\/fr\/wp-json\/wp\/v2\/tags?post=5361"},{"taxonomy":"sp_smart_badges","embeddable":true,"href":"https:\/\/www.conex.net\/fr\/wp-json\/wp\/v2\/sp_smart_badges?post=5361"}],"curies":[{"name":"wp","href":"https:\/\/api.w.org\/{rel}","templated":true}]}}