{"id":5382,"date":"2020-12-29T12:06:20","date_gmt":"2020-12-29T11:06:20","guid":{"rendered":"https:\/\/www.conex.net\/fr\/?p=5382"},"modified":"2021-01-04T11:06:57","modified_gmt":"2021-01-04T10:06:57","slug":"jorf-ouverture-dun-point-de-controle-frontalier-a-calais","status":"publish","type":"post","link":"https:\/\/www.conex.net\/fr\/jorf-ouverture-dun-point-de-controle-frontalier-a-calais\/","title":{"rendered":"JORF \u2013 Ouverture d\u2019un point de contr\u00f4le frontalier \u00e0 Calais"},"content":{"rendered":"<div id=\"pl-5382\"  class=\"panel-layout\" ><div id=\"pg-5382-0\"  class=\"panel-grid panel-no-style\" ><div id=\"pgc-5382-0-0\"  class=\"panel-grid-cell\" ><div id=\"panel-5382-0-0-0\" class=\"so-panel widget widget_sow-editor panel-first-child panel-last-child\" data-index=\"0\" ><div\n\t\t\t\n\t\t\tclass=\"so-widget-sow-editor so-widget-sow-editor-base\"\n\t\t\t\n\t\t>\n<div class=\"siteorigin-widget-tinymce textwidget\">\n\t<p>&nbsp;<\/p>\n<p><strong><img loading=\"lazy\" decoding=\"async\" class=\"alignleft size-full wp-image-4791\" src=\"https:\/\/www.conex.net\/fr\/wp-content\/uploads\/sites\/2\/2020\/07\/Reglementation-Douane.jpg\" alt=\"Reglementation-Douane\" width=\"354\" height=\"185\" srcset=\"https:\/\/www.conex.net\/fr\/wp-content\/uploads\/sites\/2\/2020\/07\/Reglementation-Douane.jpg 354w, https:\/\/www.conex.net\/fr\/wp-content\/uploads\/sites\/2\/2020\/07\/Reglementation-Douane-300x157.jpg 300w\" sizes=\"auto, (max-width: 354px) 100vw, 354px\" \/><\/strong><\/p>\n<p><strong>Ouverture d\u2019un point de contr\u00f4le frontalier (PCF) \u00e0 Calais \u00e0 compter du 1er janvier 2021 et extension du PCF de Dunkerque Port \u00e0 la zone Ferry<\/strong><\/p>\n<p>Concerne les contr\u00f4les \u00e0 l\u2019importation de la qualit\u00e9 sanitaire et\/ou biologique des denr\u00e9es alimentaires d\u2019origine non animale, de la conformit\u00e9 aux normes de commercialisation de fruits et l\u00e9gumes et de la conformit\u00e9 de mat\u00e9riaux au contact des denr\u00e9es alimentaires \/<\/p>\n<p style=\"font-style: inherit; font-weight: inherit;\">Le Royaume-Uni sortant de l\u2019Union europ\u00e9enne le 1er janvier 2021, les op\u00e9rateurs sont inform\u00e9s de la cr\u00e9ation d\u2019un PCF \u00e0 Calais, g\u00e9r\u00e9 par les services de la direction r\u00e9gionale des douanes de Dunkerque.<\/p>\n<p><a href=\"https:\/\/www.edouane.com\/jorf-ouverture-dun-point-de-controle-frontalier-pcf-a-calais-a-compter-du-1er-janvier-2021-et-extension-du-pcf-de-dunkerque-port-a-la-zone-ferry\/\" target=\"_blank\" rel=\"noopener noreferrer\">Lire la suite sur edouane.com<\/a><\/p>\n<p>&nbsp;<\/p>\n<\/div>\n<\/div><\/div><\/div><\/div><\/div>","protected":false},"excerpt":{"rendered":"<p>&nbsp; Ouverture d\u2019un point de contr\u00f4le frontalier (PCF) \u00e0 Calais \u00e0 compter du 1er janvier 2021 et extension du PCF de Dunkerque Port \u00e0 la zone Ferry Concerne les contr\u00f4les \u00e0 l\u2019importation de la qualit\u00e9 sanitaire et\/ou biologique des denr\u00e9es alimentaires d\u2019origine non animale, de la conformit\u00e9 aux normes de commercialisation de fruits et l\u00e9gumes et de la conformit\u00e9 de mat\u00e9riaux au contact des denr\u00e9es alimentaires \/ Le Royaume-Uni sortant de l\u2019Union europ\u00e9enne le 1er [&hellip;]<\/p>\n","protected":false},"author":1,"featured_media":4791,"comment_status":"closed","ping_status":"open","sticky":false,"template":"","format":"standard","meta":{"footnotes":""},"categories":[83],"tags":[37,102,87,100],"sp_smart_badges":[],"class_list":["post-5382","post","type-post","status-publish","format-standard","has-post-thumbnail","hentry","category-reglementation-douane","tag-brexit","tag-conex","tag-douane","tag-jorf"],"yoast_head":"<!-- This site is optimized with the Yoast SEO plugin v27.5 - https:\/\/yoast.com\/product\/yoast-seo-wordpress\/ -->\n<title>JORF \u2013 Ouverture d\u2019un point de contr\u00f4le frontalier \u00e0 Calais - Conex France<\/title>\n<meta name=\"description\" content=\"Concerne les contr\u00f4les \u00e0 l\u2019importation de la qualit\u00e9 sanitaire et\/ou biologique des denr\u00e9es alimentaires d\u2019origine non animale, de la conformit\u00e9 aux normes de commercialisation de fruits et l\u00e9gumes et de la conformit\u00e9 de mat\u00e9riaux au contact des denr\u00e9es alimentaires\" \/>\n<meta name=\"robots\" content=\"index, follow, max-snippet:-1, max-image-preview:large, max-video-preview:-1\" \/>\n<link rel=\"canonical\" href=\"https:\/\/www.conex.net\/fr\/jorf-ouverture-dun-point-de-controle-frontalier-a-calais\/\" \/>\n<meta property=\"og:locale\" content=\"fr_FR\" \/>\n<meta property=\"og:type\" content=\"article\" \/>\n<meta property=\"og:title\" content=\"JORF \u2013 Ouverture d\u2019un point de contr\u00f4le frontalier \u00e0 Calais - Conex France\" \/>\n<meta property=\"og:description\" content=\"Concerne les contr\u00f4les \u00e0 l\u2019importation de la qualit\u00e9 sanitaire et\/ou biologique des denr\u00e9es alimentaires d\u2019origine non animale, de la conformit\u00e9 aux normes de commercialisation de fruits et l\u00e9gumes et de la conformit\u00e9 de mat\u00e9riaux au contact des denr\u00e9es alimentaires\" \/>\n<meta property=\"og:url\" content=\"https:\/\/www.conex.net\/fr\/jorf-ouverture-dun-point-de-controle-frontalier-a-calais\/\" \/>\n<meta property=\"og:site_name\" content=\"Conex France\" \/>\n<meta property=\"article:published_time\" content=\"2020-12-29T11:06:20+00:00\" \/>\n<meta property=\"article:modified_time\" content=\"2021-01-04T10:06:57+00:00\" \/>\n<meta property=\"og:image\" content=\"https:\/\/www.conex.net\/fr\/wp-content\/uploads\/sites\/2\/2020\/07\/Reglementation-Douane.jpg\" \/>\n\t<meta property=\"og:image:width\" content=\"354\" \/>\n\t<meta property=\"og:image:height\" content=\"185\" \/>\n\t<meta property=\"og:image:type\" content=\"image\/jpeg\" \/>\n<meta name=\"author\" content=\"admin@conex-net\" \/>\n<meta name=\"twitter:card\" content=\"summary_large_image\" \/>\n<meta name=\"twitter:label1\" content=\"\u00c9crit par\" \/>\n\t<meta name=\"twitter:data1\" content=\"admin@conex-net\" \/>\n\t<meta name=\"twitter:label2\" content=\"Dur\u00e9e de lecture estim\u00e9e\" \/>\n\t<meta name=\"twitter:data2\" content=\"1 minute\" \/>\n<script type=\"application\/ld+json\" class=\"yoast-schema-graph\">{\"@context\":\"https:\\\/\\\/schema.org\",\"@graph\":[{\"@type\":\"Article\",\"@id\":\"https:\\\/\\\/www.conex.net\\\/fr\\\/jorf-ouverture-dun-point-de-controle-frontalier-a-calais\\\/#article\",\"isPartOf\":{\"@id\":\"https:\\\/\\\/www.conex.net\\\/fr\\\/jorf-ouverture-dun-point-de-controle-frontalier-a-calais\\\/\"},\"author\":{\"name\":\"admin@conex-net\",\"@id\":\"https:\\\/\\\/www.conex.net\\\/fr\\\/#\\\/schema\\\/person\\\/028dad5f0ba1e2df5f2e9760898dfba9\"},\"headline\":\"JORF \u2013 Ouverture d\u2019un point de contr\u00f4le frontalier \u00e0 Calais\",\"datePublished\":\"2020-12-29T11:06:20+00:00\",\"dateModified\":\"2021-01-04T10:06:57+00:00\",\"mainEntityOfPage\":{\"@id\":\"https:\\\/\\\/www.conex.net\\\/fr\\\/jorf-ouverture-dun-point-de-controle-frontalier-a-calais\\\/\"},\"wordCount\":127,\"publisher\":{\"@id\":\"https:\\\/\\\/www.conex.net\\\/fr\\\/#organization\"},\"image\":{\"@id\":\"https:\\\/\\\/www.conex.net\\\/fr\\\/jorf-ouverture-dun-point-de-controle-frontalier-a-calais\\\/#primaryimage\"},\"thumbnailUrl\":\"https:\\\/\\\/www.conex.net\\\/fr\\\/wp-content\\\/uploads\\\/sites\\\/2\\\/2020\\\/07\\\/Reglementation-Douane.jpg\",\"keywords\":[\"BREXIT\",\"conex\",\"douane\",\"JORF\"],\"articleSection\":[\"R\u00c9GLEMENTATION\"],\"inLanguage\":\"fr-FR\"},{\"@type\":\"WebPage\",\"@id\":\"https:\\\/\\\/www.conex.net\\\/fr\\\/jorf-ouverture-dun-point-de-controle-frontalier-a-calais\\\/\",\"url\":\"https:\\\/\\\/www.conex.net\\\/fr\\\/jorf-ouverture-dun-point-de-controle-frontalier-a-calais\\\/\",\"name\":\"JORF \u2013 Ouverture d\u2019un point de contr\u00f4le frontalier \u00e0 Calais - Conex France\",\"isPartOf\":{\"@id\":\"https:\\\/\\\/www.conex.net\\\/fr\\\/#website\"},\"primaryImageOfPage\":{\"@id\":\"https:\\\/\\\/www.conex.net\\\/fr\\\/jorf-ouverture-dun-point-de-controle-frontalier-a-calais\\\/#primaryimage\"},\"image\":{\"@id\":\"https:\\\/\\\/www.conex.net\\\/fr\\\/jorf-ouverture-dun-point-de-controle-frontalier-a-calais\\\/#primaryimage\"},\"thumbnailUrl\":\"https:\\\/\\\/www.conex.net\\\/fr\\\/wp-content\\\/uploads\\\/sites\\\/2\\\/2020\\\/07\\\/Reglementation-Douane.jpg\",\"datePublished\":\"2020-12-29T11:06:20+00:00\",\"dateModified\":\"2021-01-04T10:06:57+00:00\",\"description\":\"Concerne les contr\u00f4les \u00e0 l\u2019importation de la qualit\u00e9 sanitaire et\\\/ou biologique des denr\u00e9es alimentaires d\u2019origine non animale, de la conformit\u00e9 aux normes de commercialisation de fruits et l\u00e9gumes et de la conformit\u00e9 de mat\u00e9riaux au contact des denr\u00e9es alimentaires\",\"breadcrumb\":{\"@id\":\"https:\\\/\\\/www.conex.net\\\/fr\\\/jorf-ouverture-dun-point-de-controle-frontalier-a-calais\\\/#breadcrumb\"},\"inLanguage\":\"fr-FR\",\"potentialAction\":[{\"@type\":\"ReadAction\",\"target\":[\"https:\\\/\\\/www.conex.net\\\/fr\\\/jorf-ouverture-dun-point-de-controle-frontalier-a-calais\\\/\"]}]},{\"@type\":\"ImageObject\",\"inLanguage\":\"fr-FR\",\"@id\":\"https:\\\/\\\/www.conex.net\\\/fr\\\/jorf-ouverture-dun-point-de-controle-frontalier-a-calais\\\/#primaryimage\",\"url\":\"https:\\\/\\\/www.conex.net\\\/fr\\\/wp-content\\\/uploads\\\/sites\\\/2\\\/2020\\\/07\\\/Reglementation-Douane.jpg\",\"contentUrl\":\"https:\\\/\\\/www.conex.net\\\/fr\\\/wp-content\\\/uploads\\\/sites\\\/2\\\/2020\\\/07\\\/Reglementation-Douane.jpg\",\"width\":354,\"height\":185,\"caption\":\"Reglementation-Douane\"},{\"@type\":\"BreadcrumbList\",\"@id\":\"https:\\\/\\\/www.conex.net\\\/fr\\\/jorf-ouverture-dun-point-de-controle-frontalier-a-calais\\\/#breadcrumb\",\"itemListElement\":[{\"@type\":\"ListItem\",\"position\":1,\"name\":\"Accueil\",\"item\":\"https:\\\/\\\/www.conex.net\\\/fr\\\/\"},{\"@type\":\"ListItem\",\"position\":2,\"name\":\"JORF \u2013 Ouverture d\u2019un point de contr\u00f4le frontalier \u00e0 Calais\"}]},{\"@type\":\"WebSite\",\"@id\":\"https:\\\/\\\/www.conex.net\\\/fr\\\/#website\",\"url\":\"https:\\\/\\\/www.conex.net\\\/fr\\\/\",\"name\":\"Conex France\",\"description\":\"Your customs partner - CONEX FRANCE\",\"publisher\":{\"@id\":\"https:\\\/\\\/www.conex.net\\\/fr\\\/#organization\"},\"potentialAction\":[{\"@type\":\"SearchAction\",\"target\":{\"@type\":\"EntryPoint\",\"urlTemplate\":\"https:\\\/\\\/www.conex.net\\\/fr\\\/?s={search_term_string}\"},\"query-input\":{\"@type\":\"PropertyValueSpecification\",\"valueRequired\":true,\"valueName\":\"search_term_string\"}}],\"inLanguage\":\"fr-FR\"},{\"@type\":\"Organization\",\"@id\":\"https:\\\/\\\/www.conex.net\\\/fr\\\/#organization\",\"name\":\"CONEX SAS\",\"url\":\"https:\\\/\\\/www.conex.net\\\/fr\\\/\",\"logo\":{\"@type\":\"ImageObject\",\"inLanguage\":\"fr-FR\",\"@id\":\"https:\\\/\\\/www.conex.net\\\/fr\\\/#\\\/schema\\\/logo\\\/image\\\/\",\"url\":\"https:\\\/\\\/www.conex.net\\\/fr\\\/wp-content\\\/uploads\\\/sites\\\/2\\\/2018\\\/10\\\/logo-conex.png\",\"contentUrl\":\"https:\\\/\\\/www.conex.net\\\/fr\\\/wp-content\\\/uploads\\\/sites\\\/2\\\/2018\\\/10\\\/logo-conex.png\",\"width\":138,\"height\":49,\"caption\":\"CONEX SAS\"},\"image\":{\"@id\":\"https:\\\/\\\/www.conex.net\\\/fr\\\/#\\\/schema\\\/logo\\\/image\\\/\"}},{\"@type\":\"Person\",\"@id\":\"https:\\\/\\\/www.conex.net\\\/fr\\\/#\\\/schema\\\/person\\\/028dad5f0ba1e2df5f2e9760898dfba9\",\"name\":\"admin@conex-net\",\"image\":{\"@type\":\"ImageObject\",\"inLanguage\":\"fr-FR\",\"@id\":\"https:\\\/\\\/secure.gravatar.com\\\/avatar\\\/ec6ef48a65dc441c5b7eebc066d259e87a66b61b9e92ec24e1850aa972f92206?s=96&d=mm&r=g\",\"url\":\"https:\\\/\\\/secure.gravatar.com\\\/avatar\\\/ec6ef48a65dc441c5b7eebc066d259e87a66b61b9e92ec24e1850aa972f92206?s=96&d=mm&r=g\",\"contentUrl\":\"https:\\\/\\\/secure.gravatar.com\\\/avatar\\\/ec6ef48a65dc441c5b7eebc066d259e87a66b61b9e92ec24e1850aa972f92206?s=96&d=mm&r=g\",\"caption\":\"admin@conex-net\"},\"url\":\"https:\\\/\\\/www.conex.net\\\/fr\\\/author\\\/adminconex-net\\\/\"}]}<\/script>\n<!-- \/ Yoast SEO plugin. -->","yoast_head_json":{"title":"JORF \u2013 Ouverture d\u2019un point de contr\u00f4le frontalier \u00e0 Calais - Conex France","description":"Concerne les contr\u00f4les \u00e0 l\u2019importation de la qualit\u00e9 sanitaire et\/ou biologique des denr\u00e9es alimentaires d\u2019origine non animale, de la conformit\u00e9 aux normes de commercialisation de fruits et l\u00e9gumes et de la conformit\u00e9 de mat\u00e9riaux au contact des denr\u00e9es alimentaires","robots":{"index":"index","follow":"follow","max-snippet":"max-snippet:-1","max-image-preview":"max-image-preview:large","max-video-preview":"max-video-preview:-1"},"canonical":"https:\/\/www.conex.net\/fr\/jorf-ouverture-dun-point-de-controle-frontalier-a-calais\/","og_locale":"fr_FR","og_type":"article","og_title":"JORF \u2013 Ouverture d\u2019un point de contr\u00f4le frontalier \u00e0 Calais - Conex France","og_description":"Concerne les contr\u00f4les \u00e0 l\u2019importation de la qualit\u00e9 sanitaire et\/ou biologique des denr\u00e9es alimentaires d\u2019origine non animale, de la conformit\u00e9 aux normes de commercialisation de fruits et l\u00e9gumes et de la conformit\u00e9 de mat\u00e9riaux au contact des denr\u00e9es alimentaires","og_url":"https:\/\/www.conex.net\/fr\/jorf-ouverture-dun-point-de-controle-frontalier-a-calais\/","og_site_name":"Conex France","article_published_time":"2020-12-29T11:06:20+00:00","article_modified_time":"2021-01-04T10:06:57+00:00","og_image":[{"width":354,"height":185,"url":"https:\/\/www.conex.net\/fr\/wp-content\/uploads\/sites\/2\/2020\/07\/Reglementation-Douane.jpg","type":"image\/jpeg"}],"author":"admin@conex-net","twitter_card":"summary_large_image","twitter_misc":{"\u00c9crit par":"admin@conex-net","Dur\u00e9e de lecture estim\u00e9e":"1 minute"},"schema":{"@context":"https:\/\/schema.org","@graph":[{"@type":"Article","@id":"https:\/\/www.conex.net\/fr\/jorf-ouverture-dun-point-de-controle-frontalier-a-calais\/#article","isPartOf":{"@id":"https:\/\/www.conex.net\/fr\/jorf-ouverture-dun-point-de-controle-frontalier-a-calais\/"},"author":{"name":"admin@conex-net","@id":"https:\/\/www.conex.net\/fr\/#\/schema\/person\/028dad5f0ba1e2df5f2e9760898dfba9"},"headline":"JORF \u2013 Ouverture d\u2019un point de contr\u00f4le frontalier \u00e0 Calais","datePublished":"2020-12-29T11:06:20+00:00","dateModified":"2021-01-04T10:06:57+00:00","mainEntityOfPage":{"@id":"https:\/\/www.conex.net\/fr\/jorf-ouverture-dun-point-de-controle-frontalier-a-calais\/"},"wordCount":127,"publisher":{"@id":"https:\/\/www.conex.net\/fr\/#organization"},"image":{"@id":"https:\/\/www.conex.net\/fr\/jorf-ouverture-dun-point-de-controle-frontalier-a-calais\/#primaryimage"},"thumbnailUrl":"https:\/\/www.conex.net\/fr\/wp-content\/uploads\/sites\/2\/2020\/07\/Reglementation-Douane.jpg","keywords":["BREXIT","conex","douane","JORF"],"articleSection":["R\u00c9GLEMENTATION"],"inLanguage":"fr-FR"},{"@type":"WebPage","@id":"https:\/\/www.conex.net\/fr\/jorf-ouverture-dun-point-de-controle-frontalier-a-calais\/","url":"https:\/\/www.conex.net\/fr\/jorf-ouverture-dun-point-de-controle-frontalier-a-calais\/","name":"JORF \u2013 Ouverture d\u2019un point de contr\u00f4le frontalier \u00e0 Calais - Conex France","isPartOf":{"@id":"https:\/\/www.conex.net\/fr\/#website"},"primaryImageOfPage":{"@id":"https:\/\/www.conex.net\/fr\/jorf-ouverture-dun-point-de-controle-frontalier-a-calais\/#primaryimage"},"image":{"@id":"https:\/\/www.conex.net\/fr\/jorf-ouverture-dun-point-de-controle-frontalier-a-calais\/#primaryimage"},"thumbnailUrl":"https:\/\/www.conex.net\/fr\/wp-content\/uploads\/sites\/2\/2020\/07\/Reglementation-Douane.jpg","datePublished":"2020-12-29T11:06:20+00:00","dateModified":"2021-01-04T10:06:57+00:00","description":"Concerne les contr\u00f4les \u00e0 l\u2019importation de la qualit\u00e9 sanitaire et\/ou biologique des denr\u00e9es alimentaires d\u2019origine non animale, de la conformit\u00e9 aux normes de commercialisation de fruits et l\u00e9gumes et de la conformit\u00e9 de mat\u00e9riaux au contact des denr\u00e9es alimentaires","breadcrumb":{"@id":"https:\/\/www.conex.net\/fr\/jorf-ouverture-dun-point-de-controle-frontalier-a-calais\/#breadcrumb"},"inLanguage":"fr-FR","potentialAction":[{"@type":"ReadAction","target":["https:\/\/www.conex.net\/fr\/jorf-ouverture-dun-point-de-controle-frontalier-a-calais\/"]}]},{"@type":"ImageObject","inLanguage":"fr-FR","@id":"https:\/\/www.conex.net\/fr\/jorf-ouverture-dun-point-de-controle-frontalier-a-calais\/#primaryimage","url":"https:\/\/www.conex.net\/fr\/wp-content\/uploads\/sites\/2\/2020\/07\/Reglementation-Douane.jpg","contentUrl":"https:\/\/www.conex.net\/fr\/wp-content\/uploads\/sites\/2\/2020\/07\/Reglementation-Douane.jpg","width":354,"height":185,"caption":"Reglementation-Douane"},{"@type":"BreadcrumbList","@id":"https:\/\/www.conex.net\/fr\/jorf-ouverture-dun-point-de-controle-frontalier-a-calais\/#breadcrumb","itemListElement":[{"@type":"ListItem","position":1,"name":"Accueil","item":"https:\/\/www.conex.net\/fr\/"},{"@type":"ListItem","position":2,"name":"JORF \u2013 Ouverture d\u2019un point de contr\u00f4le frontalier \u00e0 Calais"}]},{"@type":"WebSite","@id":"https:\/\/www.conex.net\/fr\/#website","url":"https:\/\/www.conex.net\/fr\/","name":"Conex France","description":"Your customs partner - CONEX FRANCE","publisher":{"@id":"https:\/\/www.conex.net\/fr\/#organization"},"potentialAction":[{"@type":"SearchAction","target":{"@type":"EntryPoint","urlTemplate":"https:\/\/www.conex.net\/fr\/?s={search_term_string}"},"query-input":{"@type":"PropertyValueSpecification","valueRequired":true,"valueName":"search_term_string"}}],"inLanguage":"fr-FR"},{"@type":"Organization","@id":"https:\/\/www.conex.net\/fr\/#organization","name":"CONEX SAS","url":"https:\/\/www.conex.net\/fr\/","logo":{"@type":"ImageObject","inLanguage":"fr-FR","@id":"https:\/\/www.conex.net\/fr\/#\/schema\/logo\/image\/","url":"https:\/\/www.conex.net\/fr\/wp-content\/uploads\/sites\/2\/2018\/10\/logo-conex.png","contentUrl":"https:\/\/www.conex.net\/fr\/wp-content\/uploads\/sites\/2\/2018\/10\/logo-conex.png","width":138,"height":49,"caption":"CONEX SAS"},"image":{"@id":"https:\/\/www.conex.net\/fr\/#\/schema\/logo\/image\/"}},{"@type":"Person","@id":"https:\/\/www.conex.net\/fr\/#\/schema\/person\/028dad5f0ba1e2df5f2e9760898dfba9","name":"admin@conex-net","image":{"@type":"ImageObject","inLanguage":"fr-FR","@id":"https:\/\/secure.gravatar.com\/avatar\/ec6ef48a65dc441c5b7eebc066d259e87a66b61b9e92ec24e1850aa972f92206?s=96&d=mm&r=g","url":"https:\/\/secure.gravatar.com\/avatar\/ec6ef48a65dc441c5b7eebc066d259e87a66b61b9e92ec24e1850aa972f92206?s=96&d=mm&r=g","contentUrl":"https:\/\/secure.gravatar.com\/avatar\/ec6ef48a65dc441c5b7eebc066d259e87a66b61b9e92ec24e1850aa972f92206?s=96&d=mm&r=g","caption":"admin@conex-net"},"url":"https:\/\/www.conex.net\/fr\/author\/adminconex-net\/"}]}},"_links":{"self":[{"href":"https:\/\/www.conex.net\/fr\/wp-json\/wp\/v2\/posts\/5382","targetHints":{"allow":["GET"]}}],"collection":[{"href":"https:\/\/www.conex.net\/fr\/wp-json\/wp\/v2\/posts"}],"about":[{"href":"https:\/\/www.conex.net\/fr\/wp-json\/wp\/v2\/types\/post"}],"author":[{"embeddable":true,"href":"https:\/\/www.conex.net\/fr\/wp-json\/wp\/v2\/users\/1"}],"replies":[{"embeddable":true,"href":"https:\/\/www.conex.net\/fr\/wp-json\/wp\/v2\/comments?post=5382"}],"version-history":[{"count":2,"href":"https:\/\/www.conex.net\/fr\/wp-json\/wp\/v2\/posts\/5382\/revisions"}],"predecessor-version":[{"id":5384,"href":"https:\/\/www.conex.net\/fr\/wp-json\/wp\/v2\/posts\/5382\/revisions\/5384"}],"wp:featuredmedia":[{"embeddable":true,"href":"https:\/\/www.conex.net\/fr\/wp-json\/wp\/v2\/media\/4791"}],"wp:attachment":[{"href":"https:\/\/www.conex.net\/fr\/wp-json\/wp\/v2\/media?parent=5382"}],"wp:term":[{"taxonomy":"category","embeddable":true,"href":"https:\/\/www.conex.net\/fr\/wp-json\/wp\/v2\/categories?post=5382"},{"taxonomy":"post_tag","embeddable":true,"href":"https:\/\/www.conex.net\/fr\/wp-json\/wp\/v2\/tags?post=5382"},{"taxonomy":"sp_smart_badges","embeddable":true,"href":"https:\/\/www.conex.net\/fr\/wp-json\/wp\/v2\/sp_smart_badges?post=5382"}],"curies":[{"name":"wp","href":"https:\/\/api.w.org\/{rel}","templated":true}]}}