{"id":5707,"date":"2021-01-21T15:28:37","date_gmt":"2021-01-21T14:28:37","guid":{"rendered":"https:\/\/www.conex.net\/fr\/?p=5707"},"modified":"2021-01-21T15:32:08","modified_gmt":"2021-01-21T14:32:08","slug":"dgddi-brexit-accord-de-commerce-et-de-cooperation-entre-lunion-europeenne-et-le-royaume-uni","status":"publish","type":"post","link":"https:\/\/www.conex.net\/fr\/dgddi-brexit-accord-de-commerce-et-de-cooperation-entre-lunion-europeenne-et-le-royaume-uni\/","title":{"rendered":"Accord de commerce et de coop\u00e9ration entre l&rsquo;UE et RU"},"content":{"rendered":"<div id=\"pl-5707\"  class=\"panel-layout\" ><div id=\"pg-5707-0\"  class=\"panel-grid panel-no-style\" ><div id=\"pgc-5707-0-0\"  class=\"panel-grid-cell\" ><div id=\"panel-5707-0-0-0\" class=\"so-panel widget widget_sow-editor panel-first-child panel-last-child\" data-index=\"0\" ><div\n\t\t\t\n\t\t\tclass=\"so-widget-sow-editor so-widget-sow-editor-base\"\n\t\t\t\n\t\t>\n<div class=\"siteorigin-widget-tinymce textwidget\">\n\t<p>&nbsp;<\/p>\n<h2><img loading=\"lazy\" decoding=\"async\" class=\" wp-image-4668 alignleft\" src=\"https:\/\/www.conex.net\/fr\/wp-content\/uploads\/sites\/2\/2020\/06\/A-UK1.jpg\" alt=\"brexit DGDDI DOUANE\" width=\"358\" height=\"188\" srcset=\"https:\/\/www.conex.net\/fr\/wp-content\/uploads\/sites\/2\/2020\/06\/A-UK1.jpg 551w, https:\/\/www.conex.net\/fr\/wp-content\/uploads\/sites\/2\/2020\/06\/A-UK1-300x157.jpg 300w\" sizes=\"auto, (max-width: 358px) 100vw, 358px\" \/><span style=\"color: #333333;\">DGDDI \u2013 BREXIT<\/span><\/h2>\n<h3><span style=\"color: #333333;\">Accord de commerce et de coop\u00e9ration<br \/>\nentre l\u2019Union europ\u00e9enne et le Royaume-Uni<\/span><\/h3>\n<p style=\"font-style: inherit; font-weight: inherit;\"><span style=\"color: #333333;\">18\/01\/2021 \u2013 Mise \u00e0 jour de la\u00a0<a style=\"color: #333333;\" href=\"https:\/\/www.edouane.com\/wp-content\/uploads\/2020\/12\/20210118_FT_n1_18_janvier_21.pdf\">fiche technique n\u00b01<\/a> \u2013 Pr\u00e9sentation des dispositions relatives \u00e0 l\u2019origine pr\u00e9f\u00e9rentielle de l\u2019accord de\u00a0<\/span><span style=\"color: #333333;\">commerce et de coop\u00e9ration conclu entre l\u2019Union europ\u00e9enne et le Royaume-Uni.<\/span><\/p>\n<h5 style=\"text-align: right;\"><a href=\"http:\/\/helpdesk.conex.net\/KnowledgeManagement\/KdbItem?SectionId=ab294cd9-9de6-4b40-b486-25ed600b5ee1&amp;FolderId=02752375-768b-406d-8f57-1268068bc426&amp;SolutionId=1ed8d02b-3d93-4e65-b6fc-7ca33e396115\" target=\"_blank\" rel=\"noopener noreferrer\"><span style=\"color: #333333;\"><strong>En savoir plus sur Edouane.com<\/strong><\/span><\/a><\/h5>\n<p>&nbsp;<\/p>\n<\/div>\n<\/div><\/div><\/div><\/div><\/div>","protected":false},"excerpt":{"rendered":"<p>&nbsp; DGDDI \u2013 BREXIT Accord de commerce et de coop\u00e9ration entre l\u2019Union europ\u00e9enne et le Royaume-Uni 18\/01\/2021 \u2013 Mise \u00e0 jour de la\u00a0fiche technique n\u00b01 \u2013 Pr\u00e9sentation des dispositions relatives \u00e0 l\u2019origine pr\u00e9f\u00e9rentielle de l\u2019accord de\u00a0commerce et de coop\u00e9ration conclu entre l\u2019Union europ\u00e9enne et le Royaume-Uni. En savoir plus sur Edouane.com &nbsp;<\/p>\n","protected":false},"author":1,"featured_media":4668,"comment_status":"closed","ping_status":"open","sticky":false,"template":"","format":"standard","meta":{"footnotes":""},"categories":[69],"tags":[106,102,87,117,119],"sp_smart_badges":[],"class_list":["post-5707","post","type-post","status-publish","format-standard","has-post-thumbnail","hentry","category-brexit","tag-brexit-dgddi","tag-conex","tag-douane","tag-ue","tag-uk"],"yoast_head":"<!-- This site is optimized with the Yoast SEO plugin v27.5 - https:\/\/yoast.com\/product\/yoast-seo-wordpress\/ -->\n<title>Accord de commerce et de coop\u00e9ration entre l&#039;UE et RU - Conex France<\/title>\n<meta name=\"description\" content=\"Pr\u00e9sentation des dispositions relatives \u00e0 l\u2019origine pr\u00e9f\u00e9rentielle de l\u2019accord de\u00a0commerce et de coop\u00e9ration conclu entre l\u2019UE et le RU\" \/>\n<meta name=\"robots\" content=\"index, follow, max-snippet:-1, max-image-preview:large, max-video-preview:-1\" \/>\n<link rel=\"canonical\" href=\"https:\/\/www.conex.net\/fr\/dgddi-brexit-accord-de-commerce-et-de-cooperation-entre-lunion-europeenne-et-le-royaume-uni\/\" \/>\n<meta property=\"og:locale\" content=\"fr_FR\" \/>\n<meta property=\"og:type\" content=\"article\" \/>\n<meta property=\"og:title\" content=\"Accord de commerce et de coop\u00e9ration entre l&#039;UE et RU - Conex France\" \/>\n<meta property=\"og:description\" content=\"Pr\u00e9sentation des dispositions relatives \u00e0 l\u2019origine pr\u00e9f\u00e9rentielle de l\u2019accord de\u00a0commerce et de coop\u00e9ration conclu entre l\u2019UE et le RU\" \/>\n<meta property=\"og:url\" content=\"https:\/\/www.conex.net\/fr\/dgddi-brexit-accord-de-commerce-et-de-cooperation-entre-lunion-europeenne-et-le-royaume-uni\/\" \/>\n<meta property=\"og:site_name\" content=\"Conex France\" \/>\n<meta property=\"article:published_time\" content=\"2021-01-21T14:28:37+00:00\" \/>\n<meta property=\"article:modified_time\" content=\"2021-01-21T14:32:08+00:00\" \/>\n<meta property=\"og:image\" content=\"https:\/\/www.conex.net\/fr\/wp-content\/uploads\/sites\/2\/2020\/06\/A-UK1.jpg\" \/>\n\t<meta property=\"og:image:width\" content=\"551\" \/>\n\t<meta property=\"og:image:height\" content=\"289\" \/>\n\t<meta property=\"og:image:type\" content=\"image\/jpeg\" \/>\n<meta name=\"author\" content=\"admin@conex-net\" \/>\n<meta name=\"twitter:card\" content=\"summary_large_image\" \/>\n<meta name=\"twitter:label1\" content=\"\u00c9crit par\" \/>\n\t<meta name=\"twitter:data1\" content=\"admin@conex-net\" \/>\n<script type=\"application\/ld+json\" class=\"yoast-schema-graph\">{\"@context\":\"https:\\\/\\\/schema.org\",\"@graph\":[{\"@type\":\"Article\",\"@id\":\"https:\\\/\\\/www.conex.net\\\/fr\\\/dgddi-brexit-accord-de-commerce-et-de-cooperation-entre-lunion-europeenne-et-le-royaume-uni\\\/#article\",\"isPartOf\":{\"@id\":\"https:\\\/\\\/www.conex.net\\\/fr\\\/dgddi-brexit-accord-de-commerce-et-de-cooperation-entre-lunion-europeenne-et-le-royaume-uni\\\/\"},\"author\":{\"name\":\"admin@conex-net\",\"@id\":\"https:\\\/\\\/www.conex.net\\\/fr\\\/#\\\/schema\\\/person\\\/028dad5f0ba1e2df5f2e9760898dfba9\"},\"headline\":\"Accord de commerce et de coop\u00e9ration entre l&rsquo;UE et RU\",\"datePublished\":\"2021-01-21T14:28:37+00:00\",\"dateModified\":\"2021-01-21T14:32:08+00:00\",\"mainEntityOfPage\":{\"@id\":\"https:\\\/\\\/www.conex.net\\\/fr\\\/dgddi-brexit-accord-de-commerce-et-de-cooperation-entre-lunion-europeenne-et-le-royaume-uni\\\/\"},\"wordCount\":71,\"publisher\":{\"@id\":\"https:\\\/\\\/www.conex.net\\\/fr\\\/#organization\"},\"image\":{\"@id\":\"https:\\\/\\\/www.conex.net\\\/fr\\\/dgddi-brexit-accord-de-commerce-et-de-cooperation-entre-lunion-europeenne-et-le-royaume-uni\\\/#primaryimage\"},\"thumbnailUrl\":\"https:\\\/\\\/www.conex.net\\\/fr\\\/wp-content\\\/uploads\\\/sites\\\/2\\\/2020\\\/06\\\/A-UK1.jpg\",\"keywords\":[\"brexit DGDDI\",\"conex\",\"douane\",\"UE\",\"UK\"],\"articleSection\":[\"BREXIT\"],\"inLanguage\":\"fr-FR\"},{\"@type\":\"WebPage\",\"@id\":\"https:\\\/\\\/www.conex.net\\\/fr\\\/dgddi-brexit-accord-de-commerce-et-de-cooperation-entre-lunion-europeenne-et-le-royaume-uni\\\/\",\"url\":\"https:\\\/\\\/www.conex.net\\\/fr\\\/dgddi-brexit-accord-de-commerce-et-de-cooperation-entre-lunion-europeenne-et-le-royaume-uni\\\/\",\"name\":\"Accord de commerce et de coop\u00e9ration entre l'UE et RU - Conex France\",\"isPartOf\":{\"@id\":\"https:\\\/\\\/www.conex.net\\\/fr\\\/#website\"},\"primaryImageOfPage\":{\"@id\":\"https:\\\/\\\/www.conex.net\\\/fr\\\/dgddi-brexit-accord-de-commerce-et-de-cooperation-entre-lunion-europeenne-et-le-royaume-uni\\\/#primaryimage\"},\"image\":{\"@id\":\"https:\\\/\\\/www.conex.net\\\/fr\\\/dgddi-brexit-accord-de-commerce-et-de-cooperation-entre-lunion-europeenne-et-le-royaume-uni\\\/#primaryimage\"},\"thumbnailUrl\":\"https:\\\/\\\/www.conex.net\\\/fr\\\/wp-content\\\/uploads\\\/sites\\\/2\\\/2020\\\/06\\\/A-UK1.jpg\",\"datePublished\":\"2021-01-21T14:28:37+00:00\",\"dateModified\":\"2021-01-21T14:32:08+00:00\",\"description\":\"Pr\u00e9sentation des dispositions relatives \u00e0 l\u2019origine pr\u00e9f\u00e9rentielle de l\u2019accord de\u00a0commerce et de coop\u00e9ration conclu entre l\u2019UE et le RU\",\"breadcrumb\":{\"@id\":\"https:\\\/\\\/www.conex.net\\\/fr\\\/dgddi-brexit-accord-de-commerce-et-de-cooperation-entre-lunion-europeenne-et-le-royaume-uni\\\/#breadcrumb\"},\"inLanguage\":\"fr-FR\",\"potentialAction\":[{\"@type\":\"ReadAction\",\"target\":[\"https:\\\/\\\/www.conex.net\\\/fr\\\/dgddi-brexit-accord-de-commerce-et-de-cooperation-entre-lunion-europeenne-et-le-royaume-uni\\\/\"]}]},{\"@type\":\"ImageObject\",\"inLanguage\":\"fr-FR\",\"@id\":\"https:\\\/\\\/www.conex.net\\\/fr\\\/dgddi-brexit-accord-de-commerce-et-de-cooperation-entre-lunion-europeenne-et-le-royaume-uni\\\/#primaryimage\",\"url\":\"https:\\\/\\\/www.conex.net\\\/fr\\\/wp-content\\\/uploads\\\/sites\\\/2\\\/2020\\\/06\\\/A-UK1.jpg\",\"contentUrl\":\"https:\\\/\\\/www.conex.net\\\/fr\\\/wp-content\\\/uploads\\\/sites\\\/2\\\/2020\\\/06\\\/A-UK1.jpg\",\"width\":551,\"height\":289,\"caption\":\"brexit DGDDI DOUANE\"},{\"@type\":\"BreadcrumbList\",\"@id\":\"https:\\\/\\\/www.conex.net\\\/fr\\\/dgddi-brexit-accord-de-commerce-et-de-cooperation-entre-lunion-europeenne-et-le-royaume-uni\\\/#breadcrumb\",\"itemListElement\":[{\"@type\":\"ListItem\",\"position\":1,\"name\":\"Accueil\",\"item\":\"https:\\\/\\\/www.conex.net\\\/fr\\\/\"},{\"@type\":\"ListItem\",\"position\":2,\"name\":\"Accord de commerce et de coop\u00e9ration entre l&rsquo;UE et RU\"}]},{\"@type\":\"WebSite\",\"@id\":\"https:\\\/\\\/www.conex.net\\\/fr\\\/#website\",\"url\":\"https:\\\/\\\/www.conex.net\\\/fr\\\/\",\"name\":\"Conex France\",\"description\":\"Your customs partner - CONEX FRANCE\",\"publisher\":{\"@id\":\"https:\\\/\\\/www.conex.net\\\/fr\\\/#organization\"},\"potentialAction\":[{\"@type\":\"SearchAction\",\"target\":{\"@type\":\"EntryPoint\",\"urlTemplate\":\"https:\\\/\\\/www.conex.net\\\/fr\\\/?s={search_term_string}\"},\"query-input\":{\"@type\":\"PropertyValueSpecification\",\"valueRequired\":true,\"valueName\":\"search_term_string\"}}],\"inLanguage\":\"fr-FR\"},{\"@type\":\"Organization\",\"@id\":\"https:\\\/\\\/www.conex.net\\\/fr\\\/#organization\",\"name\":\"CONEX SAS\",\"url\":\"https:\\\/\\\/www.conex.net\\\/fr\\\/\",\"logo\":{\"@type\":\"ImageObject\",\"inLanguage\":\"fr-FR\",\"@id\":\"https:\\\/\\\/www.conex.net\\\/fr\\\/#\\\/schema\\\/logo\\\/image\\\/\",\"url\":\"https:\\\/\\\/www.conex.net\\\/fr\\\/wp-content\\\/uploads\\\/sites\\\/2\\\/2018\\\/10\\\/logo-conex.png\",\"contentUrl\":\"https:\\\/\\\/www.conex.net\\\/fr\\\/wp-content\\\/uploads\\\/sites\\\/2\\\/2018\\\/10\\\/logo-conex.png\",\"width\":138,\"height\":49,\"caption\":\"CONEX SAS\"},\"image\":{\"@id\":\"https:\\\/\\\/www.conex.net\\\/fr\\\/#\\\/schema\\\/logo\\\/image\\\/\"}},{\"@type\":\"Person\",\"@id\":\"https:\\\/\\\/www.conex.net\\\/fr\\\/#\\\/schema\\\/person\\\/028dad5f0ba1e2df5f2e9760898dfba9\",\"name\":\"admin@conex-net\",\"image\":{\"@type\":\"ImageObject\",\"inLanguage\":\"fr-FR\",\"@id\":\"https:\\\/\\\/secure.gravatar.com\\\/avatar\\\/ec6ef48a65dc441c5b7eebc066d259e87a66b61b9e92ec24e1850aa972f92206?s=96&d=mm&r=g\",\"url\":\"https:\\\/\\\/secure.gravatar.com\\\/avatar\\\/ec6ef48a65dc441c5b7eebc066d259e87a66b61b9e92ec24e1850aa972f92206?s=96&d=mm&r=g\",\"contentUrl\":\"https:\\\/\\\/secure.gravatar.com\\\/avatar\\\/ec6ef48a65dc441c5b7eebc066d259e87a66b61b9e92ec24e1850aa972f92206?s=96&d=mm&r=g\",\"caption\":\"admin@conex-net\"},\"url\":\"https:\\\/\\\/www.conex.net\\\/fr\\\/author\\\/adminconex-net\\\/\"}]}<\/script>\n<!-- \/ Yoast SEO plugin. -->","yoast_head_json":{"title":"Accord de commerce et de coop\u00e9ration entre l'UE et RU - Conex France","description":"Pr\u00e9sentation des dispositions relatives \u00e0 l\u2019origine pr\u00e9f\u00e9rentielle de l\u2019accord de\u00a0commerce et de coop\u00e9ration conclu entre l\u2019UE et le RU","robots":{"index":"index","follow":"follow","max-snippet":"max-snippet:-1","max-image-preview":"max-image-preview:large","max-video-preview":"max-video-preview:-1"},"canonical":"https:\/\/www.conex.net\/fr\/dgddi-brexit-accord-de-commerce-et-de-cooperation-entre-lunion-europeenne-et-le-royaume-uni\/","og_locale":"fr_FR","og_type":"article","og_title":"Accord de commerce et de coop\u00e9ration entre l'UE et RU - Conex France","og_description":"Pr\u00e9sentation des dispositions relatives \u00e0 l\u2019origine pr\u00e9f\u00e9rentielle de l\u2019accord de\u00a0commerce et de coop\u00e9ration conclu entre l\u2019UE et le RU","og_url":"https:\/\/www.conex.net\/fr\/dgddi-brexit-accord-de-commerce-et-de-cooperation-entre-lunion-europeenne-et-le-royaume-uni\/","og_site_name":"Conex France","article_published_time":"2021-01-21T14:28:37+00:00","article_modified_time":"2021-01-21T14:32:08+00:00","og_image":[{"width":551,"height":289,"url":"https:\/\/www.conex.net\/fr\/wp-content\/uploads\/sites\/2\/2020\/06\/A-UK1.jpg","type":"image\/jpeg"}],"author":"admin@conex-net","twitter_card":"summary_large_image","twitter_misc":{"\u00c9crit par":"admin@conex-net"},"schema":{"@context":"https:\/\/schema.org","@graph":[{"@type":"Article","@id":"https:\/\/www.conex.net\/fr\/dgddi-brexit-accord-de-commerce-et-de-cooperation-entre-lunion-europeenne-et-le-royaume-uni\/#article","isPartOf":{"@id":"https:\/\/www.conex.net\/fr\/dgddi-brexit-accord-de-commerce-et-de-cooperation-entre-lunion-europeenne-et-le-royaume-uni\/"},"author":{"name":"admin@conex-net","@id":"https:\/\/www.conex.net\/fr\/#\/schema\/person\/028dad5f0ba1e2df5f2e9760898dfba9"},"headline":"Accord de commerce et de coop\u00e9ration entre l&rsquo;UE et RU","datePublished":"2021-01-21T14:28:37+00:00","dateModified":"2021-01-21T14:32:08+00:00","mainEntityOfPage":{"@id":"https:\/\/www.conex.net\/fr\/dgddi-brexit-accord-de-commerce-et-de-cooperation-entre-lunion-europeenne-et-le-royaume-uni\/"},"wordCount":71,"publisher":{"@id":"https:\/\/www.conex.net\/fr\/#organization"},"image":{"@id":"https:\/\/www.conex.net\/fr\/dgddi-brexit-accord-de-commerce-et-de-cooperation-entre-lunion-europeenne-et-le-royaume-uni\/#primaryimage"},"thumbnailUrl":"https:\/\/www.conex.net\/fr\/wp-content\/uploads\/sites\/2\/2020\/06\/A-UK1.jpg","keywords":["brexit DGDDI","conex","douane","UE","UK"],"articleSection":["BREXIT"],"inLanguage":"fr-FR"},{"@type":"WebPage","@id":"https:\/\/www.conex.net\/fr\/dgddi-brexit-accord-de-commerce-et-de-cooperation-entre-lunion-europeenne-et-le-royaume-uni\/","url":"https:\/\/www.conex.net\/fr\/dgddi-brexit-accord-de-commerce-et-de-cooperation-entre-lunion-europeenne-et-le-royaume-uni\/","name":"Accord de commerce et de coop\u00e9ration entre l'UE et RU - Conex France","isPartOf":{"@id":"https:\/\/www.conex.net\/fr\/#website"},"primaryImageOfPage":{"@id":"https:\/\/www.conex.net\/fr\/dgddi-brexit-accord-de-commerce-et-de-cooperation-entre-lunion-europeenne-et-le-royaume-uni\/#primaryimage"},"image":{"@id":"https:\/\/www.conex.net\/fr\/dgddi-brexit-accord-de-commerce-et-de-cooperation-entre-lunion-europeenne-et-le-royaume-uni\/#primaryimage"},"thumbnailUrl":"https:\/\/www.conex.net\/fr\/wp-content\/uploads\/sites\/2\/2020\/06\/A-UK1.jpg","datePublished":"2021-01-21T14:28:37+00:00","dateModified":"2021-01-21T14:32:08+00:00","description":"Pr\u00e9sentation des dispositions relatives \u00e0 l\u2019origine pr\u00e9f\u00e9rentielle de l\u2019accord de\u00a0commerce et de coop\u00e9ration conclu entre l\u2019UE et le RU","breadcrumb":{"@id":"https:\/\/www.conex.net\/fr\/dgddi-brexit-accord-de-commerce-et-de-cooperation-entre-lunion-europeenne-et-le-royaume-uni\/#breadcrumb"},"inLanguage":"fr-FR","potentialAction":[{"@type":"ReadAction","target":["https:\/\/www.conex.net\/fr\/dgddi-brexit-accord-de-commerce-et-de-cooperation-entre-lunion-europeenne-et-le-royaume-uni\/"]}]},{"@type":"ImageObject","inLanguage":"fr-FR","@id":"https:\/\/www.conex.net\/fr\/dgddi-brexit-accord-de-commerce-et-de-cooperation-entre-lunion-europeenne-et-le-royaume-uni\/#primaryimage","url":"https:\/\/www.conex.net\/fr\/wp-content\/uploads\/sites\/2\/2020\/06\/A-UK1.jpg","contentUrl":"https:\/\/www.conex.net\/fr\/wp-content\/uploads\/sites\/2\/2020\/06\/A-UK1.jpg","width":551,"height":289,"caption":"brexit DGDDI DOUANE"},{"@type":"BreadcrumbList","@id":"https:\/\/www.conex.net\/fr\/dgddi-brexit-accord-de-commerce-et-de-cooperation-entre-lunion-europeenne-et-le-royaume-uni\/#breadcrumb","itemListElement":[{"@type":"ListItem","position":1,"name":"Accueil","item":"https:\/\/www.conex.net\/fr\/"},{"@type":"ListItem","position":2,"name":"Accord de commerce et de coop\u00e9ration entre l&rsquo;UE et RU"}]},{"@type":"WebSite","@id":"https:\/\/www.conex.net\/fr\/#website","url":"https:\/\/www.conex.net\/fr\/","name":"Conex France","description":"Your customs partner - CONEX FRANCE","publisher":{"@id":"https:\/\/www.conex.net\/fr\/#organization"},"potentialAction":[{"@type":"SearchAction","target":{"@type":"EntryPoint","urlTemplate":"https:\/\/www.conex.net\/fr\/?s={search_term_string}"},"query-input":{"@type":"PropertyValueSpecification","valueRequired":true,"valueName":"search_term_string"}}],"inLanguage":"fr-FR"},{"@type":"Organization","@id":"https:\/\/www.conex.net\/fr\/#organization","name":"CONEX SAS","url":"https:\/\/www.conex.net\/fr\/","logo":{"@type":"ImageObject","inLanguage":"fr-FR","@id":"https:\/\/www.conex.net\/fr\/#\/schema\/logo\/image\/","url":"https:\/\/www.conex.net\/fr\/wp-content\/uploads\/sites\/2\/2018\/10\/logo-conex.png","contentUrl":"https:\/\/www.conex.net\/fr\/wp-content\/uploads\/sites\/2\/2018\/10\/logo-conex.png","width":138,"height":49,"caption":"CONEX SAS"},"image":{"@id":"https:\/\/www.conex.net\/fr\/#\/schema\/logo\/image\/"}},{"@type":"Person","@id":"https:\/\/www.conex.net\/fr\/#\/schema\/person\/028dad5f0ba1e2df5f2e9760898dfba9","name":"admin@conex-net","image":{"@type":"ImageObject","inLanguage":"fr-FR","@id":"https:\/\/secure.gravatar.com\/avatar\/ec6ef48a65dc441c5b7eebc066d259e87a66b61b9e92ec24e1850aa972f92206?s=96&d=mm&r=g","url":"https:\/\/secure.gravatar.com\/avatar\/ec6ef48a65dc441c5b7eebc066d259e87a66b61b9e92ec24e1850aa972f92206?s=96&d=mm&r=g","contentUrl":"https:\/\/secure.gravatar.com\/avatar\/ec6ef48a65dc441c5b7eebc066d259e87a66b61b9e92ec24e1850aa972f92206?s=96&d=mm&r=g","caption":"admin@conex-net"},"url":"https:\/\/www.conex.net\/fr\/author\/adminconex-net\/"}]}},"_links":{"self":[{"href":"https:\/\/www.conex.net\/fr\/wp-json\/wp\/v2\/posts\/5707","targetHints":{"allow":["GET"]}}],"collection":[{"href":"https:\/\/www.conex.net\/fr\/wp-json\/wp\/v2\/posts"}],"about":[{"href":"https:\/\/www.conex.net\/fr\/wp-json\/wp\/v2\/types\/post"}],"author":[{"embeddable":true,"href":"https:\/\/www.conex.net\/fr\/wp-json\/wp\/v2\/users\/1"}],"replies":[{"embeddable":true,"href":"https:\/\/www.conex.net\/fr\/wp-json\/wp\/v2\/comments?post=5707"}],"version-history":[{"count":6,"href":"https:\/\/www.conex.net\/fr\/wp-json\/wp\/v2\/posts\/5707\/revisions"}],"predecessor-version":[{"id":5713,"href":"https:\/\/www.conex.net\/fr\/wp-json\/wp\/v2\/posts\/5707\/revisions\/5713"}],"wp:featuredmedia":[{"embeddable":true,"href":"https:\/\/www.conex.net\/fr\/wp-json\/wp\/v2\/media\/4668"}],"wp:attachment":[{"href":"https:\/\/www.conex.net\/fr\/wp-json\/wp\/v2\/media?parent=5707"}],"wp:term":[{"taxonomy":"category","embeddable":true,"href":"https:\/\/www.conex.net\/fr\/wp-json\/wp\/v2\/categories?post=5707"},{"taxonomy":"post_tag","embeddable":true,"href":"https:\/\/www.conex.net\/fr\/wp-json\/wp\/v2\/tags?post=5707"},{"taxonomy":"sp_smart_badges","embeddable":true,"href":"https:\/\/www.conex.net\/fr\/wp-json\/wp\/v2\/sp_smart_badges?post=5707"}],"curies":[{"name":"wp","href":"https:\/\/api.w.org\/{rel}","templated":true}]}}