{"id":5765,"date":"2021-02-01T09:28:59","date_gmt":"2021-02-01T08:28:59","guid":{"rendered":"https:\/\/www.conex.net\/fr\/?p=5765"},"modified":"2021-02-01T09:32:08","modified_gmt":"2021-02-01T08:32:08","slug":"dgddi-brexit-frais-de-transport-aerien-a-incorporer-dans-la-valeur-en-douane","status":"publish","type":"post","link":"https:\/\/www.conex.net\/fr\/dgddi-brexit-frais-de-transport-aerien-a-incorporer-dans-la-valeur-en-douane\/","title":{"rendered":"DGDDI &#8211; BREXIT : Frais de transport a\u00e9rien \u00e0 incorporer dans la valeur en douane"},"content":{"rendered":"<div id=\"pl-5765\"  class=\"panel-layout\" ><div id=\"pg-5765-0\"  class=\"panel-grid panel-no-style\" ><div id=\"pgc-5765-0-0\"  class=\"panel-grid-cell\" ><div id=\"panel-5765-0-0-0\" class=\"so-panel widget widget_sow-editor panel-first-child panel-last-child\" data-index=\"0\" ><div\n\t\t\t\n\t\t\tclass=\"so-widget-sow-editor so-widget-sow-editor-base\"\n\t\t\t\n\t\t>\n<div class=\"siteorigin-widget-tinymce textwidget\">\n\t<p>&nbsp;<\/p>\n<p><span style=\"color: #333333;\"><img loading=\"lazy\" decoding=\"async\" class=\"alignleft wp-image-4668\" src=\"https:\/\/www.conex.net\/fr\/wp-content\/uploads\/sites\/2\/2020\/06\/A-UK1.jpg\" alt=\"brexit DGDDI DOUANE\" width=\"324\" height=\"170\" srcset=\"https:\/\/www.conex.net\/fr\/wp-content\/uploads\/sites\/2\/2020\/06\/A-UK1.jpg 551w, https:\/\/www.conex.net\/fr\/wp-content\/uploads\/sites\/2\/2020\/06\/A-UK1-300x157.jpg 300w\" sizes=\"auto, (max-width: 324px) 100vw, 324px\" \/>29\/01\/2021<\/span><\/p>\n<h4><span style=\"color: #333333;\">La DGDDI diffuse une note aux op\u00e9rateurs concernant les <strong>frais de transport a\u00e9rien \u00e0 incorporer dans la valeur en douane<\/strong>\u00a0dans le cadre du BREXIT.<br \/>\nMise \u00e0 jour de l'annexe 23-01 du R\u00e8glement d'ex\u00e9cution (UE) 2015\/2447<\/span><\/h4>\n<p style=\"font-style: inherit; font-weight: inherit; text-align: justify;\"><span style=\"color: #333333;\"><strong>L\u2019amendement de l\u2019Annexe 23-01 publi\u00e9 le 10 d\u00e9cembre 2020 rattache le Royaume-Uni \u00e0 l\u2019exception de l\u2019Irlande du Nord dans la zone Q (au m\u00eame titre que la Suisse) et a pour cons\u00e9quence l\u2019int\u00e9gration de 5\u00a0% du montant total des frais de transport a\u00e9rien dans la valeur en douane.\u00a0<\/strong>Concernant la valeur statistique, d\u00e9finie \u00e0 l\u2019article 4 du R\u00e8glement CE n\u00b0113\/2010 du Parlement europ\u00e9en et du conseil du 9 f\u00e9vrier 2010, le pourcentage de fret a\u00e9rien \u00e0 inclure dans la valeur statistique pour les marchandises import\u00e9es en France en provenance du Royaume-Uni (sauf Irlande du Nord), s\u2019\u00e9l\u00e8ve \u00e0 33\u00a0% du montant des frais de transport a\u00e9rien.<\/span><\/p>\n<h5 style=\"text-align: right;\"><span style=\"color: #333333;\"><a style=\"color: #333333;\" href=\"https:\/\/www.edouane.com\/dgddi-brexit-frais-de-transport-aerien-a-incorporer-dans-la-valeur-en-douane\/\" target=\"_blank\" rel=\"noopener noreferrer\"><strong>Lire la note sur Edouane.com<\/strong><\/a><\/span><\/h5>\n<\/div>\n<\/div><\/div><\/div><\/div><\/div>","protected":false},"excerpt":{"rendered":"<p>&nbsp; 29\/01\/2021 La DGDDI diffuse une note aux op\u00e9rateurs concernant les frais de transport a\u00e9rien \u00e0 incorporer dans la valeur en douane\u00a0dans le cadre du BREXIT. Mise \u00e0 jour de l&rsquo;annexe 23-01 du R\u00e8glement d&rsquo;ex\u00e9cution (UE) 2015\/2447 L\u2019amendement de l\u2019Annexe 23-01 publi\u00e9 le 10 d\u00e9cembre 2020 rattache le Royaume-Uni \u00e0 l\u2019exception de l\u2019Irlande du Nord dans la zone Q (au m\u00eame titre que la Suisse) et a pour cons\u00e9quence l\u2019int\u00e9gration de 5\u00a0% du montant total [&hellip;]<\/p>\n","protected":false},"author":1,"featured_media":4668,"comment_status":"closed","ping_status":"open","sticky":false,"template":"","format":"standard","meta":{"footnotes":""},"categories":[69],"tags":[128,130],"sp_smart_badges":[],"class_list":["post-5765","post","type-post","status-publish","format-standard","has-post-thumbnail","hentry","category-brexit","tag-douane-brexit-customs-conex-douane","tag-transport"],"yoast_head":"<!-- This site is optimized with the Yoast SEO plugin v27.5 - https:\/\/yoast.com\/product\/yoast-seo-wordpress\/ -->\n<title>DGDDI - BREXIT : Frais de transport a\u00e9rien \u00e0 incorporer dans la valeur en douane - Conex France<\/title>\n<meta name=\"description\" content=\"La DGDDI diffuse une note concernant les frais de transport a\u00e9rien \u00e0 incorporer dans la valeur en douane dans le cadre du BREXIT\" \/>\n<meta name=\"robots\" content=\"index, follow, max-snippet:-1, max-image-preview:large, max-video-preview:-1\" \/>\n<link rel=\"canonical\" href=\"https:\/\/www.conex.net\/fr\/dgddi-brexit-frais-de-transport-aerien-a-incorporer-dans-la-valeur-en-douane\/\" \/>\n<meta property=\"og:locale\" content=\"fr_FR\" \/>\n<meta property=\"og:type\" content=\"article\" \/>\n<meta property=\"og:title\" content=\"DGDDI - BREXIT : Frais de transport a\u00e9rien \u00e0 incorporer dans la valeur en douane - Conex France\" \/>\n<meta property=\"og:description\" content=\"La DGDDI diffuse une note concernant les frais de transport a\u00e9rien \u00e0 incorporer dans la valeur en douane dans le cadre du BREXIT\" \/>\n<meta property=\"og:url\" content=\"https:\/\/www.conex.net\/fr\/dgddi-brexit-frais-de-transport-aerien-a-incorporer-dans-la-valeur-en-douane\/\" \/>\n<meta property=\"og:site_name\" content=\"Conex France\" \/>\n<meta property=\"article:published_time\" content=\"2021-02-01T08:28:59+00:00\" \/>\n<meta property=\"article:modified_time\" content=\"2021-02-01T08:32:08+00:00\" \/>\n<meta property=\"og:image\" content=\"https:\/\/www.conex.net\/fr\/wp-content\/uploads\/sites\/2\/2020\/06\/A-UK1.jpg\" \/>\n\t<meta property=\"og:image:width\" content=\"551\" \/>\n\t<meta property=\"og:image:height\" content=\"289\" \/>\n\t<meta property=\"og:image:type\" content=\"image\/jpeg\" \/>\n<meta name=\"author\" content=\"admin@conex-net\" \/>\n<meta name=\"twitter:card\" content=\"summary_large_image\" \/>\n<meta name=\"twitter:label1\" content=\"\u00c9crit par\" \/>\n\t<meta name=\"twitter:data1\" content=\"admin@conex-net\" \/>\n\t<meta name=\"twitter:label2\" content=\"Dur\u00e9e de lecture estim\u00e9e\" \/>\n\t<meta name=\"twitter:data2\" content=\"1 minute\" \/>\n<script type=\"application\/ld+json\" class=\"yoast-schema-graph\">{\"@context\":\"https:\\\/\\\/schema.org\",\"@graph\":[{\"@type\":\"Article\",\"@id\":\"https:\\\/\\\/www.conex.net\\\/fr\\\/dgddi-brexit-frais-de-transport-aerien-a-incorporer-dans-la-valeur-en-douane\\\/#article\",\"isPartOf\":{\"@id\":\"https:\\\/\\\/www.conex.net\\\/fr\\\/dgddi-brexit-frais-de-transport-aerien-a-incorporer-dans-la-valeur-en-douane\\\/\"},\"author\":{\"name\":\"admin@conex-net\",\"@id\":\"https:\\\/\\\/www.conex.net\\\/fr\\\/#\\\/schema\\\/person\\\/028dad5f0ba1e2df5f2e9760898dfba9\"},\"headline\":\"DGDDI &#8211; BREXIT : Frais de transport a\u00e9rien \u00e0 incorporer dans la valeur en douane\",\"datePublished\":\"2021-02-01T08:28:59+00:00\",\"dateModified\":\"2021-02-01T08:32:08+00:00\",\"mainEntityOfPage\":{\"@id\":\"https:\\\/\\\/www.conex.net\\\/fr\\\/dgddi-brexit-frais-de-transport-aerien-a-incorporer-dans-la-valeur-en-douane\\\/\"},\"wordCount\":172,\"publisher\":{\"@id\":\"https:\\\/\\\/www.conex.net\\\/fr\\\/#organization\"},\"image\":{\"@id\":\"https:\\\/\\\/www.conex.net\\\/fr\\\/dgddi-brexit-frais-de-transport-aerien-a-incorporer-dans-la-valeur-en-douane\\\/#primaryimage\"},\"thumbnailUrl\":\"https:\\\/\\\/www.conex.net\\\/fr\\\/wp-content\\\/uploads\\\/sites\\\/2\\\/2020\\\/06\\\/A-UK1.jpg\",\"keywords\":[\"douane brexit customs conex douane\",\"transport\"],\"articleSection\":[\"BREXIT\"],\"inLanguage\":\"fr-FR\"},{\"@type\":\"WebPage\",\"@id\":\"https:\\\/\\\/www.conex.net\\\/fr\\\/dgddi-brexit-frais-de-transport-aerien-a-incorporer-dans-la-valeur-en-douane\\\/\",\"url\":\"https:\\\/\\\/www.conex.net\\\/fr\\\/dgddi-brexit-frais-de-transport-aerien-a-incorporer-dans-la-valeur-en-douane\\\/\",\"name\":\"DGDDI - BREXIT : Frais de transport a\u00e9rien \u00e0 incorporer dans la valeur en douane - Conex France\",\"isPartOf\":{\"@id\":\"https:\\\/\\\/www.conex.net\\\/fr\\\/#website\"},\"primaryImageOfPage\":{\"@id\":\"https:\\\/\\\/www.conex.net\\\/fr\\\/dgddi-brexit-frais-de-transport-aerien-a-incorporer-dans-la-valeur-en-douane\\\/#primaryimage\"},\"image\":{\"@id\":\"https:\\\/\\\/www.conex.net\\\/fr\\\/dgddi-brexit-frais-de-transport-aerien-a-incorporer-dans-la-valeur-en-douane\\\/#primaryimage\"},\"thumbnailUrl\":\"https:\\\/\\\/www.conex.net\\\/fr\\\/wp-content\\\/uploads\\\/sites\\\/2\\\/2020\\\/06\\\/A-UK1.jpg\",\"datePublished\":\"2021-02-01T08:28:59+00:00\",\"dateModified\":\"2021-02-01T08:32:08+00:00\",\"description\":\"La DGDDI diffuse une note concernant les frais de transport a\u00e9rien \u00e0 incorporer dans la valeur en douane dans le cadre du BREXIT\",\"breadcrumb\":{\"@id\":\"https:\\\/\\\/www.conex.net\\\/fr\\\/dgddi-brexit-frais-de-transport-aerien-a-incorporer-dans-la-valeur-en-douane\\\/#breadcrumb\"},\"inLanguage\":\"fr-FR\",\"potentialAction\":[{\"@type\":\"ReadAction\",\"target\":[\"https:\\\/\\\/www.conex.net\\\/fr\\\/dgddi-brexit-frais-de-transport-aerien-a-incorporer-dans-la-valeur-en-douane\\\/\"]}]},{\"@type\":\"ImageObject\",\"inLanguage\":\"fr-FR\",\"@id\":\"https:\\\/\\\/www.conex.net\\\/fr\\\/dgddi-brexit-frais-de-transport-aerien-a-incorporer-dans-la-valeur-en-douane\\\/#primaryimage\",\"url\":\"https:\\\/\\\/www.conex.net\\\/fr\\\/wp-content\\\/uploads\\\/sites\\\/2\\\/2020\\\/06\\\/A-UK1.jpg\",\"contentUrl\":\"https:\\\/\\\/www.conex.net\\\/fr\\\/wp-content\\\/uploads\\\/sites\\\/2\\\/2020\\\/06\\\/A-UK1.jpg\",\"width\":551,\"height\":289,\"caption\":\"brexit DGDDI DOUANE\"},{\"@type\":\"BreadcrumbList\",\"@id\":\"https:\\\/\\\/www.conex.net\\\/fr\\\/dgddi-brexit-frais-de-transport-aerien-a-incorporer-dans-la-valeur-en-douane\\\/#breadcrumb\",\"itemListElement\":[{\"@type\":\"ListItem\",\"position\":1,\"name\":\"Accueil\",\"item\":\"https:\\\/\\\/www.conex.net\\\/fr\\\/\"},{\"@type\":\"ListItem\",\"position\":2,\"name\":\"DGDDI &#8211; BREXIT : Frais de transport a\u00e9rien \u00e0 incorporer dans la valeur en douane\"}]},{\"@type\":\"WebSite\",\"@id\":\"https:\\\/\\\/www.conex.net\\\/fr\\\/#website\",\"url\":\"https:\\\/\\\/www.conex.net\\\/fr\\\/\",\"name\":\"Conex France\",\"description\":\"Your customs partner - CONEX FRANCE\",\"publisher\":{\"@id\":\"https:\\\/\\\/www.conex.net\\\/fr\\\/#organization\"},\"potentialAction\":[{\"@type\":\"SearchAction\",\"target\":{\"@type\":\"EntryPoint\",\"urlTemplate\":\"https:\\\/\\\/www.conex.net\\\/fr\\\/?s={search_term_string}\"},\"query-input\":{\"@type\":\"PropertyValueSpecification\",\"valueRequired\":true,\"valueName\":\"search_term_string\"}}],\"inLanguage\":\"fr-FR\"},{\"@type\":\"Organization\",\"@id\":\"https:\\\/\\\/www.conex.net\\\/fr\\\/#organization\",\"name\":\"CONEX SAS\",\"url\":\"https:\\\/\\\/www.conex.net\\\/fr\\\/\",\"logo\":{\"@type\":\"ImageObject\",\"inLanguage\":\"fr-FR\",\"@id\":\"https:\\\/\\\/www.conex.net\\\/fr\\\/#\\\/schema\\\/logo\\\/image\\\/\",\"url\":\"https:\\\/\\\/www.conex.net\\\/fr\\\/wp-content\\\/uploads\\\/sites\\\/2\\\/2018\\\/10\\\/logo-conex.png\",\"contentUrl\":\"https:\\\/\\\/www.conex.net\\\/fr\\\/wp-content\\\/uploads\\\/sites\\\/2\\\/2018\\\/10\\\/logo-conex.png\",\"width\":138,\"height\":49,\"caption\":\"CONEX SAS\"},\"image\":{\"@id\":\"https:\\\/\\\/www.conex.net\\\/fr\\\/#\\\/schema\\\/logo\\\/image\\\/\"}},{\"@type\":\"Person\",\"@id\":\"https:\\\/\\\/www.conex.net\\\/fr\\\/#\\\/schema\\\/person\\\/028dad5f0ba1e2df5f2e9760898dfba9\",\"name\":\"admin@conex-net\",\"image\":{\"@type\":\"ImageObject\",\"inLanguage\":\"fr-FR\",\"@id\":\"https:\\\/\\\/secure.gravatar.com\\\/avatar\\\/ec6ef48a65dc441c5b7eebc066d259e87a66b61b9e92ec24e1850aa972f92206?s=96&d=mm&r=g\",\"url\":\"https:\\\/\\\/secure.gravatar.com\\\/avatar\\\/ec6ef48a65dc441c5b7eebc066d259e87a66b61b9e92ec24e1850aa972f92206?s=96&d=mm&r=g\",\"contentUrl\":\"https:\\\/\\\/secure.gravatar.com\\\/avatar\\\/ec6ef48a65dc441c5b7eebc066d259e87a66b61b9e92ec24e1850aa972f92206?s=96&d=mm&r=g\",\"caption\":\"admin@conex-net\"},\"url\":\"https:\\\/\\\/www.conex.net\\\/fr\\\/author\\\/adminconex-net\\\/\"}]}<\/script>\n<!-- \/ Yoast SEO plugin. -->","yoast_head_json":{"title":"DGDDI - BREXIT : Frais de transport a\u00e9rien \u00e0 incorporer dans la valeur en douane - Conex France","description":"La DGDDI diffuse une note concernant les frais de transport a\u00e9rien \u00e0 incorporer dans la valeur en douane dans le cadre du BREXIT","robots":{"index":"index","follow":"follow","max-snippet":"max-snippet:-1","max-image-preview":"max-image-preview:large","max-video-preview":"max-video-preview:-1"},"canonical":"https:\/\/www.conex.net\/fr\/dgddi-brexit-frais-de-transport-aerien-a-incorporer-dans-la-valeur-en-douane\/","og_locale":"fr_FR","og_type":"article","og_title":"DGDDI - BREXIT : Frais de transport a\u00e9rien \u00e0 incorporer dans la valeur en douane - Conex France","og_description":"La DGDDI diffuse une note concernant les frais de transport a\u00e9rien \u00e0 incorporer dans la valeur en douane dans le cadre du BREXIT","og_url":"https:\/\/www.conex.net\/fr\/dgddi-brexit-frais-de-transport-aerien-a-incorporer-dans-la-valeur-en-douane\/","og_site_name":"Conex France","article_published_time":"2021-02-01T08:28:59+00:00","article_modified_time":"2021-02-01T08:32:08+00:00","og_image":[{"width":551,"height":289,"url":"https:\/\/www.conex.net\/fr\/wp-content\/uploads\/sites\/2\/2020\/06\/A-UK1.jpg","type":"image\/jpeg"}],"author":"admin@conex-net","twitter_card":"summary_large_image","twitter_misc":{"\u00c9crit par":"admin@conex-net","Dur\u00e9e de lecture estim\u00e9e":"1 minute"},"schema":{"@context":"https:\/\/schema.org","@graph":[{"@type":"Article","@id":"https:\/\/www.conex.net\/fr\/dgddi-brexit-frais-de-transport-aerien-a-incorporer-dans-la-valeur-en-douane\/#article","isPartOf":{"@id":"https:\/\/www.conex.net\/fr\/dgddi-brexit-frais-de-transport-aerien-a-incorporer-dans-la-valeur-en-douane\/"},"author":{"name":"admin@conex-net","@id":"https:\/\/www.conex.net\/fr\/#\/schema\/person\/028dad5f0ba1e2df5f2e9760898dfba9"},"headline":"DGDDI &#8211; BREXIT : Frais de transport a\u00e9rien \u00e0 incorporer dans la valeur en douane","datePublished":"2021-02-01T08:28:59+00:00","dateModified":"2021-02-01T08:32:08+00:00","mainEntityOfPage":{"@id":"https:\/\/www.conex.net\/fr\/dgddi-brexit-frais-de-transport-aerien-a-incorporer-dans-la-valeur-en-douane\/"},"wordCount":172,"publisher":{"@id":"https:\/\/www.conex.net\/fr\/#organization"},"image":{"@id":"https:\/\/www.conex.net\/fr\/dgddi-brexit-frais-de-transport-aerien-a-incorporer-dans-la-valeur-en-douane\/#primaryimage"},"thumbnailUrl":"https:\/\/www.conex.net\/fr\/wp-content\/uploads\/sites\/2\/2020\/06\/A-UK1.jpg","keywords":["douane brexit customs conex douane","transport"],"articleSection":["BREXIT"],"inLanguage":"fr-FR"},{"@type":"WebPage","@id":"https:\/\/www.conex.net\/fr\/dgddi-brexit-frais-de-transport-aerien-a-incorporer-dans-la-valeur-en-douane\/","url":"https:\/\/www.conex.net\/fr\/dgddi-brexit-frais-de-transport-aerien-a-incorporer-dans-la-valeur-en-douane\/","name":"DGDDI - BREXIT : Frais de transport a\u00e9rien \u00e0 incorporer dans la valeur en douane - Conex France","isPartOf":{"@id":"https:\/\/www.conex.net\/fr\/#website"},"primaryImageOfPage":{"@id":"https:\/\/www.conex.net\/fr\/dgddi-brexit-frais-de-transport-aerien-a-incorporer-dans-la-valeur-en-douane\/#primaryimage"},"image":{"@id":"https:\/\/www.conex.net\/fr\/dgddi-brexit-frais-de-transport-aerien-a-incorporer-dans-la-valeur-en-douane\/#primaryimage"},"thumbnailUrl":"https:\/\/www.conex.net\/fr\/wp-content\/uploads\/sites\/2\/2020\/06\/A-UK1.jpg","datePublished":"2021-02-01T08:28:59+00:00","dateModified":"2021-02-01T08:32:08+00:00","description":"La DGDDI diffuse une note concernant les frais de transport a\u00e9rien \u00e0 incorporer dans la valeur en douane dans le cadre du BREXIT","breadcrumb":{"@id":"https:\/\/www.conex.net\/fr\/dgddi-brexit-frais-de-transport-aerien-a-incorporer-dans-la-valeur-en-douane\/#breadcrumb"},"inLanguage":"fr-FR","potentialAction":[{"@type":"ReadAction","target":["https:\/\/www.conex.net\/fr\/dgddi-brexit-frais-de-transport-aerien-a-incorporer-dans-la-valeur-en-douane\/"]}]},{"@type":"ImageObject","inLanguage":"fr-FR","@id":"https:\/\/www.conex.net\/fr\/dgddi-brexit-frais-de-transport-aerien-a-incorporer-dans-la-valeur-en-douane\/#primaryimage","url":"https:\/\/www.conex.net\/fr\/wp-content\/uploads\/sites\/2\/2020\/06\/A-UK1.jpg","contentUrl":"https:\/\/www.conex.net\/fr\/wp-content\/uploads\/sites\/2\/2020\/06\/A-UK1.jpg","width":551,"height":289,"caption":"brexit DGDDI DOUANE"},{"@type":"BreadcrumbList","@id":"https:\/\/www.conex.net\/fr\/dgddi-brexit-frais-de-transport-aerien-a-incorporer-dans-la-valeur-en-douane\/#breadcrumb","itemListElement":[{"@type":"ListItem","position":1,"name":"Accueil","item":"https:\/\/www.conex.net\/fr\/"},{"@type":"ListItem","position":2,"name":"DGDDI &#8211; BREXIT : Frais de transport a\u00e9rien \u00e0 incorporer dans la valeur en douane"}]},{"@type":"WebSite","@id":"https:\/\/www.conex.net\/fr\/#website","url":"https:\/\/www.conex.net\/fr\/","name":"Conex France","description":"Your customs partner - CONEX FRANCE","publisher":{"@id":"https:\/\/www.conex.net\/fr\/#organization"},"potentialAction":[{"@type":"SearchAction","target":{"@type":"EntryPoint","urlTemplate":"https:\/\/www.conex.net\/fr\/?s={search_term_string}"},"query-input":{"@type":"PropertyValueSpecification","valueRequired":true,"valueName":"search_term_string"}}],"inLanguage":"fr-FR"},{"@type":"Organization","@id":"https:\/\/www.conex.net\/fr\/#organization","name":"CONEX SAS","url":"https:\/\/www.conex.net\/fr\/","logo":{"@type":"ImageObject","inLanguage":"fr-FR","@id":"https:\/\/www.conex.net\/fr\/#\/schema\/logo\/image\/","url":"https:\/\/www.conex.net\/fr\/wp-content\/uploads\/sites\/2\/2018\/10\/logo-conex.png","contentUrl":"https:\/\/www.conex.net\/fr\/wp-content\/uploads\/sites\/2\/2018\/10\/logo-conex.png","width":138,"height":49,"caption":"CONEX SAS"},"image":{"@id":"https:\/\/www.conex.net\/fr\/#\/schema\/logo\/image\/"}},{"@type":"Person","@id":"https:\/\/www.conex.net\/fr\/#\/schema\/person\/028dad5f0ba1e2df5f2e9760898dfba9","name":"admin@conex-net","image":{"@type":"ImageObject","inLanguage":"fr-FR","@id":"https:\/\/secure.gravatar.com\/avatar\/ec6ef48a65dc441c5b7eebc066d259e87a66b61b9e92ec24e1850aa972f92206?s=96&d=mm&r=g","url":"https:\/\/secure.gravatar.com\/avatar\/ec6ef48a65dc441c5b7eebc066d259e87a66b61b9e92ec24e1850aa972f92206?s=96&d=mm&r=g","contentUrl":"https:\/\/secure.gravatar.com\/avatar\/ec6ef48a65dc441c5b7eebc066d259e87a66b61b9e92ec24e1850aa972f92206?s=96&d=mm&r=g","caption":"admin@conex-net"},"url":"https:\/\/www.conex.net\/fr\/author\/adminconex-net\/"}]}},"_links":{"self":[{"href":"https:\/\/www.conex.net\/fr\/wp-json\/wp\/v2\/posts\/5765","targetHints":{"allow":["GET"]}}],"collection":[{"href":"https:\/\/www.conex.net\/fr\/wp-json\/wp\/v2\/posts"}],"about":[{"href":"https:\/\/www.conex.net\/fr\/wp-json\/wp\/v2\/types\/post"}],"author":[{"embeddable":true,"href":"https:\/\/www.conex.net\/fr\/wp-json\/wp\/v2\/users\/1"}],"replies":[{"embeddable":true,"href":"https:\/\/www.conex.net\/fr\/wp-json\/wp\/v2\/comments?post=5765"}],"version-history":[{"count":6,"href":"https:\/\/www.conex.net\/fr\/wp-json\/wp\/v2\/posts\/5765\/revisions"}],"predecessor-version":[{"id":5771,"href":"https:\/\/www.conex.net\/fr\/wp-json\/wp\/v2\/posts\/5765\/revisions\/5771"}],"wp:featuredmedia":[{"embeddable":true,"href":"https:\/\/www.conex.net\/fr\/wp-json\/wp\/v2\/media\/4668"}],"wp:attachment":[{"href":"https:\/\/www.conex.net\/fr\/wp-json\/wp\/v2\/media?parent=5765"}],"wp:term":[{"taxonomy":"category","embeddable":true,"href":"https:\/\/www.conex.net\/fr\/wp-json\/wp\/v2\/categories?post=5765"},{"taxonomy":"post_tag","embeddable":true,"href":"https:\/\/www.conex.net\/fr\/wp-json\/wp\/v2\/tags?post=5765"},{"taxonomy":"sp_smart_badges","embeddable":true,"href":"https:\/\/www.conex.net\/fr\/wp-json\/wp\/v2\/sp_smart_badges?post=5765"}],"curies":[{"name":"wp","href":"https:\/\/api.w.org\/{rel}","templated":true}]}}