{"id":6323,"date":"2021-06-21T12:19:20","date_gmt":"2021-06-21T10:19:20","guid":{"rendered":"https:\/\/www.conex.net\/fr\/?p=6323"},"modified":"2021-06-21T12:26:07","modified_gmt":"2021-06-21T10:26:07","slug":"tva-sur-le-commerce-electronique","status":"publish","type":"post","link":"https:\/\/www.conex.net\/fr\/tva-sur-le-commerce-electronique\/","title":{"rendered":"TVA sur le commerce \u00e9lectronique"},"content":{"rendered":"<div id=\"pl-6323\"  class=\"panel-layout\" ><div id=\"pg-6323-0\"  class=\"panel-grid panel-no-style\" ><div id=\"pgc-6323-0-0\"  class=\"panel-grid-cell\" ><div id=\"panel-6323-0-0-0\" class=\"so-panel widget widget_sow-editor panel-first-child panel-last-child\" data-index=\"0\" ><div\n\t\t\t\n\t\t\tclass=\"so-widget-sow-editor so-widget-sow-editor-base\"\n\t\t\t\n\t\t>\n<div class=\"siteorigin-widget-tinymce textwidget\">\n\t<p>&nbsp;<\/p>\n<p><span style=\"color: #333333;\">La DGDDI met en ligne un <a style=\"color: #333333;\" href=\"https:\/\/www.douane.gouv.fr\/actualites\/professionnels-1er-juillet-2021-entree-en-vigueur-du-paquet-tva-e-commerce\">article<\/a>\u00a0sur le paquet TVA e-commerce.<\/span><\/p>\n<p style=\"font-style: inherit; font-weight: inherit;\"><span style=\"color: #333333;\">Extrait :\u00a0<\/span><span style=\"color: #333333;\"><strong>\u00ab Au 1er juillet 2021, le paquet TVA e-commerce entre en vigueur, et avec lui des \u00e9volutions fiscales et douani\u00e8res majeures concernant les envois d\u2019une valeur intrins\u00e8que jusqu\u2019\u00e0 150 euros. \u00bb\u00a0<\/strong><\/span><span style=\"color: #333333;\">Les r\u00e8gles changent en mati\u00e8re de TVA \/ <\/span><span style=\"color: #333333;\">De nouveaux dispositifs douaniers :\u00a0<\/span><span style=\"color: #333333;\"><a style=\"color: #333333;\" href=\"https:\/\/www.edouane.com\/tva-sur-le-commerce-electronique\/\" target=\"_blank\" rel=\"noopener\"><strong>Note \u00e0 d\u00e9couvrir sur le site edouane.com<\/strong><\/a><\/span><\/p>\n<p><a href=\"https:\/\/www.conex.net\/fr\/express-logiciel-douane-e-commerce\/\"><span style=\"color: #333333;\"><img loading=\"lazy\" decoding=\"async\" class=\"alignleft wp-image-6195 size-full\" src=\"https:\/\/www.conex.net\/fr\/wp-content\/uploads\/sites\/2\/2021\/06\/EXPRESSviaconex.png\" alt=\"EXPRESS via conex - logiciel douane e-commerce\" width=\"204\" height=\"165\" \/><\/span><\/a><\/p>\n<p>&nbsp;<\/p>\n<p>&nbsp;<\/p>\n<p><span style=\"color: #333333;\">A compter du 1er juillet 2021, les acteurs concern\u00e9s par le e-commerce deviennent redevables de la TVA pour toutes les marchandises d\u2019une valeur inf\u00e9rieure ou \u00e9gale \u00e0 150 \u20ac import\u00e9es sur le territoire de l\u2019Union europ\u00e9enne. Une d\u00e9claration H7 devra \u00eatre d\u00e9pos\u00e9e aupr\u00e8s de l\u2019administration douani\u00e8re du pays d\u2019importation concern\u00e9.<\/span><\/p>\n<p>&nbsp;<\/p>\n<p style=\"font-style: inherit; font-weight: inherit;\"><span style=\"color: #333333;\"><a href=\"https:\/\/www.conex.net\/fr\/express-logiciel-douane-e-commerce\/\"><span style=\"color: #c7a080;\"><strong>EXPRESS<\/strong><\/span>\u00a0<strong>via conex\u2122<\/strong><\/a> est une solution qui r\u00e9pond \u00e0 la r\u00e9glementation TVA E-commerce europ\u00e9enne et concerne toutes les volum\u00e9tries de flux de marchandises.<\/span><\/p>\n<p style=\"font-style: inherit; font-weight: inherit;\"><span style=\"color: #333333;\"><a href=\"https:\/\/www.conex.net\/fr\/express-logiciel-douane-e-commerce\/\"><span style=\"color: #c7a080;\"><strong>EXPRESS<\/strong><\/span>\u00a0<strong>via conex\u2122<\/strong><\/a>, \u00e0 l\u2019instar de toutes nos applications logicielles, g\u00e8re les d\u00e9clarations en conformit\u00e9 avec la r\u00e9glementation, int\u00e8gre et formate depuis vos syst\u00e8mes informatiques le jeu de donn\u00e9es requis et assure les \u00e9changes \u00e9lectroniques avec les administrations concern\u00e9es. <\/span><span style=\"color: #333333;\">CONEX vous donne les cl\u00e9s pour d\u00e9crypter la r\u00e9glementation douani\u00e8re et vous propose sa solution<a href=\"https:\/\/www.conex.net\/fr\/express-logiciel-douane-e-commerce\/\">\u00a0<span style=\"color: #c7a080;\"><strong>EXPRESS<\/strong><\/span>\u00a0<strong>via conex\u2122<\/strong><\/a>.<\/span><\/p>\n<h5 style=\"text-align: center;\"><strong><span style=\"color: #333333;\"><a style=\"color: #333333;\" href=\"https:\/\/www.conex.net\/fr\/express-logiciel-douane-e-commerce\/\">JE D\u00c9COUVRE<\/a> <a href=\"https:\/\/www.conex.net\/fr\/express-logiciel-douane-e-commerce\/\"><span style=\"color: #c7a080;\">EXPRESS<\/span><span style=\"color: #333333;\">\u00a0via conex\u2122<\/span><\/a>.<\/span><\/strong><\/h5>\n<p>&nbsp;<\/p>\n<\/div>\n<\/div><\/div><\/div><\/div><\/div>","protected":false},"excerpt":{"rendered":"<p>&nbsp; La DGDDI met en ligne un article\u00a0sur le paquet TVA e-commerce. Extrait :\u00a0\u00ab Au 1er juillet 2021, le paquet TVA e-commerce entre en vigueur, et avec lui des \u00e9volutions fiscales et douani\u00e8res majeures concernant les envois d\u2019une valeur intrins\u00e8que jusqu\u2019\u00e0 150 euros. \u00bb\u00a0Les r\u00e8gles changent en mati\u00e8re de TVA \/ De nouveaux dispositifs douaniers :\u00a0Note \u00e0 d\u00e9couvrir sur le site edouane.com &nbsp; &nbsp; A compter du 1er juillet 2021, les acteurs concern\u00e9s par le [&hellip;]<\/p>\n","protected":false},"author":1,"featured_media":4791,"comment_status":"closed","ping_status":"open","sticky":false,"template":"","format":"standard","meta":{"footnotes":""},"categories":[83],"tags":[],"sp_smart_badges":[],"class_list":["post-6323","post","type-post","status-publish","format-standard","has-post-thumbnail","hentry","category-reglementation-douane"],"yoast_head":"<!-- This site is optimized with the Yoast SEO plugin v27.5 - https:\/\/yoast.com\/product\/yoast-seo-wordpress\/ -->\n<title>TVA sur le commerce \u00e9lectronique - Conex France<\/title>\n<meta name=\"description\" content=\"Au 1er juillet 2021, le paquet TVA e-commerce entre en vigueur, et avec lui des \u00e9volutions fiscales et douani\u00e8res concernant les envois d\u2019une valeur intrins\u00e8que jusqu\u2019\u00e0 150 euros.\" \/>\n<meta name=\"robots\" content=\"index, follow, max-snippet:-1, max-image-preview:large, max-video-preview:-1\" \/>\n<link rel=\"canonical\" href=\"https:\/\/www.conex.net\/fr\/tva-sur-le-commerce-electronique\/\" \/>\n<meta property=\"og:locale\" content=\"fr_FR\" \/>\n<meta property=\"og:type\" content=\"article\" \/>\n<meta property=\"og:title\" content=\"TVA sur le commerce \u00e9lectronique - Conex France\" \/>\n<meta property=\"og:description\" content=\"Au 1er juillet 2021, le paquet TVA e-commerce entre en vigueur, et avec lui des \u00e9volutions fiscales et douani\u00e8res concernant les envois d\u2019une valeur intrins\u00e8que jusqu\u2019\u00e0 150 euros.\" \/>\n<meta property=\"og:url\" content=\"https:\/\/www.conex.net\/fr\/tva-sur-le-commerce-electronique\/\" \/>\n<meta property=\"og:site_name\" content=\"Conex France\" \/>\n<meta property=\"article:published_time\" content=\"2021-06-21T10:19:20+00:00\" \/>\n<meta property=\"article:modified_time\" content=\"2021-06-21T10:26:07+00:00\" \/>\n<meta property=\"og:image\" content=\"https:\/\/www.conex.net\/fr\/wp-content\/uploads\/sites\/2\/2020\/07\/Reglementation-Douane.jpg\" \/>\n\t<meta property=\"og:image:width\" content=\"354\" \/>\n\t<meta property=\"og:image:height\" content=\"185\" \/>\n\t<meta property=\"og:image:type\" content=\"image\/jpeg\" \/>\n<meta name=\"author\" content=\"admin@conex-net\" \/>\n<meta name=\"twitter:card\" content=\"summary_large_image\" \/>\n<meta name=\"twitter:label1\" content=\"\u00c9crit par\" \/>\n\t<meta name=\"twitter:data1\" content=\"admin@conex-net\" \/>\n\t<meta name=\"twitter:label2\" content=\"Dur\u00e9e de lecture estim\u00e9e\" \/>\n\t<meta name=\"twitter:data2\" content=\"1 minute\" \/>\n<script type=\"application\/ld+json\" class=\"yoast-schema-graph\">{\"@context\":\"https:\\\/\\\/schema.org\",\"@graph\":[{\"@type\":\"Article\",\"@id\":\"https:\\\/\\\/www.conex.net\\\/fr\\\/tva-sur-le-commerce-electronique\\\/#article\",\"isPartOf\":{\"@id\":\"https:\\\/\\\/www.conex.net\\\/fr\\\/tva-sur-le-commerce-electronique\\\/\"},\"author\":{\"name\":\"admin@conex-net\",\"@id\":\"https:\\\/\\\/www.conex.net\\\/fr\\\/#\\\/schema\\\/person\\\/028dad5f0ba1e2df5f2e9760898dfba9\"},\"headline\":\"TVA sur le commerce \u00e9lectronique\",\"datePublished\":\"2021-06-21T10:19:20+00:00\",\"dateModified\":\"2021-06-21T10:26:07+00:00\",\"mainEntityOfPage\":{\"@id\":\"https:\\\/\\\/www.conex.net\\\/fr\\\/tva-sur-le-commerce-electronique\\\/\"},\"wordCount\":233,\"publisher\":{\"@id\":\"https:\\\/\\\/www.conex.net\\\/fr\\\/#organization\"},\"image\":{\"@id\":\"https:\\\/\\\/www.conex.net\\\/fr\\\/tva-sur-le-commerce-electronique\\\/#primaryimage\"},\"thumbnailUrl\":\"https:\\\/\\\/www.conex.net\\\/fr\\\/wp-content\\\/uploads\\\/sites\\\/2\\\/2020\\\/07\\\/Reglementation-Douane.jpg\",\"articleSection\":[\"R\u00c9GLEMENTATION\"],\"inLanguage\":\"fr-FR\"},{\"@type\":\"WebPage\",\"@id\":\"https:\\\/\\\/www.conex.net\\\/fr\\\/tva-sur-le-commerce-electronique\\\/\",\"url\":\"https:\\\/\\\/www.conex.net\\\/fr\\\/tva-sur-le-commerce-electronique\\\/\",\"name\":\"TVA sur le commerce \u00e9lectronique - Conex France\",\"isPartOf\":{\"@id\":\"https:\\\/\\\/www.conex.net\\\/fr\\\/#website\"},\"primaryImageOfPage\":{\"@id\":\"https:\\\/\\\/www.conex.net\\\/fr\\\/tva-sur-le-commerce-electronique\\\/#primaryimage\"},\"image\":{\"@id\":\"https:\\\/\\\/www.conex.net\\\/fr\\\/tva-sur-le-commerce-electronique\\\/#primaryimage\"},\"thumbnailUrl\":\"https:\\\/\\\/www.conex.net\\\/fr\\\/wp-content\\\/uploads\\\/sites\\\/2\\\/2020\\\/07\\\/Reglementation-Douane.jpg\",\"datePublished\":\"2021-06-21T10:19:20+00:00\",\"dateModified\":\"2021-06-21T10:26:07+00:00\",\"description\":\"Au 1er juillet 2021, le paquet TVA e-commerce entre en vigueur, et avec lui des \u00e9volutions fiscales et douani\u00e8res concernant les envois d\u2019une valeur intrins\u00e8que jusqu\u2019\u00e0 150 euros.\",\"breadcrumb\":{\"@id\":\"https:\\\/\\\/www.conex.net\\\/fr\\\/tva-sur-le-commerce-electronique\\\/#breadcrumb\"},\"inLanguage\":\"fr-FR\",\"potentialAction\":[{\"@type\":\"ReadAction\",\"target\":[\"https:\\\/\\\/www.conex.net\\\/fr\\\/tva-sur-le-commerce-electronique\\\/\"]}]},{\"@type\":\"ImageObject\",\"inLanguage\":\"fr-FR\",\"@id\":\"https:\\\/\\\/www.conex.net\\\/fr\\\/tva-sur-le-commerce-electronique\\\/#primaryimage\",\"url\":\"https:\\\/\\\/www.conex.net\\\/fr\\\/wp-content\\\/uploads\\\/sites\\\/2\\\/2020\\\/07\\\/Reglementation-Douane.jpg\",\"contentUrl\":\"https:\\\/\\\/www.conex.net\\\/fr\\\/wp-content\\\/uploads\\\/sites\\\/2\\\/2020\\\/07\\\/Reglementation-Douane.jpg\",\"width\":354,\"height\":185,\"caption\":\"Reglementation-Douane\"},{\"@type\":\"BreadcrumbList\",\"@id\":\"https:\\\/\\\/www.conex.net\\\/fr\\\/tva-sur-le-commerce-electronique\\\/#breadcrumb\",\"itemListElement\":[{\"@type\":\"ListItem\",\"position\":1,\"name\":\"Accueil\",\"item\":\"https:\\\/\\\/www.conex.net\\\/fr\\\/\"},{\"@type\":\"ListItem\",\"position\":2,\"name\":\"TVA sur le commerce \u00e9lectronique\"}]},{\"@type\":\"WebSite\",\"@id\":\"https:\\\/\\\/www.conex.net\\\/fr\\\/#website\",\"url\":\"https:\\\/\\\/www.conex.net\\\/fr\\\/\",\"name\":\"Conex France\",\"description\":\"Your customs partner - CONEX FRANCE\",\"publisher\":{\"@id\":\"https:\\\/\\\/www.conex.net\\\/fr\\\/#organization\"},\"potentialAction\":[{\"@type\":\"SearchAction\",\"target\":{\"@type\":\"EntryPoint\",\"urlTemplate\":\"https:\\\/\\\/www.conex.net\\\/fr\\\/?s={search_term_string}\"},\"query-input\":{\"@type\":\"PropertyValueSpecification\",\"valueRequired\":true,\"valueName\":\"search_term_string\"}}],\"inLanguage\":\"fr-FR\"},{\"@type\":\"Organization\",\"@id\":\"https:\\\/\\\/www.conex.net\\\/fr\\\/#organization\",\"name\":\"CONEX SAS\",\"url\":\"https:\\\/\\\/www.conex.net\\\/fr\\\/\",\"logo\":{\"@type\":\"ImageObject\",\"inLanguage\":\"fr-FR\",\"@id\":\"https:\\\/\\\/www.conex.net\\\/fr\\\/#\\\/schema\\\/logo\\\/image\\\/\",\"url\":\"https:\\\/\\\/www.conex.net\\\/fr\\\/wp-content\\\/uploads\\\/sites\\\/2\\\/2018\\\/10\\\/logo-conex.png\",\"contentUrl\":\"https:\\\/\\\/www.conex.net\\\/fr\\\/wp-content\\\/uploads\\\/sites\\\/2\\\/2018\\\/10\\\/logo-conex.png\",\"width\":138,\"height\":49,\"caption\":\"CONEX SAS\"},\"image\":{\"@id\":\"https:\\\/\\\/www.conex.net\\\/fr\\\/#\\\/schema\\\/logo\\\/image\\\/\"}},{\"@type\":\"Person\",\"@id\":\"https:\\\/\\\/www.conex.net\\\/fr\\\/#\\\/schema\\\/person\\\/028dad5f0ba1e2df5f2e9760898dfba9\",\"name\":\"admin@conex-net\",\"image\":{\"@type\":\"ImageObject\",\"inLanguage\":\"fr-FR\",\"@id\":\"https:\\\/\\\/secure.gravatar.com\\\/avatar\\\/ec6ef48a65dc441c5b7eebc066d259e87a66b61b9e92ec24e1850aa972f92206?s=96&d=mm&r=g\",\"url\":\"https:\\\/\\\/secure.gravatar.com\\\/avatar\\\/ec6ef48a65dc441c5b7eebc066d259e87a66b61b9e92ec24e1850aa972f92206?s=96&d=mm&r=g\",\"contentUrl\":\"https:\\\/\\\/secure.gravatar.com\\\/avatar\\\/ec6ef48a65dc441c5b7eebc066d259e87a66b61b9e92ec24e1850aa972f92206?s=96&d=mm&r=g\",\"caption\":\"admin@conex-net\"},\"url\":\"https:\\\/\\\/www.conex.net\\\/fr\\\/author\\\/adminconex-net\\\/\"}]}<\/script>\n<!-- \/ Yoast SEO plugin. -->","yoast_head_json":{"title":"TVA sur le commerce \u00e9lectronique - Conex France","description":"Au 1er juillet 2021, le paquet TVA e-commerce entre en vigueur, et avec lui des \u00e9volutions fiscales et douani\u00e8res concernant les envois d\u2019une valeur intrins\u00e8que jusqu\u2019\u00e0 150 euros.","robots":{"index":"index","follow":"follow","max-snippet":"max-snippet:-1","max-image-preview":"max-image-preview:large","max-video-preview":"max-video-preview:-1"},"canonical":"https:\/\/www.conex.net\/fr\/tva-sur-le-commerce-electronique\/","og_locale":"fr_FR","og_type":"article","og_title":"TVA sur le commerce \u00e9lectronique - Conex France","og_description":"Au 1er juillet 2021, le paquet TVA e-commerce entre en vigueur, et avec lui des \u00e9volutions fiscales et douani\u00e8res concernant les envois d\u2019une valeur intrins\u00e8que jusqu\u2019\u00e0 150 euros.","og_url":"https:\/\/www.conex.net\/fr\/tva-sur-le-commerce-electronique\/","og_site_name":"Conex France","article_published_time":"2021-06-21T10:19:20+00:00","article_modified_time":"2021-06-21T10:26:07+00:00","og_image":[{"width":354,"height":185,"url":"https:\/\/www.conex.net\/fr\/wp-content\/uploads\/sites\/2\/2020\/07\/Reglementation-Douane.jpg","type":"image\/jpeg"}],"author":"admin@conex-net","twitter_card":"summary_large_image","twitter_misc":{"\u00c9crit par":"admin@conex-net","Dur\u00e9e de lecture estim\u00e9e":"1 minute"},"schema":{"@context":"https:\/\/schema.org","@graph":[{"@type":"Article","@id":"https:\/\/www.conex.net\/fr\/tva-sur-le-commerce-electronique\/#article","isPartOf":{"@id":"https:\/\/www.conex.net\/fr\/tva-sur-le-commerce-electronique\/"},"author":{"name":"admin@conex-net","@id":"https:\/\/www.conex.net\/fr\/#\/schema\/person\/028dad5f0ba1e2df5f2e9760898dfba9"},"headline":"TVA sur le commerce \u00e9lectronique","datePublished":"2021-06-21T10:19:20+00:00","dateModified":"2021-06-21T10:26:07+00:00","mainEntityOfPage":{"@id":"https:\/\/www.conex.net\/fr\/tva-sur-le-commerce-electronique\/"},"wordCount":233,"publisher":{"@id":"https:\/\/www.conex.net\/fr\/#organization"},"image":{"@id":"https:\/\/www.conex.net\/fr\/tva-sur-le-commerce-electronique\/#primaryimage"},"thumbnailUrl":"https:\/\/www.conex.net\/fr\/wp-content\/uploads\/sites\/2\/2020\/07\/Reglementation-Douane.jpg","articleSection":["R\u00c9GLEMENTATION"],"inLanguage":"fr-FR"},{"@type":"WebPage","@id":"https:\/\/www.conex.net\/fr\/tva-sur-le-commerce-electronique\/","url":"https:\/\/www.conex.net\/fr\/tva-sur-le-commerce-electronique\/","name":"TVA sur le commerce \u00e9lectronique - Conex France","isPartOf":{"@id":"https:\/\/www.conex.net\/fr\/#website"},"primaryImageOfPage":{"@id":"https:\/\/www.conex.net\/fr\/tva-sur-le-commerce-electronique\/#primaryimage"},"image":{"@id":"https:\/\/www.conex.net\/fr\/tva-sur-le-commerce-electronique\/#primaryimage"},"thumbnailUrl":"https:\/\/www.conex.net\/fr\/wp-content\/uploads\/sites\/2\/2020\/07\/Reglementation-Douane.jpg","datePublished":"2021-06-21T10:19:20+00:00","dateModified":"2021-06-21T10:26:07+00:00","description":"Au 1er juillet 2021, le paquet TVA e-commerce entre en vigueur, et avec lui des \u00e9volutions fiscales et douani\u00e8res concernant les envois d\u2019une valeur intrins\u00e8que jusqu\u2019\u00e0 150 euros.","breadcrumb":{"@id":"https:\/\/www.conex.net\/fr\/tva-sur-le-commerce-electronique\/#breadcrumb"},"inLanguage":"fr-FR","potentialAction":[{"@type":"ReadAction","target":["https:\/\/www.conex.net\/fr\/tva-sur-le-commerce-electronique\/"]}]},{"@type":"ImageObject","inLanguage":"fr-FR","@id":"https:\/\/www.conex.net\/fr\/tva-sur-le-commerce-electronique\/#primaryimage","url":"https:\/\/www.conex.net\/fr\/wp-content\/uploads\/sites\/2\/2020\/07\/Reglementation-Douane.jpg","contentUrl":"https:\/\/www.conex.net\/fr\/wp-content\/uploads\/sites\/2\/2020\/07\/Reglementation-Douane.jpg","width":354,"height":185,"caption":"Reglementation-Douane"},{"@type":"BreadcrumbList","@id":"https:\/\/www.conex.net\/fr\/tva-sur-le-commerce-electronique\/#breadcrumb","itemListElement":[{"@type":"ListItem","position":1,"name":"Accueil","item":"https:\/\/www.conex.net\/fr\/"},{"@type":"ListItem","position":2,"name":"TVA sur le commerce \u00e9lectronique"}]},{"@type":"WebSite","@id":"https:\/\/www.conex.net\/fr\/#website","url":"https:\/\/www.conex.net\/fr\/","name":"Conex France","description":"Your customs partner - CONEX FRANCE","publisher":{"@id":"https:\/\/www.conex.net\/fr\/#organization"},"potentialAction":[{"@type":"SearchAction","target":{"@type":"EntryPoint","urlTemplate":"https:\/\/www.conex.net\/fr\/?s={search_term_string}"},"query-input":{"@type":"PropertyValueSpecification","valueRequired":true,"valueName":"search_term_string"}}],"inLanguage":"fr-FR"},{"@type":"Organization","@id":"https:\/\/www.conex.net\/fr\/#organization","name":"CONEX SAS","url":"https:\/\/www.conex.net\/fr\/","logo":{"@type":"ImageObject","inLanguage":"fr-FR","@id":"https:\/\/www.conex.net\/fr\/#\/schema\/logo\/image\/","url":"https:\/\/www.conex.net\/fr\/wp-content\/uploads\/sites\/2\/2018\/10\/logo-conex.png","contentUrl":"https:\/\/www.conex.net\/fr\/wp-content\/uploads\/sites\/2\/2018\/10\/logo-conex.png","width":138,"height":49,"caption":"CONEX SAS"},"image":{"@id":"https:\/\/www.conex.net\/fr\/#\/schema\/logo\/image\/"}},{"@type":"Person","@id":"https:\/\/www.conex.net\/fr\/#\/schema\/person\/028dad5f0ba1e2df5f2e9760898dfba9","name":"admin@conex-net","image":{"@type":"ImageObject","inLanguage":"fr-FR","@id":"https:\/\/secure.gravatar.com\/avatar\/ec6ef48a65dc441c5b7eebc066d259e87a66b61b9e92ec24e1850aa972f92206?s=96&d=mm&r=g","url":"https:\/\/secure.gravatar.com\/avatar\/ec6ef48a65dc441c5b7eebc066d259e87a66b61b9e92ec24e1850aa972f92206?s=96&d=mm&r=g","contentUrl":"https:\/\/secure.gravatar.com\/avatar\/ec6ef48a65dc441c5b7eebc066d259e87a66b61b9e92ec24e1850aa972f92206?s=96&d=mm&r=g","caption":"admin@conex-net"},"url":"https:\/\/www.conex.net\/fr\/author\/adminconex-net\/"}]}},"_links":{"self":[{"href":"https:\/\/www.conex.net\/fr\/wp-json\/wp\/v2\/posts\/6323","targetHints":{"allow":["GET"]}}],"collection":[{"href":"https:\/\/www.conex.net\/fr\/wp-json\/wp\/v2\/posts"}],"about":[{"href":"https:\/\/www.conex.net\/fr\/wp-json\/wp\/v2\/types\/post"}],"author":[{"embeddable":true,"href":"https:\/\/www.conex.net\/fr\/wp-json\/wp\/v2\/users\/1"}],"replies":[{"embeddable":true,"href":"https:\/\/www.conex.net\/fr\/wp-json\/wp\/v2\/comments?post=6323"}],"version-history":[{"count":6,"href":"https:\/\/www.conex.net\/fr\/wp-json\/wp\/v2\/posts\/6323\/revisions"}],"predecessor-version":[{"id":6329,"href":"https:\/\/www.conex.net\/fr\/wp-json\/wp\/v2\/posts\/6323\/revisions\/6329"}],"wp:featuredmedia":[{"embeddable":true,"href":"https:\/\/www.conex.net\/fr\/wp-json\/wp\/v2\/media\/4791"}],"wp:attachment":[{"href":"https:\/\/www.conex.net\/fr\/wp-json\/wp\/v2\/media?parent=6323"}],"wp:term":[{"taxonomy":"category","embeddable":true,"href":"https:\/\/www.conex.net\/fr\/wp-json\/wp\/v2\/categories?post=6323"},{"taxonomy":"post_tag","embeddable":true,"href":"https:\/\/www.conex.net\/fr\/wp-json\/wp\/v2\/tags?post=6323"},{"taxonomy":"sp_smart_badges","embeddable":true,"href":"https:\/\/www.conex.net\/fr\/wp-json\/wp\/v2\/sp_smart_badges?post=6323"}],"curies":[{"name":"wp","href":"https:\/\/api.w.org\/{rel}","templated":true}]}}