{"id":6380,"date":"2021-06-29T14:28:33","date_gmt":"2021-06-29T12:28:33","guid":{"rendered":"https:\/\/www.conex.net\/fr\/?p=6380"},"modified":"2021-06-29T15:45:24","modified_gmt":"2021-06-29T13:45:24","slug":"optimiser-votre-supply-chain","status":"publish","type":"post","link":"https:\/\/www.conex.net\/fr\/optimiser-votre-supply-chain\/","title":{"rendered":"Optimiser votre Supply Chain"},"content":{"rendered":"<div id=\"pl-6380\"  class=\"panel-layout\" ><div id=\"pg-6380-0\"  class=\"panel-grid panel-no-style\" ><div id=\"pgc-6380-0-0\"  class=\"panel-grid-cell\" ><div id=\"panel-6380-0-0-0\" class=\"so-panel widget widget_sow-editor panel-first-child panel-last-child\" data-index=\"0\" ><div\n\t\t\t\n\t\t\tclass=\"so-widget-sow-editor so-widget-sow-editor-base\"\n\t\t\t\n\t\t>\n<div class=\"siteorigin-widget-tinymce textwidget\">\n\t<p>&nbsp;<\/p>\n<p><img loading=\"lazy\" decoding=\"async\" class=\"alignleft size-full wp-image-6401\" src=\"https:\/\/www.conex.net\/fr\/wp-content\/uploads\/sites\/2\/2021\/06\/classe-expoprt-live-conference.jpg\" alt=\"classe-expoprt-live-conference\" width=\"334\" height=\"219\" srcset=\"https:\/\/www.conex.net\/fr\/wp-content\/uploads\/sites\/2\/2021\/06\/classe-expoprt-live-conference.jpg 334w, https:\/\/www.conex.net\/fr\/wp-content\/uploads\/sites\/2\/2021\/06\/classe-expoprt-live-conference-300x197.jpg 300w\" sizes=\"auto, (max-width: 334px) 100vw, 334px\" \/><\/p>\n<h2><span style=\"color: #333333;\">Ma\u00eetriser vos risques pour optimiser votre Supply Chain<\/span><\/h2>\n<p><span style=\"color: #333333;\">LIVE CONFERENCES ORGANIS\u00c9 PAR CLASSE EXPORT<\/span><\/p>\n<p><span style=\"color: #333333;\">Mardi 6 juillet de 8h55 \u00e0 17h30 \u2013 <\/span><a href=\"http:\/\/www.classe-export.info\/divers-marketing\/pageweb\/page-web-journee-digitale-transport.html\" target=\"_blank\" rel=\"noopener\"><span style=\"color: #333333;\"><span style=\"color: #b80022;\"><strong>INSCRIPTIONS GRATUITES<\/strong><\/span><\/span><\/a><\/p>\n<h5><\/h5>\n<h5><\/h5>\n<h5><\/h5>\n<h5><span style=\"color: #b80022;\"><strong><span style=\"color: #333333;\">Avec Alban GRUSON, CEO CONEX qui interviendra sur le sujet OPTIMISER VOS OPERATIONS DOUANIERES<\/span><\/strong><\/span><\/h5>\n<p style=\"text-align: left;\"><span style=\"color: #333333;\">Dans les op\u00e9rations internationales, conna\u00eetre les r\u00e8gles qui r\u00e9gissent le commerce international, comme l\u2019environnement productif et les processus logistiques, sont autant d\u2019atouts permettant d\u2019\u00e9tablir une strat\u00e9gie qui garantit l\u2019efficience des transactions. <\/span><span style=\"color: #333333;\">Lorsqu\u2019elle est conduite efficacement la strat\u00e9gie douani\u00e8re permet de r\u00e9duire le montant des droits de douanes et autres taxes \u00e0 payer, augmentant ainsi les marges des op\u00e9rateurs \u00e9conomiques et donc leur comp\u00e9titivit\u00e9.<\/span><\/p>\n<p><strong><span style=\"color: #333333;\">Avec la participation de :<\/span><\/strong><\/p>\n<ul>\n<li><span style=\"color: #333333;\">Jean-Michel Poncet, Directeur Agence Douane France, M&amp;M Militzer &amp; M\u00fcnch France SA<\/span><\/li>\n<li><span style=\"color: #333333;\">Alban Gruson, CEO, Conex<\/span><\/li>\n<li><span style=\"color: #333333;\">Catherine Amandio, D\u00e9l\u00e9gu\u00e9 adjoint, ODASCE<\/span><\/li>\n<li><span style=\"color: #333333;\">Claire Perez, D\u00e9l\u00e9gu\u00e9e Auvergne Rh\u00f4ne-Alpes\/PACA, Port de Barcelona<\/span><\/li>\n<li><span style=\"color: #333333;\">Nathalie Thomas, D\u00e9l\u00e9gu\u00e9e, Port de Barcelona<\/span><\/li>\n<\/ul>\n<h5><\/h5>\n<h5><span style=\"color: #333333;\"><strong>Avec Claire FOURNIER, International\u00a0 Development Manager CONEX qui interviendra sur le sujet TVA ET E.COMMERCE : LES NOUVELLES REGLES APPLICABLES AU 1ER JUILLET<\/strong><\/span><\/h5>\n<p><span style=\"color: #333333;\">Vous \u00eates commer\u00e7ant et vous effectuez des ventes \u00e0 distance?<\/span><\/p>\n<p><span style=\"color: #333333;\">A partir du 1er juillet 2021 de nouvelles r\u00e8gles de facturation de la TVA vont s'appliquer \u00e0 vos op\u00e9rations avec des particuliers situ\u00e9s dans l'Union europ\u00e9enne.<\/span><\/p>\n<p><span style=\"color: #333333;\">D\u00e9couvrez quelles sont ces nouvelles obligations.<\/span><\/p>\n<p><strong><span style=\"color: #333333;\">Avec la participation de :<\/span><\/strong><\/p>\n<ul>\n<li><span style=\"color: #333333;\">Claire Fournier, International Development Manager, Conex<\/span><\/li>\n<li><span style=\"color: #333333;\">Hubert Paquentin, Pr\u00e9sident de la commission douane de l\u2019AUTF et Corporate process Manager Customs and Trade, VAT \u00b7 SOLVAY<\/span><\/li>\n<\/ul>\n<p>&nbsp;<\/p>\n<p>&nbsp;<\/p>\n<\/div>\n<\/div><\/div><\/div><\/div><\/div>","protected":false},"excerpt":{"rendered":"<p>&nbsp; Ma\u00eetriser vos risques pour optimiser votre Supply Chain LIVE CONFERENCES ORGANIS\u00c9 PAR CLASSE EXPORT Mardi 6 juillet de 8h55 \u00e0 17h30 \u2013 INSCRIPTIONS GRATUITES Avec Alban GRUSON, CEO CONEX qui interviendra sur le sujet OPTIMISER VOS OPERATIONS DOUANIERES Dans les op\u00e9rations internationales, conna\u00eetre les r\u00e8gles qui r\u00e9gissent le commerce international, comme l\u2019environnement productif et les processus logistiques, sont autant d\u2019atouts permettant d\u2019\u00e9tablir une strat\u00e9gie qui garantit l\u2019efficience des transactions. Lorsqu\u2019elle est conduite efficacement la [&hellip;]<\/p>\n","protected":false},"author":1,"featured_media":6401,"comment_status":"closed","ping_status":"open","sticky":false,"template":"","format":"standard","meta":{"footnotes":""},"categories":[139],"tags":[],"sp_smart_badges":[],"class_list":["post-6380","post","type-post","status-publish","format-standard","has-post-thumbnail","hentry","category-evenement-conex"],"yoast_head":"<!-- This site is optimized with the Yoast SEO plugin v27.5 - https:\/\/yoast.com\/product\/yoast-seo-wordpress\/ -->\n<title>Optimiser votre Supply Chain - Conex France<\/title>\n<meta name=\"description\" content=\"Ma\u00eetriser vos risques pour optimiser votre Supply Chain - LIVE CONFERENCES ORGANIS\u00c9 PAR CLASSE EXPORT - Mardi 6 juillet de 8h55 \u00e0 17h30\" \/>\n<meta name=\"robots\" content=\"index, follow, max-snippet:-1, max-image-preview:large, max-video-preview:-1\" \/>\n<link rel=\"canonical\" href=\"https:\/\/www.conex.net\/fr\/optimiser-votre-supply-chain\/\" \/>\n<meta property=\"og:locale\" content=\"fr_FR\" \/>\n<meta property=\"og:type\" content=\"article\" \/>\n<meta property=\"og:title\" content=\"Optimiser votre Supply Chain - Conex France\" \/>\n<meta property=\"og:description\" content=\"Ma\u00eetriser vos risques pour optimiser votre Supply Chain - LIVE CONFERENCES ORGANIS\u00c9 PAR CLASSE EXPORT - Mardi 6 juillet de 8h55 \u00e0 17h30\" \/>\n<meta property=\"og:url\" content=\"https:\/\/www.conex.net\/fr\/optimiser-votre-supply-chain\/\" \/>\n<meta property=\"og:site_name\" content=\"Conex France\" \/>\n<meta property=\"article:published_time\" content=\"2021-06-29T12:28:33+00:00\" \/>\n<meta property=\"article:modified_time\" content=\"2021-06-29T13:45:24+00:00\" \/>\n<meta property=\"og:image\" content=\"https:\/\/www.conex.net\/fr\/wp-content\/uploads\/sites\/2\/2021\/06\/classe-expoprt-live-conference.jpg\" \/>\n\t<meta property=\"og:image:width\" content=\"334\" \/>\n\t<meta property=\"og:image:height\" content=\"219\" \/>\n\t<meta property=\"og:image:type\" content=\"image\/jpeg\" \/>\n<meta name=\"author\" content=\"admin@conex-net\" \/>\n<meta name=\"twitter:card\" content=\"summary_large_image\" \/>\n<meta name=\"twitter:label1\" content=\"\u00c9crit par\" \/>\n\t<meta name=\"twitter:data1\" content=\"admin@conex-net\" \/>\n\t<meta name=\"twitter:label2\" content=\"Dur\u00e9e de lecture estim\u00e9e\" \/>\n\t<meta name=\"twitter:data2\" content=\"1 minute\" \/>\n<script type=\"application\/ld+json\" class=\"yoast-schema-graph\">{\"@context\":\"https:\\\/\\\/schema.org\",\"@graph\":[{\"@type\":\"Article\",\"@id\":\"https:\\\/\\\/www.conex.net\\\/fr\\\/optimiser-votre-supply-chain\\\/#article\",\"isPartOf\":{\"@id\":\"https:\\\/\\\/www.conex.net\\\/fr\\\/optimiser-votre-supply-chain\\\/\"},\"author\":{\"name\":\"admin@conex-net\",\"@id\":\"https:\\\/\\\/www.conex.net\\\/fr\\\/#\\\/schema\\\/person\\\/028dad5f0ba1e2df5f2e9760898dfba9\"},\"headline\":\"Optimiser votre Supply Chain\",\"datePublished\":\"2021-06-29T12:28:33+00:00\",\"dateModified\":\"2021-06-29T13:45:24+00:00\",\"mainEntityOfPage\":{\"@id\":\"https:\\\/\\\/www.conex.net\\\/fr\\\/optimiser-votre-supply-chain\\\/\"},\"wordCount\":270,\"publisher\":{\"@id\":\"https:\\\/\\\/www.conex.net\\\/fr\\\/#organization\"},\"image\":{\"@id\":\"https:\\\/\\\/www.conex.net\\\/fr\\\/optimiser-votre-supply-chain\\\/#primaryimage\"},\"thumbnailUrl\":\"https:\\\/\\\/www.conex.net\\\/fr\\\/wp-content\\\/uploads\\\/sites\\\/2\\\/2021\\\/06\\\/classe-expoprt-live-conference.jpg\",\"articleSection\":[\"NEWS\"],\"inLanguage\":\"fr-FR\"},{\"@type\":\"WebPage\",\"@id\":\"https:\\\/\\\/www.conex.net\\\/fr\\\/optimiser-votre-supply-chain\\\/\",\"url\":\"https:\\\/\\\/www.conex.net\\\/fr\\\/optimiser-votre-supply-chain\\\/\",\"name\":\"Optimiser votre Supply Chain - Conex France\",\"isPartOf\":{\"@id\":\"https:\\\/\\\/www.conex.net\\\/fr\\\/#website\"},\"primaryImageOfPage\":{\"@id\":\"https:\\\/\\\/www.conex.net\\\/fr\\\/optimiser-votre-supply-chain\\\/#primaryimage\"},\"image\":{\"@id\":\"https:\\\/\\\/www.conex.net\\\/fr\\\/optimiser-votre-supply-chain\\\/#primaryimage\"},\"thumbnailUrl\":\"https:\\\/\\\/www.conex.net\\\/fr\\\/wp-content\\\/uploads\\\/sites\\\/2\\\/2021\\\/06\\\/classe-expoprt-live-conference.jpg\",\"datePublished\":\"2021-06-29T12:28:33+00:00\",\"dateModified\":\"2021-06-29T13:45:24+00:00\",\"description\":\"Ma\u00eetriser vos risques pour optimiser votre Supply Chain - LIVE CONFERENCES ORGANIS\u00c9 PAR CLASSE EXPORT - Mardi 6 juillet de 8h55 \u00e0 17h30\",\"breadcrumb\":{\"@id\":\"https:\\\/\\\/www.conex.net\\\/fr\\\/optimiser-votre-supply-chain\\\/#breadcrumb\"},\"inLanguage\":\"fr-FR\",\"potentialAction\":[{\"@type\":\"ReadAction\",\"target\":[\"https:\\\/\\\/www.conex.net\\\/fr\\\/optimiser-votre-supply-chain\\\/\"]}]},{\"@type\":\"ImageObject\",\"inLanguage\":\"fr-FR\",\"@id\":\"https:\\\/\\\/www.conex.net\\\/fr\\\/optimiser-votre-supply-chain\\\/#primaryimage\",\"url\":\"https:\\\/\\\/www.conex.net\\\/fr\\\/wp-content\\\/uploads\\\/sites\\\/2\\\/2021\\\/06\\\/classe-expoprt-live-conference.jpg\",\"contentUrl\":\"https:\\\/\\\/www.conex.net\\\/fr\\\/wp-content\\\/uploads\\\/sites\\\/2\\\/2021\\\/06\\\/classe-expoprt-live-conference.jpg\",\"width\":334,\"height\":219,\"caption\":\"classe-expoprt-live-conference\"},{\"@type\":\"BreadcrumbList\",\"@id\":\"https:\\\/\\\/www.conex.net\\\/fr\\\/optimiser-votre-supply-chain\\\/#breadcrumb\",\"itemListElement\":[{\"@type\":\"ListItem\",\"position\":1,\"name\":\"Accueil\",\"item\":\"https:\\\/\\\/www.conex.net\\\/fr\\\/\"},{\"@type\":\"ListItem\",\"position\":2,\"name\":\"Optimiser votre Supply Chain\"}]},{\"@type\":\"WebSite\",\"@id\":\"https:\\\/\\\/www.conex.net\\\/fr\\\/#website\",\"url\":\"https:\\\/\\\/www.conex.net\\\/fr\\\/\",\"name\":\"Conex France\",\"description\":\"Your customs partner - CONEX FRANCE\",\"publisher\":{\"@id\":\"https:\\\/\\\/www.conex.net\\\/fr\\\/#organization\"},\"potentialAction\":[{\"@type\":\"SearchAction\",\"target\":{\"@type\":\"EntryPoint\",\"urlTemplate\":\"https:\\\/\\\/www.conex.net\\\/fr\\\/?s={search_term_string}\"},\"query-input\":{\"@type\":\"PropertyValueSpecification\",\"valueRequired\":true,\"valueName\":\"search_term_string\"}}],\"inLanguage\":\"fr-FR\"},{\"@type\":\"Organization\",\"@id\":\"https:\\\/\\\/www.conex.net\\\/fr\\\/#organization\",\"name\":\"CONEX SAS\",\"url\":\"https:\\\/\\\/www.conex.net\\\/fr\\\/\",\"logo\":{\"@type\":\"ImageObject\",\"inLanguage\":\"fr-FR\",\"@id\":\"https:\\\/\\\/www.conex.net\\\/fr\\\/#\\\/schema\\\/logo\\\/image\\\/\",\"url\":\"https:\\\/\\\/www.conex.net\\\/fr\\\/wp-content\\\/uploads\\\/sites\\\/2\\\/2018\\\/10\\\/logo-conex.png\",\"contentUrl\":\"https:\\\/\\\/www.conex.net\\\/fr\\\/wp-content\\\/uploads\\\/sites\\\/2\\\/2018\\\/10\\\/logo-conex.png\",\"width\":138,\"height\":49,\"caption\":\"CONEX SAS\"},\"image\":{\"@id\":\"https:\\\/\\\/www.conex.net\\\/fr\\\/#\\\/schema\\\/logo\\\/image\\\/\"}},{\"@type\":\"Person\",\"@id\":\"https:\\\/\\\/www.conex.net\\\/fr\\\/#\\\/schema\\\/person\\\/028dad5f0ba1e2df5f2e9760898dfba9\",\"name\":\"admin@conex-net\",\"image\":{\"@type\":\"ImageObject\",\"inLanguage\":\"fr-FR\",\"@id\":\"https:\\\/\\\/secure.gravatar.com\\\/avatar\\\/ec6ef48a65dc441c5b7eebc066d259e87a66b61b9e92ec24e1850aa972f92206?s=96&d=mm&r=g\",\"url\":\"https:\\\/\\\/secure.gravatar.com\\\/avatar\\\/ec6ef48a65dc441c5b7eebc066d259e87a66b61b9e92ec24e1850aa972f92206?s=96&d=mm&r=g\",\"contentUrl\":\"https:\\\/\\\/secure.gravatar.com\\\/avatar\\\/ec6ef48a65dc441c5b7eebc066d259e87a66b61b9e92ec24e1850aa972f92206?s=96&d=mm&r=g\",\"caption\":\"admin@conex-net\"},\"url\":\"https:\\\/\\\/www.conex.net\\\/fr\\\/author\\\/adminconex-net\\\/\"}]}<\/script>\n<!-- \/ Yoast SEO plugin. -->","yoast_head_json":{"title":"Optimiser votre Supply Chain - Conex France","description":"Ma\u00eetriser vos risques pour optimiser votre Supply Chain - LIVE CONFERENCES ORGANIS\u00c9 PAR CLASSE EXPORT - Mardi 6 juillet de 8h55 \u00e0 17h30","robots":{"index":"index","follow":"follow","max-snippet":"max-snippet:-1","max-image-preview":"max-image-preview:large","max-video-preview":"max-video-preview:-1"},"canonical":"https:\/\/www.conex.net\/fr\/optimiser-votre-supply-chain\/","og_locale":"fr_FR","og_type":"article","og_title":"Optimiser votre Supply Chain - Conex France","og_description":"Ma\u00eetriser vos risques pour optimiser votre Supply Chain - LIVE CONFERENCES ORGANIS\u00c9 PAR CLASSE EXPORT - Mardi 6 juillet de 8h55 \u00e0 17h30","og_url":"https:\/\/www.conex.net\/fr\/optimiser-votre-supply-chain\/","og_site_name":"Conex France","article_published_time":"2021-06-29T12:28:33+00:00","article_modified_time":"2021-06-29T13:45:24+00:00","og_image":[{"width":334,"height":219,"url":"https:\/\/www.conex.net\/fr\/wp-content\/uploads\/sites\/2\/2021\/06\/classe-expoprt-live-conference.jpg","type":"image\/jpeg"}],"author":"admin@conex-net","twitter_card":"summary_large_image","twitter_misc":{"\u00c9crit par":"admin@conex-net","Dur\u00e9e de lecture estim\u00e9e":"1 minute"},"schema":{"@context":"https:\/\/schema.org","@graph":[{"@type":"Article","@id":"https:\/\/www.conex.net\/fr\/optimiser-votre-supply-chain\/#article","isPartOf":{"@id":"https:\/\/www.conex.net\/fr\/optimiser-votre-supply-chain\/"},"author":{"name":"admin@conex-net","@id":"https:\/\/www.conex.net\/fr\/#\/schema\/person\/028dad5f0ba1e2df5f2e9760898dfba9"},"headline":"Optimiser votre Supply Chain","datePublished":"2021-06-29T12:28:33+00:00","dateModified":"2021-06-29T13:45:24+00:00","mainEntityOfPage":{"@id":"https:\/\/www.conex.net\/fr\/optimiser-votre-supply-chain\/"},"wordCount":270,"publisher":{"@id":"https:\/\/www.conex.net\/fr\/#organization"},"image":{"@id":"https:\/\/www.conex.net\/fr\/optimiser-votre-supply-chain\/#primaryimage"},"thumbnailUrl":"https:\/\/www.conex.net\/fr\/wp-content\/uploads\/sites\/2\/2021\/06\/classe-expoprt-live-conference.jpg","articleSection":["NEWS"],"inLanguage":"fr-FR"},{"@type":"WebPage","@id":"https:\/\/www.conex.net\/fr\/optimiser-votre-supply-chain\/","url":"https:\/\/www.conex.net\/fr\/optimiser-votre-supply-chain\/","name":"Optimiser votre Supply Chain - Conex France","isPartOf":{"@id":"https:\/\/www.conex.net\/fr\/#website"},"primaryImageOfPage":{"@id":"https:\/\/www.conex.net\/fr\/optimiser-votre-supply-chain\/#primaryimage"},"image":{"@id":"https:\/\/www.conex.net\/fr\/optimiser-votre-supply-chain\/#primaryimage"},"thumbnailUrl":"https:\/\/www.conex.net\/fr\/wp-content\/uploads\/sites\/2\/2021\/06\/classe-expoprt-live-conference.jpg","datePublished":"2021-06-29T12:28:33+00:00","dateModified":"2021-06-29T13:45:24+00:00","description":"Ma\u00eetriser vos risques pour optimiser votre Supply Chain - LIVE CONFERENCES ORGANIS\u00c9 PAR CLASSE EXPORT - Mardi 6 juillet de 8h55 \u00e0 17h30","breadcrumb":{"@id":"https:\/\/www.conex.net\/fr\/optimiser-votre-supply-chain\/#breadcrumb"},"inLanguage":"fr-FR","potentialAction":[{"@type":"ReadAction","target":["https:\/\/www.conex.net\/fr\/optimiser-votre-supply-chain\/"]}]},{"@type":"ImageObject","inLanguage":"fr-FR","@id":"https:\/\/www.conex.net\/fr\/optimiser-votre-supply-chain\/#primaryimage","url":"https:\/\/www.conex.net\/fr\/wp-content\/uploads\/sites\/2\/2021\/06\/classe-expoprt-live-conference.jpg","contentUrl":"https:\/\/www.conex.net\/fr\/wp-content\/uploads\/sites\/2\/2021\/06\/classe-expoprt-live-conference.jpg","width":334,"height":219,"caption":"classe-expoprt-live-conference"},{"@type":"BreadcrumbList","@id":"https:\/\/www.conex.net\/fr\/optimiser-votre-supply-chain\/#breadcrumb","itemListElement":[{"@type":"ListItem","position":1,"name":"Accueil","item":"https:\/\/www.conex.net\/fr\/"},{"@type":"ListItem","position":2,"name":"Optimiser votre Supply Chain"}]},{"@type":"WebSite","@id":"https:\/\/www.conex.net\/fr\/#website","url":"https:\/\/www.conex.net\/fr\/","name":"Conex France","description":"Your customs partner - CONEX FRANCE","publisher":{"@id":"https:\/\/www.conex.net\/fr\/#organization"},"potentialAction":[{"@type":"SearchAction","target":{"@type":"EntryPoint","urlTemplate":"https:\/\/www.conex.net\/fr\/?s={search_term_string}"},"query-input":{"@type":"PropertyValueSpecification","valueRequired":true,"valueName":"search_term_string"}}],"inLanguage":"fr-FR"},{"@type":"Organization","@id":"https:\/\/www.conex.net\/fr\/#organization","name":"CONEX SAS","url":"https:\/\/www.conex.net\/fr\/","logo":{"@type":"ImageObject","inLanguage":"fr-FR","@id":"https:\/\/www.conex.net\/fr\/#\/schema\/logo\/image\/","url":"https:\/\/www.conex.net\/fr\/wp-content\/uploads\/sites\/2\/2018\/10\/logo-conex.png","contentUrl":"https:\/\/www.conex.net\/fr\/wp-content\/uploads\/sites\/2\/2018\/10\/logo-conex.png","width":138,"height":49,"caption":"CONEX SAS"},"image":{"@id":"https:\/\/www.conex.net\/fr\/#\/schema\/logo\/image\/"}},{"@type":"Person","@id":"https:\/\/www.conex.net\/fr\/#\/schema\/person\/028dad5f0ba1e2df5f2e9760898dfba9","name":"admin@conex-net","image":{"@type":"ImageObject","inLanguage":"fr-FR","@id":"https:\/\/secure.gravatar.com\/avatar\/ec6ef48a65dc441c5b7eebc066d259e87a66b61b9e92ec24e1850aa972f92206?s=96&d=mm&r=g","url":"https:\/\/secure.gravatar.com\/avatar\/ec6ef48a65dc441c5b7eebc066d259e87a66b61b9e92ec24e1850aa972f92206?s=96&d=mm&r=g","contentUrl":"https:\/\/secure.gravatar.com\/avatar\/ec6ef48a65dc441c5b7eebc066d259e87a66b61b9e92ec24e1850aa972f92206?s=96&d=mm&r=g","caption":"admin@conex-net"},"url":"https:\/\/www.conex.net\/fr\/author\/adminconex-net\/"}]}},"_links":{"self":[{"href":"https:\/\/www.conex.net\/fr\/wp-json\/wp\/v2\/posts\/6380","targetHints":{"allow":["GET"]}}],"collection":[{"href":"https:\/\/www.conex.net\/fr\/wp-json\/wp\/v2\/posts"}],"about":[{"href":"https:\/\/www.conex.net\/fr\/wp-json\/wp\/v2\/types\/post"}],"author":[{"embeddable":true,"href":"https:\/\/www.conex.net\/fr\/wp-json\/wp\/v2\/users\/1"}],"replies":[{"embeddable":true,"href":"https:\/\/www.conex.net\/fr\/wp-json\/wp\/v2\/comments?post=6380"}],"version-history":[{"count":11,"href":"https:\/\/www.conex.net\/fr\/wp-json\/wp\/v2\/posts\/6380\/revisions"}],"predecessor-version":[{"id":6402,"href":"https:\/\/www.conex.net\/fr\/wp-json\/wp\/v2\/posts\/6380\/revisions\/6402"}],"wp:featuredmedia":[{"embeddable":true,"href":"https:\/\/www.conex.net\/fr\/wp-json\/wp\/v2\/media\/6401"}],"wp:attachment":[{"href":"https:\/\/www.conex.net\/fr\/wp-json\/wp\/v2\/media?parent=6380"}],"wp:term":[{"taxonomy":"category","embeddable":true,"href":"https:\/\/www.conex.net\/fr\/wp-json\/wp\/v2\/categories?post=6380"},{"taxonomy":"post_tag","embeddable":true,"href":"https:\/\/www.conex.net\/fr\/wp-json\/wp\/v2\/tags?post=6380"},{"taxonomy":"sp_smart_badges","embeddable":true,"href":"https:\/\/www.conex.net\/fr\/wp-json\/wp\/v2\/sp_smart_badges?post=6380"}],"curies":[{"name":"wp","href":"https:\/\/api.w.org\/{rel}","templated":true}]}}