{"id":6869,"date":"2021-09-23T11:09:35","date_gmt":"2021-09-23T09:09:35","guid":{"rendered":"https:\/\/www.conex.net\/fr\/?p=6869"},"modified":"2021-10-12T17:12:30","modified_gmt":"2021-10-12T15:12:30","slug":"xveme-colloque-douanier-collin-de-sussy","status":"publish","type":"post","link":"https:\/\/www.conex.net\/fr\/xveme-colloque-douanier-collin-de-sussy\/","title":{"rendered":"XV\u00e8me COLLOQUE DOUANIER COLLIN DE SUSSY"},"content":{"rendered":"<div id=\"pl-6869\"  class=\"panel-layout\" ><div id=\"pg-6869-0\"  class=\"panel-grid panel-no-style\" ><div id=\"pgc-6869-0-0\"  class=\"panel-grid-cell\" ><div id=\"panel-6869-0-0-0\" class=\"so-panel widget widget_sow-editor panel-first-child panel-last-child\" data-index=\"0\" ><div\n\t\t\t\n\t\t\tclass=\"so-widget-sow-editor so-widget-sow-editor-base\"\n\t\t\t\n\t\t>\n<div class=\"siteorigin-widget-tinymce textwidget\">\n\t<p><img loading=\"lazy\" decoding=\"async\" class=\"alignleft size-full wp-image-6870\" src=\"https:\/\/www.conex.net\/fr\/wp-content\/uploads\/sites\/2\/2021\/09\/CollinDeSussy-douane.jpg\" alt=\"CollinDeSussy-douane\" width=\"210\" height=\"180\" \/><strong style=\"color: #9e0000;\">CONEX soutient le colloque douanier COLLIN DE SUSSY<\/strong><span style=\"color: #9e0000;\"><strong>pour sa 15<sup>\u00e8me<\/sup> \u00e9dition.<\/strong><\/span><\/p>\n<h4><span style=\"color: #333333;\">L\u2019\u00e9v\u00e8nement, qui a pour th\u00e8me<strong> \u00ab\u00a0Guerre \u00e9conomique\u00a0: l\u2019arme douani\u00e8re\u00a0\u00bb<\/strong><br \/>\naura lieu le <strong>6 octobre au Palais des Papes \u00e0 Avignon, de 10h \u00e0 18h<\/strong>.<br \/>\n<\/span><span style=\"color: #333333;\">Il sera suivi d\u2019un d\u00eener de Gala en l\u2019honneur des 30 ans du Cercle Collin de Sussy. \u00a0<\/span><\/h4>\n<h5 style=\"text-align: center;\"><a href=\"https:\/\/www.conex.net\/fr\/wp-content\/uploads\/sites\/2\/2021\/09\/COLLINDESUSSY-Programme-Colloque-6-octobre-2021.pdf\" target=\"_blank\" rel=\"noopener\"><strong><span style=\"color: #9e0000;\">PLUS D'INFO &amp; INSCRIPTION<\/span><\/strong><\/a><\/h5>\n<\/div>\n<\/div><\/div><\/div><\/div><\/div>","protected":false},"excerpt":{"rendered":"<p>CONEX soutient le colloque douanier COLLIN DE SUSSYpour sa 15\u00e8me \u00e9dition. L\u2019\u00e9v\u00e8nement, qui a pour th\u00e8me \u00ab\u00a0Guerre \u00e9conomique\u00a0: l\u2019arme douani\u00e8re\u00a0\u00bb aura lieu le 6 octobre au Palais des Papes \u00e0 Avignon, de 10h \u00e0 18h. Il sera suivi d\u2019un d\u00eener de Gala en l\u2019honneur des 30 ans du Cercle Collin de Sussy. \u00a0 PLUS D&rsquo;INFO &amp; INSCRIPTION<\/p>\n","protected":false},"author":1,"featured_media":6870,"comment_status":"closed","ping_status":"open","sticky":false,"template":"","format":"standard","meta":{"footnotes":""},"categories":[139,1],"tags":[],"sp_smart_badges":[],"class_list":["post-6869","post","type-post","status-publish","format-standard","has-post-thumbnail","hentry","category-evenement-conex","category-non-classe"],"yoast_head":"<!-- This site is optimized with the Yoast SEO plugin v27.5 - https:\/\/yoast.com\/product\/yoast-seo-wordpress\/ -->\n<title>XV\u00e8me COLLOQUE DOUANIER COLLIN DE SUSSY - Conex France<\/title>\n<meta name=\"description\" content=\"CONEX soutient le colloque douanier COLLIN DE SUSSY pour sa 15\u00e8me \u00e9dition.L\u2019\u00e9v\u00e8nement, qui a pour th\u00e8me \u00ab Guerre \u00e9conomique ...\" \/>\n<meta name=\"robots\" content=\"index, follow, max-snippet:-1, max-image-preview:large, max-video-preview:-1\" \/>\n<link rel=\"canonical\" href=\"https:\/\/www.conex.net\/fr\/xveme-colloque-douanier-collin-de-sussy\/\" \/>\n<meta property=\"og:locale\" content=\"fr_FR\" \/>\n<meta property=\"og:type\" content=\"article\" \/>\n<meta property=\"og:title\" content=\"XV\u00e8me COLLOQUE DOUANIER COLLIN DE SUSSY - Conex France\" \/>\n<meta property=\"og:description\" content=\"CONEX soutient le colloque douanier COLLIN DE SUSSY pour sa 15\u00e8me \u00e9dition.L\u2019\u00e9v\u00e8nement, qui a pour th\u00e8me \u00ab Guerre \u00e9conomique ...\" \/>\n<meta property=\"og:url\" content=\"https:\/\/www.conex.net\/fr\/xveme-colloque-douanier-collin-de-sussy\/\" \/>\n<meta property=\"og:site_name\" content=\"Conex France\" \/>\n<meta property=\"article:published_time\" content=\"2021-09-23T09:09:35+00:00\" \/>\n<meta property=\"article:modified_time\" content=\"2021-10-12T15:12:30+00:00\" \/>\n<meta property=\"og:image\" content=\"https:\/\/www.conex.net\/fr\/wp-content\/uploads\/sites\/2\/2021\/09\/CollinDeSussy-douane.jpg\" \/>\n\t<meta property=\"og:image:width\" content=\"210\" \/>\n\t<meta property=\"og:image:height\" content=\"180\" \/>\n\t<meta property=\"og:image:type\" content=\"image\/jpeg\" \/>\n<meta name=\"author\" content=\"admin@conex-net\" \/>\n<meta name=\"twitter:card\" content=\"summary_large_image\" \/>\n<meta name=\"twitter:label1\" content=\"\u00c9crit par\" \/>\n\t<meta name=\"twitter:data1\" content=\"admin@conex-net\" \/>\n<script type=\"application\/ld+json\" class=\"yoast-schema-graph\">{\"@context\":\"https:\\\/\\\/schema.org\",\"@graph\":[{\"@type\":\"Article\",\"@id\":\"https:\\\/\\\/www.conex.net\\\/fr\\\/xveme-colloque-douanier-collin-de-sussy\\\/#article\",\"isPartOf\":{\"@id\":\"https:\\\/\\\/www.conex.net\\\/fr\\\/xveme-colloque-douanier-collin-de-sussy\\\/\"},\"author\":{\"name\":\"admin@conex-net\",\"@id\":\"https:\\\/\\\/www.conex.net\\\/fr\\\/#\\\/schema\\\/person\\\/028dad5f0ba1e2df5f2e9760898dfba9\"},\"headline\":\"XV\u00e8me COLLOQUE DOUANIER COLLIN DE SUSSY\",\"datePublished\":\"2021-09-23T09:09:35+00:00\",\"dateModified\":\"2021-10-12T15:12:30+00:00\",\"mainEntityOfPage\":{\"@id\":\"https:\\\/\\\/www.conex.net\\\/fr\\\/xveme-colloque-douanier-collin-de-sussy\\\/\"},\"wordCount\":68,\"publisher\":{\"@id\":\"https:\\\/\\\/www.conex.net\\\/fr\\\/#organization\"},\"image\":{\"@id\":\"https:\\\/\\\/www.conex.net\\\/fr\\\/xveme-colloque-douanier-collin-de-sussy\\\/#primaryimage\"},\"thumbnailUrl\":\"https:\\\/\\\/www.conex.net\\\/fr\\\/wp-content\\\/uploads\\\/sites\\\/2\\\/2021\\\/09\\\/CollinDeSussy-douane.jpg\",\"articleSection\":[\"NEWS\"],\"inLanguage\":\"fr-FR\"},{\"@type\":\"WebPage\",\"@id\":\"https:\\\/\\\/www.conex.net\\\/fr\\\/xveme-colloque-douanier-collin-de-sussy\\\/\",\"url\":\"https:\\\/\\\/www.conex.net\\\/fr\\\/xveme-colloque-douanier-collin-de-sussy\\\/\",\"name\":\"XV\u00e8me COLLOQUE DOUANIER COLLIN DE SUSSY - Conex France\",\"isPartOf\":{\"@id\":\"https:\\\/\\\/www.conex.net\\\/fr\\\/#website\"},\"primaryImageOfPage\":{\"@id\":\"https:\\\/\\\/www.conex.net\\\/fr\\\/xveme-colloque-douanier-collin-de-sussy\\\/#primaryimage\"},\"image\":{\"@id\":\"https:\\\/\\\/www.conex.net\\\/fr\\\/xveme-colloque-douanier-collin-de-sussy\\\/#primaryimage\"},\"thumbnailUrl\":\"https:\\\/\\\/www.conex.net\\\/fr\\\/wp-content\\\/uploads\\\/sites\\\/2\\\/2021\\\/09\\\/CollinDeSussy-douane.jpg\",\"datePublished\":\"2021-09-23T09:09:35+00:00\",\"dateModified\":\"2021-10-12T15:12:30+00:00\",\"description\":\"CONEX soutient le colloque douanier COLLIN DE SUSSY pour sa 15\u00e8me \u00e9dition.L\u2019\u00e9v\u00e8nement, qui a pour th\u00e8me \u00ab Guerre \u00e9conomique ...\",\"breadcrumb\":{\"@id\":\"https:\\\/\\\/www.conex.net\\\/fr\\\/xveme-colloque-douanier-collin-de-sussy\\\/#breadcrumb\"},\"inLanguage\":\"fr-FR\",\"potentialAction\":[{\"@type\":\"ReadAction\",\"target\":[\"https:\\\/\\\/www.conex.net\\\/fr\\\/xveme-colloque-douanier-collin-de-sussy\\\/\"]}]},{\"@type\":\"ImageObject\",\"inLanguage\":\"fr-FR\",\"@id\":\"https:\\\/\\\/www.conex.net\\\/fr\\\/xveme-colloque-douanier-collin-de-sussy\\\/#primaryimage\",\"url\":\"https:\\\/\\\/www.conex.net\\\/fr\\\/wp-content\\\/uploads\\\/sites\\\/2\\\/2021\\\/09\\\/CollinDeSussy-douane.jpg\",\"contentUrl\":\"https:\\\/\\\/www.conex.net\\\/fr\\\/wp-content\\\/uploads\\\/sites\\\/2\\\/2021\\\/09\\\/CollinDeSussy-douane.jpg\",\"width\":210,\"height\":180,\"caption\":\"CollinDeSussy-douane\"},{\"@type\":\"BreadcrumbList\",\"@id\":\"https:\\\/\\\/www.conex.net\\\/fr\\\/xveme-colloque-douanier-collin-de-sussy\\\/#breadcrumb\",\"itemListElement\":[{\"@type\":\"ListItem\",\"position\":1,\"name\":\"Accueil\",\"item\":\"https:\\\/\\\/www.conex.net\\\/fr\\\/\"},{\"@type\":\"ListItem\",\"position\":2,\"name\":\"XV\u00e8me COLLOQUE DOUANIER COLLIN DE SUSSY\"}]},{\"@type\":\"WebSite\",\"@id\":\"https:\\\/\\\/www.conex.net\\\/fr\\\/#website\",\"url\":\"https:\\\/\\\/www.conex.net\\\/fr\\\/\",\"name\":\"Conex France\",\"description\":\"Your customs partner - CONEX FRANCE\",\"publisher\":{\"@id\":\"https:\\\/\\\/www.conex.net\\\/fr\\\/#organization\"},\"potentialAction\":[{\"@type\":\"SearchAction\",\"target\":{\"@type\":\"EntryPoint\",\"urlTemplate\":\"https:\\\/\\\/www.conex.net\\\/fr\\\/?s={search_term_string}\"},\"query-input\":{\"@type\":\"PropertyValueSpecification\",\"valueRequired\":true,\"valueName\":\"search_term_string\"}}],\"inLanguage\":\"fr-FR\"},{\"@type\":\"Organization\",\"@id\":\"https:\\\/\\\/www.conex.net\\\/fr\\\/#organization\",\"name\":\"CONEX SAS\",\"url\":\"https:\\\/\\\/www.conex.net\\\/fr\\\/\",\"logo\":{\"@type\":\"ImageObject\",\"inLanguage\":\"fr-FR\",\"@id\":\"https:\\\/\\\/www.conex.net\\\/fr\\\/#\\\/schema\\\/logo\\\/image\\\/\",\"url\":\"https:\\\/\\\/www.conex.net\\\/fr\\\/wp-content\\\/uploads\\\/sites\\\/2\\\/2018\\\/10\\\/logo-conex.png\",\"contentUrl\":\"https:\\\/\\\/www.conex.net\\\/fr\\\/wp-content\\\/uploads\\\/sites\\\/2\\\/2018\\\/10\\\/logo-conex.png\",\"width\":138,\"height\":49,\"caption\":\"CONEX SAS\"},\"image\":{\"@id\":\"https:\\\/\\\/www.conex.net\\\/fr\\\/#\\\/schema\\\/logo\\\/image\\\/\"}},{\"@type\":\"Person\",\"@id\":\"https:\\\/\\\/www.conex.net\\\/fr\\\/#\\\/schema\\\/person\\\/028dad5f0ba1e2df5f2e9760898dfba9\",\"name\":\"admin@conex-net\",\"image\":{\"@type\":\"ImageObject\",\"inLanguage\":\"fr-FR\",\"@id\":\"https:\\\/\\\/secure.gravatar.com\\\/avatar\\\/ec6ef48a65dc441c5b7eebc066d259e87a66b61b9e92ec24e1850aa972f92206?s=96&d=mm&r=g\",\"url\":\"https:\\\/\\\/secure.gravatar.com\\\/avatar\\\/ec6ef48a65dc441c5b7eebc066d259e87a66b61b9e92ec24e1850aa972f92206?s=96&d=mm&r=g\",\"contentUrl\":\"https:\\\/\\\/secure.gravatar.com\\\/avatar\\\/ec6ef48a65dc441c5b7eebc066d259e87a66b61b9e92ec24e1850aa972f92206?s=96&d=mm&r=g\",\"caption\":\"admin@conex-net\"},\"url\":\"https:\\\/\\\/www.conex.net\\\/fr\\\/author\\\/adminconex-net\\\/\"}]}<\/script>\n<!-- \/ Yoast SEO plugin. -->","yoast_head_json":{"title":"XV\u00e8me COLLOQUE DOUANIER COLLIN DE SUSSY - Conex France","description":"CONEX soutient le colloque douanier COLLIN DE SUSSY pour sa 15\u00e8me \u00e9dition.L\u2019\u00e9v\u00e8nement, qui a pour th\u00e8me \u00ab Guerre \u00e9conomique ...","robots":{"index":"index","follow":"follow","max-snippet":"max-snippet:-1","max-image-preview":"max-image-preview:large","max-video-preview":"max-video-preview:-1"},"canonical":"https:\/\/www.conex.net\/fr\/xveme-colloque-douanier-collin-de-sussy\/","og_locale":"fr_FR","og_type":"article","og_title":"XV\u00e8me COLLOQUE DOUANIER COLLIN DE SUSSY - Conex France","og_description":"CONEX soutient le colloque douanier COLLIN DE SUSSY pour sa 15\u00e8me \u00e9dition.L\u2019\u00e9v\u00e8nement, qui a pour th\u00e8me \u00ab Guerre \u00e9conomique ...","og_url":"https:\/\/www.conex.net\/fr\/xveme-colloque-douanier-collin-de-sussy\/","og_site_name":"Conex France","article_published_time":"2021-09-23T09:09:35+00:00","article_modified_time":"2021-10-12T15:12:30+00:00","og_image":[{"width":210,"height":180,"url":"https:\/\/www.conex.net\/fr\/wp-content\/uploads\/sites\/2\/2021\/09\/CollinDeSussy-douane.jpg","type":"image\/jpeg"}],"author":"admin@conex-net","twitter_card":"summary_large_image","twitter_misc":{"\u00c9crit par":"admin@conex-net"},"schema":{"@context":"https:\/\/schema.org","@graph":[{"@type":"Article","@id":"https:\/\/www.conex.net\/fr\/xveme-colloque-douanier-collin-de-sussy\/#article","isPartOf":{"@id":"https:\/\/www.conex.net\/fr\/xveme-colloque-douanier-collin-de-sussy\/"},"author":{"name":"admin@conex-net","@id":"https:\/\/www.conex.net\/fr\/#\/schema\/person\/028dad5f0ba1e2df5f2e9760898dfba9"},"headline":"XV\u00e8me COLLOQUE DOUANIER COLLIN DE SUSSY","datePublished":"2021-09-23T09:09:35+00:00","dateModified":"2021-10-12T15:12:30+00:00","mainEntityOfPage":{"@id":"https:\/\/www.conex.net\/fr\/xveme-colloque-douanier-collin-de-sussy\/"},"wordCount":68,"publisher":{"@id":"https:\/\/www.conex.net\/fr\/#organization"},"image":{"@id":"https:\/\/www.conex.net\/fr\/xveme-colloque-douanier-collin-de-sussy\/#primaryimage"},"thumbnailUrl":"https:\/\/www.conex.net\/fr\/wp-content\/uploads\/sites\/2\/2021\/09\/CollinDeSussy-douane.jpg","articleSection":["NEWS"],"inLanguage":"fr-FR"},{"@type":"WebPage","@id":"https:\/\/www.conex.net\/fr\/xveme-colloque-douanier-collin-de-sussy\/","url":"https:\/\/www.conex.net\/fr\/xveme-colloque-douanier-collin-de-sussy\/","name":"XV\u00e8me COLLOQUE DOUANIER COLLIN DE SUSSY - Conex France","isPartOf":{"@id":"https:\/\/www.conex.net\/fr\/#website"},"primaryImageOfPage":{"@id":"https:\/\/www.conex.net\/fr\/xveme-colloque-douanier-collin-de-sussy\/#primaryimage"},"image":{"@id":"https:\/\/www.conex.net\/fr\/xveme-colloque-douanier-collin-de-sussy\/#primaryimage"},"thumbnailUrl":"https:\/\/www.conex.net\/fr\/wp-content\/uploads\/sites\/2\/2021\/09\/CollinDeSussy-douane.jpg","datePublished":"2021-09-23T09:09:35+00:00","dateModified":"2021-10-12T15:12:30+00:00","description":"CONEX soutient le colloque douanier COLLIN DE SUSSY pour sa 15\u00e8me \u00e9dition.L\u2019\u00e9v\u00e8nement, qui a pour th\u00e8me \u00ab Guerre \u00e9conomique ...","breadcrumb":{"@id":"https:\/\/www.conex.net\/fr\/xveme-colloque-douanier-collin-de-sussy\/#breadcrumb"},"inLanguage":"fr-FR","potentialAction":[{"@type":"ReadAction","target":["https:\/\/www.conex.net\/fr\/xveme-colloque-douanier-collin-de-sussy\/"]}]},{"@type":"ImageObject","inLanguage":"fr-FR","@id":"https:\/\/www.conex.net\/fr\/xveme-colloque-douanier-collin-de-sussy\/#primaryimage","url":"https:\/\/www.conex.net\/fr\/wp-content\/uploads\/sites\/2\/2021\/09\/CollinDeSussy-douane.jpg","contentUrl":"https:\/\/www.conex.net\/fr\/wp-content\/uploads\/sites\/2\/2021\/09\/CollinDeSussy-douane.jpg","width":210,"height":180,"caption":"CollinDeSussy-douane"},{"@type":"BreadcrumbList","@id":"https:\/\/www.conex.net\/fr\/xveme-colloque-douanier-collin-de-sussy\/#breadcrumb","itemListElement":[{"@type":"ListItem","position":1,"name":"Accueil","item":"https:\/\/www.conex.net\/fr\/"},{"@type":"ListItem","position":2,"name":"XV\u00e8me COLLOQUE DOUANIER COLLIN DE SUSSY"}]},{"@type":"WebSite","@id":"https:\/\/www.conex.net\/fr\/#website","url":"https:\/\/www.conex.net\/fr\/","name":"Conex France","description":"Your customs partner - CONEX FRANCE","publisher":{"@id":"https:\/\/www.conex.net\/fr\/#organization"},"potentialAction":[{"@type":"SearchAction","target":{"@type":"EntryPoint","urlTemplate":"https:\/\/www.conex.net\/fr\/?s={search_term_string}"},"query-input":{"@type":"PropertyValueSpecification","valueRequired":true,"valueName":"search_term_string"}}],"inLanguage":"fr-FR"},{"@type":"Organization","@id":"https:\/\/www.conex.net\/fr\/#organization","name":"CONEX SAS","url":"https:\/\/www.conex.net\/fr\/","logo":{"@type":"ImageObject","inLanguage":"fr-FR","@id":"https:\/\/www.conex.net\/fr\/#\/schema\/logo\/image\/","url":"https:\/\/www.conex.net\/fr\/wp-content\/uploads\/sites\/2\/2018\/10\/logo-conex.png","contentUrl":"https:\/\/www.conex.net\/fr\/wp-content\/uploads\/sites\/2\/2018\/10\/logo-conex.png","width":138,"height":49,"caption":"CONEX SAS"},"image":{"@id":"https:\/\/www.conex.net\/fr\/#\/schema\/logo\/image\/"}},{"@type":"Person","@id":"https:\/\/www.conex.net\/fr\/#\/schema\/person\/028dad5f0ba1e2df5f2e9760898dfba9","name":"admin@conex-net","image":{"@type":"ImageObject","inLanguage":"fr-FR","@id":"https:\/\/secure.gravatar.com\/avatar\/ec6ef48a65dc441c5b7eebc066d259e87a66b61b9e92ec24e1850aa972f92206?s=96&d=mm&r=g","url":"https:\/\/secure.gravatar.com\/avatar\/ec6ef48a65dc441c5b7eebc066d259e87a66b61b9e92ec24e1850aa972f92206?s=96&d=mm&r=g","contentUrl":"https:\/\/secure.gravatar.com\/avatar\/ec6ef48a65dc441c5b7eebc066d259e87a66b61b9e92ec24e1850aa972f92206?s=96&d=mm&r=g","caption":"admin@conex-net"},"url":"https:\/\/www.conex.net\/fr\/author\/adminconex-net\/"}]}},"_links":{"self":[{"href":"https:\/\/www.conex.net\/fr\/wp-json\/wp\/v2\/posts\/6869","targetHints":{"allow":["GET"]}}],"collection":[{"href":"https:\/\/www.conex.net\/fr\/wp-json\/wp\/v2\/posts"}],"about":[{"href":"https:\/\/www.conex.net\/fr\/wp-json\/wp\/v2\/types\/post"}],"author":[{"embeddable":true,"href":"https:\/\/www.conex.net\/fr\/wp-json\/wp\/v2\/users\/1"}],"replies":[{"embeddable":true,"href":"https:\/\/www.conex.net\/fr\/wp-json\/wp\/v2\/comments?post=6869"}],"version-history":[{"count":13,"href":"https:\/\/www.conex.net\/fr\/wp-json\/wp\/v2\/posts\/6869\/revisions"}],"predecessor-version":[{"id":7029,"href":"https:\/\/www.conex.net\/fr\/wp-json\/wp\/v2\/posts\/6869\/revisions\/7029"}],"wp:featuredmedia":[{"embeddable":true,"href":"https:\/\/www.conex.net\/fr\/wp-json\/wp\/v2\/media\/6870"}],"wp:attachment":[{"href":"https:\/\/www.conex.net\/fr\/wp-json\/wp\/v2\/media?parent=6869"}],"wp:term":[{"taxonomy":"category","embeddable":true,"href":"https:\/\/www.conex.net\/fr\/wp-json\/wp\/v2\/categories?post=6869"},{"taxonomy":"post_tag","embeddable":true,"href":"https:\/\/www.conex.net\/fr\/wp-json\/wp\/v2\/tags?post=6869"},{"taxonomy":"sp_smart_badges","embeddable":true,"href":"https:\/\/www.conex.net\/fr\/wp-json\/wp\/v2\/sp_smart_badges?post=6869"}],"curies":[{"name":"wp","href":"https:\/\/api.w.org\/{rel}","templated":true}]}}