{"id":9991,"date":"2024-07-11T11:22:04","date_gmt":"2024-07-11T09:22:04","guid":{"rendered":"https:\/\/www.conex.net\/fr\/?p=9991"},"modified":"2024-11-08T16:37:54","modified_gmt":"2024-11-08T15:37:54","slug":"le-groupe-carambar-co-signe-avec-conex","status":"publish","type":"post","link":"https:\/\/www.conex.net\/fr\/le-groupe-carambar-co-signe-avec-conex\/","title":{"rendered":"Le groupe Carambar &#038; Co signe avec CONEX"},"content":{"rendered":"<div id=\"pl-9991\"  class=\"panel-layout\" ><div id=\"pg-9991-0\"  class=\"panel-grid panel-no-style\" ><div id=\"pgc-9991-0-0\"  class=\"panel-grid-cell\" ><div id=\"panel-9991-0-0-0\" class=\"so-panel widget widget_sow-editor panel-first-child panel-last-child\" data-index=\"0\" ><div\n\t\t\t\n\t\t\tclass=\"so-widget-sow-editor so-widget-sow-editor-base\"\n\t\t\t\n\t\t>\n<div class=\"siteorigin-widget-tinymce textwidget\">\n\t<p><img loading=\"lazy\" decoding=\"async\" class=\"alignleft size-full wp-image-9994\" src=\"https:\/\/www.conex.net\/fr\/wp-content\/uploads\/sites\/2\/2024\/07\/CARAMBAR-AND-CO-CONEX-DOUANE.png\" alt=\"CARAMBAR-AND-CO-CONEX-DOUANE\" width=\"272\" height=\"182\" \/><\/p>\n<p>&nbsp;<\/p>\n<\/div>\n<\/div><\/div><\/div><div id=\"pgc-9991-0-1\"  class=\"panel-grid-cell\" ><div id=\"panel-9991-0-1-0\" class=\"so-panel widget widget_sow-editor panel-first-child panel-last-child\" data-index=\"1\" ><div\n\t\t\t\n\t\t\tclass=\"so-widget-sow-editor so-widget-sow-editor-base\"\n\t\t\t\n\t\t>\n<div class=\"siteorigin-widget-tinymce textwidget\">\n\t<h4><\/h4>\n<h3><strong><span style=\"color: #c70000;\">Le groupe Carambar &amp; Co signe avec CONEX, pour le d\u00e9douanement de ses flux export<\/span><\/strong><\/h3>\n<p><span style=\"color: #333333;\"><strong>Depuis le Brexit, le groupe Carambar &amp; Co a fait bouger les lignes de son organisation commerciale. L\u2019\u00e9quipe Service Clients Internationaux, form\u00e9e aux principes du d\u00e9douanement export et aux fonctions de l\u2019outil CUSTOMS via conex\u2122, g\u00e8rent lors des prises de commandes, le d\u00e9douanement des flux de marchandises vers les UK. Un enrichissement de leur m\u00e9tier, dont t\u00e9moigne l\u2019instigatrice, Isabelle Falquerho, Export Customer Service Manager.<\/strong><\/span><\/p>\n<h3><span style=\"color: #333333;\">Carambar &amp; Co, ce n\u2019est pas \u2026 que Carambar\u00a0!<\/span><\/h3>\n<div class=\"site-inner\">\n<div class=\"content-sidebar-wrap\">\n<div class=\"first three-fourths left-column\">\n<div class=\"communique_body\">\n<p><span style=\"color: #333333;\">L\u2019entit\u00e9 repr\u00e9sente tout un univers de confiserie, Carambar, Lutti, Poulain, Krema, Michoko, Terry\u2019s, La pie qui chante, Vichy, Suchard, Malabar, Dulciora\u2026 11 marques mythiques du bonbon et du chocolat, pour un groupe qui se positionne en r\u00e9f\u00e9rent fran\u00e7ais de la confiserie et exporte dans de nombreux pays. Il emploie 1 000 collaborateurs, r\u00e9alise 350 millions d\u2019euros de CA, avec 6 sites, usines de production ou sites support et R&amp;D.<\/span><\/p>\n<p><span style=\"color: #333333;\">Les atermoiements suscit\u00e9s par la mise en place du Brexit, ont laiss\u00e9 le temps de la r\u00e9flexion\u2026 Apr\u00e8s \u00e9tude d\u2019impact, il parait r\u00e9aliste que l\u2019\u00e9quipe Service Clients Internationaux en charge du passage des commandes op\u00e8rent directement des formalit\u00e9s douani\u00e8res \u00e0 l\u2019export.<\/span><\/p>\n<p><span style=\"color: #333333;\">Le Royaume-Uni, devenu pays tiers, repr\u00e9sente un march\u00e9 de premier plan pour le groupe. A titre d\u2019exemple, le\u00a0<em>Terry\u2019s Chocolate Orange<\/em>\u00a0est une star des f\u00eates de No\u00ebl anglaises. Or, cette\u00a0<em>ball\u00a0<\/em>en forme et au parfum d\u2019orange, presque inconnue des Fran\u00e7ais, est fabriqu\u00e9e \u00e0 Strasbourg\u00a0!<\/span><\/p>\n<blockquote>\n<p><span style=\"color: #333333;\">\u00ab\u00a0<em>Nos produits partent toute l\u2019ann\u00e9e\u00a0vers l\u2019Angleterre ; avec la mise en place du Brexit, une d\u00e9claration export devenait n\u00e9cessaire<\/em>\u00a0\u00bb, explique <strong>Isabelle Falquerho, Responsable Service Clients Internationaux<\/strong>. \u00ab\u00a0<em>C\u2019\u00e9tait pour nous l\u2019occasion de songer<\/em>\u00a0\u00e0\u00a0<em>internaliser la fonction export, en d\u00e9finissant pr\u00e9cis\u00e9ment le p\u00e9rim\u00e8tre du projet.<\/em>\u00a0\u00bb<\/span><\/p>\n<\/blockquote>\n<\/div>\n<\/div>\n<h3><span style=\"color: #333333;\">Une internalisation r\u00e9fl\u00e9chie des formalit\u00e9s douani\u00e8res<\/span><\/h3>\n<p><span style=\"color: #333333;\">Les produits de confiserie sont simples \u00e0 d\u00e9douaner, les clients identifi\u00e9s, le projet d\u2019internalisation est lanc\u00e9.<\/span><\/p>\n<p><span style=\"color: #333333;\">Il ne s\u2019agira pas de centraliser la comp\u00e9tence douane sur les \u00e9paules d\u2019un seul, mais plut\u00f4t de la rendre accessible \u00e0 toute l\u2019\u00e9quipe Service clients Internationaux. Sur les sites d\u2019Issy-les-Moulineaux et de Bondues, une demi-douzaine de personnes vont ainsi acqu\u00e9rir une toute nouvelle comp\u00e9tence et plus de responsabilit\u00e9, dans le prolongement de leur m\u00e9tier.<\/span><\/p>\n<p><span style=\"color: #333333;\">Apr\u00e8s avoir remport\u00e9 l\u2019appel d\u2019offres, l\u2019application CUSTOMS via conex\u2122 fait son entr\u00e9e dans le groupe Carambar &amp; Co.\u00a0La nouvelle organisation est op\u00e9rationnelle depuis le d\u00e9but 2024, apr\u00e8s la mise en place de l\u2019outil et la formation.\u00a0Cette internalisation de la douane export se fait en douceur. Entre aujourd\u2019hui et la situation ant\u00e9rieure au Brexit, le groupe Carambar &amp; Co a tripl\u00e9 son volume annuel de d\u00e9clarations douani\u00e8res export (1 500 aujourd\u2019hui).<\/span><\/p>\n<blockquote>\n<p><span style=\"color: #333333;\">\u00ab\u00a0<em>En revanche, ce sont bien toujours les usines qui g\u00e8rent individuellement leurs flux import, et les formalit\u00e9s douani\u00e8res sur les mati\u00e8res premi\u00e8res, sont enti\u00e8rement d\u00e9l\u00e9gu\u00e9es \u00e0 un RDE \u2013 Repr\u00e9sentant en Douane Enregistr\u00e9. Les flux import repr\u00e9sentent une complexit\u00e9 et un enjeu tr\u00e8s strat\u00e9gique, pour lesquels nous nous appuyons sur les comp\u00e9tences d\u2019un RDE<\/em>\u00a0\u00bb, ponctue<strong> Isabelle Falquerho.<\/strong><\/span><\/p>\n<\/blockquote>\n<\/div>\n<\/div>\n<hr \/>\n<h4><span style=\"color: #333333;\"><strong>A propos du groupe CARAMBAR &amp; CO<\/strong><\/span><\/h4>\n<p><span style=\"color: #333333;\">Que font 11 marques mythiques du bonbon et du chocolat quand elles se rencontrent ? Facile, elles fondent Carambar &amp; Co !<\/span><br \/>\n<span style=\"color: #333333;\">Notre vision : \u00eatre le r\u00e9f\u00e9rent fran\u00e7ais de la confiserie. Incarnation du\u00a0savoir-faire \u00e0 la fran\u00e7aise, cette nouvelle aventure ouvre l\u2019app\u00e9tit de notre \u00e9quipe.\u00a0Sa mission, vous donner le sourire, du matin au soir !<\/span><br \/>\n<span style=\"color: #333333;\">C\u2019est avec cette envie que nous imaginons et fabriquons au quotidien, des produits\u00a0funs et gourmands. Discr\u00e8tement, au d\u00e9tour d\u2019une pause caramel, il para\u00eet m\u00eame que certains imaginent nos prochaines\u00a0blagues.<\/span><\/p>\n<p><span style=\"color: #333333;\">En chiffres\u00a0: 6 sites. 2017\u00a0: ann\u00e9e de cr\u00e9ation. 350 M de chiffre d\u2019affaires. 1 000 collaborateurs.<\/span><br \/>\n<span style=\"color: #333333;\">En savoir plus\u00a0:<a style=\"color: #333333;\" href=\"https:\/\/carambarco.com\/\" target=\"_blank\" rel=\"noopener\"> https:\/\/carambarco.com\/<\/a><\/span><\/p>\n<hr \/>\n<h5><strong><span style=\"color: #c70000;\"><a style=\"color: #c70000;\" href=\"https:\/\/agence-c3m.paris\/\" target=\"_blank\" rel=\"noopener\">Agence C3M<\/a><\/span><br \/>\nMichelle Amiard, michelle@agence-c3M.com<\/strong><\/h5>\n<\/div>\n<\/div><\/div><\/div><\/div><\/div>","protected":false},"excerpt":{"rendered":"<p>&nbsp; Le groupe Carambar &amp; Co signe avec CONEX, pour le d\u00e9douanement de ses flux export Depuis le Brexit, le groupe Carambar &amp; Co a fait bouger les lignes de son organisation commerciale. L\u2019\u00e9quipe Service Clients Internationaux, form\u00e9e aux principes du d\u00e9douanement export et aux fonctions de l\u2019outil CUSTOMS via conex\u2122, g\u00e8rent lors des prises de commandes, le d\u00e9douanement des flux de marchandises vers les UK. Un enrichissement de leur m\u00e9tier, dont t\u00e9moigne l\u2019instigatrice, Isabelle [&hellip;]<\/p>\n","protected":false},"author":1,"featured_media":9994,"comment_status":"closed","ping_status":"open","sticky":false,"template":"","format":"standard","meta":{"footnotes":""},"categories":[151],"tags":[],"sp_smart_badges":[],"class_list":["post-9991","post","type-post","status-publish","format-standard","has-post-thumbnail","hentry","category-communiques"],"yoast_head":"<!-- This site is optimized with the Yoast SEO plugin v27.5 - https:\/\/yoast.com\/product\/yoast-seo-wordpress\/ -->\n<title>Le groupe Carambar &amp; Co signe avec CONEX - Conex France<\/title>\n<meta name=\"description\" content=\"Le groupe Carambar &amp; Co signe avec CONEX, pour le d\u00e9douanement de ses flux export.\" \/>\n<meta name=\"robots\" content=\"index, follow, max-snippet:-1, max-image-preview:large, max-video-preview:-1\" \/>\n<link rel=\"canonical\" href=\"https:\/\/www.conex.net\/fr\/le-groupe-carambar-co-signe-avec-conex\/\" \/>\n<meta property=\"og:locale\" content=\"fr_FR\" \/>\n<meta property=\"og:type\" content=\"article\" \/>\n<meta property=\"og:title\" content=\"Le groupe Carambar &amp; Co signe avec CONEX - Conex France\" \/>\n<meta property=\"og:description\" content=\"Le groupe Carambar &amp; Co signe avec CONEX, pour le d\u00e9douanement de ses flux export.\" \/>\n<meta property=\"og:url\" content=\"https:\/\/www.conex.net\/fr\/le-groupe-carambar-co-signe-avec-conex\/\" \/>\n<meta property=\"og:site_name\" content=\"Conex France\" \/>\n<meta property=\"article:published_time\" content=\"2024-07-11T09:22:04+00:00\" \/>\n<meta property=\"article:modified_time\" content=\"2024-11-08T15:37:54+00:00\" \/>\n<meta property=\"og:image\" content=\"https:\/\/www.conex.net\/fr\/wp-content\/uploads\/sites\/2\/2024\/07\/CARAMBAR-AND-CO-CONEX-DOUANE.png\" \/>\n\t<meta property=\"og:image:width\" content=\"272\" \/>\n\t<meta property=\"og:image:height\" content=\"182\" \/>\n\t<meta property=\"og:image:type\" content=\"image\/png\" \/>\n<meta name=\"author\" content=\"admin@conex-net\" \/>\n<meta name=\"twitter:card\" content=\"summary_large_image\" \/>\n<meta name=\"twitter:label1\" content=\"\u00c9crit par\" \/>\n\t<meta name=\"twitter:data1\" content=\"admin@conex-net\" \/>\n\t<meta name=\"twitter:label2\" content=\"Dur\u00e9e de lecture estim\u00e9e\" \/>\n\t<meta name=\"twitter:data2\" content=\"3 minutes\" \/>\n<script type=\"application\/ld+json\" class=\"yoast-schema-graph\">{\"@context\":\"https:\\\/\\\/schema.org\",\"@graph\":[{\"@type\":\"Article\",\"@id\":\"https:\\\/\\\/www.conex.net\\\/fr\\\/le-groupe-carambar-co-signe-avec-conex\\\/#article\",\"isPartOf\":{\"@id\":\"https:\\\/\\\/www.conex.net\\\/fr\\\/le-groupe-carambar-co-signe-avec-conex\\\/\"},\"author\":{\"name\":\"admin@conex-net\",\"@id\":\"https:\\\/\\\/www.conex.net\\\/fr\\\/#\\\/schema\\\/person\\\/028dad5f0ba1e2df5f2e9760898dfba9\"},\"headline\":\"Le groupe Carambar &#038; Co signe avec CONEX\",\"datePublished\":\"2024-07-11T09:22:04+00:00\",\"dateModified\":\"2024-11-08T15:37:54+00:00\",\"mainEntityOfPage\":{\"@id\":\"https:\\\/\\\/www.conex.net\\\/fr\\\/le-groupe-carambar-co-signe-avec-conex\\\/\"},\"wordCount\":711,\"publisher\":{\"@id\":\"https:\\\/\\\/www.conex.net\\\/fr\\\/#organization\"},\"image\":{\"@id\":\"https:\\\/\\\/www.conex.net\\\/fr\\\/le-groupe-carambar-co-signe-avec-conex\\\/#primaryimage\"},\"thumbnailUrl\":\"https:\\\/\\\/www.conex.net\\\/fr\\\/wp-content\\\/uploads\\\/sites\\\/2\\\/2024\\\/07\\\/CARAMBAR-AND-CO-CONEX-DOUANE.png\",\"articleSection\":[\"COMMUNIQU\u00c9S\"],\"inLanguage\":\"fr-FR\"},{\"@type\":\"WebPage\",\"@id\":\"https:\\\/\\\/www.conex.net\\\/fr\\\/le-groupe-carambar-co-signe-avec-conex\\\/\",\"url\":\"https:\\\/\\\/www.conex.net\\\/fr\\\/le-groupe-carambar-co-signe-avec-conex\\\/\",\"name\":\"Le groupe Carambar & Co signe avec CONEX - Conex France\",\"isPartOf\":{\"@id\":\"https:\\\/\\\/www.conex.net\\\/fr\\\/#website\"},\"primaryImageOfPage\":{\"@id\":\"https:\\\/\\\/www.conex.net\\\/fr\\\/le-groupe-carambar-co-signe-avec-conex\\\/#primaryimage\"},\"image\":{\"@id\":\"https:\\\/\\\/www.conex.net\\\/fr\\\/le-groupe-carambar-co-signe-avec-conex\\\/#primaryimage\"},\"thumbnailUrl\":\"https:\\\/\\\/www.conex.net\\\/fr\\\/wp-content\\\/uploads\\\/sites\\\/2\\\/2024\\\/07\\\/CARAMBAR-AND-CO-CONEX-DOUANE.png\",\"datePublished\":\"2024-07-11T09:22:04+00:00\",\"dateModified\":\"2024-11-08T15:37:54+00:00\",\"description\":\"Le groupe Carambar & Co signe avec CONEX, pour le d\u00e9douanement de ses flux export.\",\"breadcrumb\":{\"@id\":\"https:\\\/\\\/www.conex.net\\\/fr\\\/le-groupe-carambar-co-signe-avec-conex\\\/#breadcrumb\"},\"inLanguage\":\"fr-FR\",\"potentialAction\":[{\"@type\":\"ReadAction\",\"target\":[\"https:\\\/\\\/www.conex.net\\\/fr\\\/le-groupe-carambar-co-signe-avec-conex\\\/\"]}]},{\"@type\":\"ImageObject\",\"inLanguage\":\"fr-FR\",\"@id\":\"https:\\\/\\\/www.conex.net\\\/fr\\\/le-groupe-carambar-co-signe-avec-conex\\\/#primaryimage\",\"url\":\"https:\\\/\\\/www.conex.net\\\/fr\\\/wp-content\\\/uploads\\\/sites\\\/2\\\/2024\\\/07\\\/CARAMBAR-AND-CO-CONEX-DOUANE.png\",\"contentUrl\":\"https:\\\/\\\/www.conex.net\\\/fr\\\/wp-content\\\/uploads\\\/sites\\\/2\\\/2024\\\/07\\\/CARAMBAR-AND-CO-CONEX-DOUANE.png\",\"width\":272,\"height\":182,\"caption\":\"CARAMBAR-AND-CO-CONEX-DOUANE\"},{\"@type\":\"BreadcrumbList\",\"@id\":\"https:\\\/\\\/www.conex.net\\\/fr\\\/le-groupe-carambar-co-signe-avec-conex\\\/#breadcrumb\",\"itemListElement\":[{\"@type\":\"ListItem\",\"position\":1,\"name\":\"Accueil\",\"item\":\"https:\\\/\\\/www.conex.net\\\/fr\\\/\"},{\"@type\":\"ListItem\",\"position\":2,\"name\":\"Le groupe Carambar &#038; Co signe avec CONEX\"}]},{\"@type\":\"WebSite\",\"@id\":\"https:\\\/\\\/www.conex.net\\\/fr\\\/#website\",\"url\":\"https:\\\/\\\/www.conex.net\\\/fr\\\/\",\"name\":\"Conex France\",\"description\":\"Your customs partner - CONEX FRANCE\",\"publisher\":{\"@id\":\"https:\\\/\\\/www.conex.net\\\/fr\\\/#organization\"},\"potentialAction\":[{\"@type\":\"SearchAction\",\"target\":{\"@type\":\"EntryPoint\",\"urlTemplate\":\"https:\\\/\\\/www.conex.net\\\/fr\\\/?s={search_term_string}\"},\"query-input\":{\"@type\":\"PropertyValueSpecification\",\"valueRequired\":true,\"valueName\":\"search_term_string\"}}],\"inLanguage\":\"fr-FR\"},{\"@type\":\"Organization\",\"@id\":\"https:\\\/\\\/www.conex.net\\\/fr\\\/#organization\",\"name\":\"CONEX SAS\",\"url\":\"https:\\\/\\\/www.conex.net\\\/fr\\\/\",\"logo\":{\"@type\":\"ImageObject\",\"inLanguage\":\"fr-FR\",\"@id\":\"https:\\\/\\\/www.conex.net\\\/fr\\\/#\\\/schema\\\/logo\\\/image\\\/\",\"url\":\"https:\\\/\\\/www.conex.net\\\/fr\\\/wp-content\\\/uploads\\\/sites\\\/2\\\/2018\\\/10\\\/logo-conex.png\",\"contentUrl\":\"https:\\\/\\\/www.conex.net\\\/fr\\\/wp-content\\\/uploads\\\/sites\\\/2\\\/2018\\\/10\\\/logo-conex.png\",\"width\":138,\"height\":49,\"caption\":\"CONEX SAS\"},\"image\":{\"@id\":\"https:\\\/\\\/www.conex.net\\\/fr\\\/#\\\/schema\\\/logo\\\/image\\\/\"}},{\"@type\":\"Person\",\"@id\":\"https:\\\/\\\/www.conex.net\\\/fr\\\/#\\\/schema\\\/person\\\/028dad5f0ba1e2df5f2e9760898dfba9\",\"name\":\"admin@conex-net\",\"image\":{\"@type\":\"ImageObject\",\"inLanguage\":\"fr-FR\",\"@id\":\"https:\\\/\\\/secure.gravatar.com\\\/avatar\\\/ec6ef48a65dc441c5b7eebc066d259e87a66b61b9e92ec24e1850aa972f92206?s=96&d=mm&r=g\",\"url\":\"https:\\\/\\\/secure.gravatar.com\\\/avatar\\\/ec6ef48a65dc441c5b7eebc066d259e87a66b61b9e92ec24e1850aa972f92206?s=96&d=mm&r=g\",\"contentUrl\":\"https:\\\/\\\/secure.gravatar.com\\\/avatar\\\/ec6ef48a65dc441c5b7eebc066d259e87a66b61b9e92ec24e1850aa972f92206?s=96&d=mm&r=g\",\"caption\":\"admin@conex-net\"},\"url\":\"https:\\\/\\\/www.conex.net\\\/fr\\\/author\\\/adminconex-net\\\/\"}]}<\/script>\n<!-- \/ Yoast SEO plugin. -->","yoast_head_json":{"title":"Le groupe Carambar & Co signe avec CONEX - Conex France","description":"Le groupe Carambar & Co signe avec CONEX, pour le d\u00e9douanement de ses flux export.","robots":{"index":"index","follow":"follow","max-snippet":"max-snippet:-1","max-image-preview":"max-image-preview:large","max-video-preview":"max-video-preview:-1"},"canonical":"https:\/\/www.conex.net\/fr\/le-groupe-carambar-co-signe-avec-conex\/","og_locale":"fr_FR","og_type":"article","og_title":"Le groupe Carambar & Co signe avec CONEX - Conex France","og_description":"Le groupe Carambar & Co signe avec CONEX, pour le d\u00e9douanement de ses flux export.","og_url":"https:\/\/www.conex.net\/fr\/le-groupe-carambar-co-signe-avec-conex\/","og_site_name":"Conex France","article_published_time":"2024-07-11T09:22:04+00:00","article_modified_time":"2024-11-08T15:37:54+00:00","og_image":[{"width":272,"height":182,"url":"https:\/\/www.conex.net\/fr\/wp-content\/uploads\/sites\/2\/2024\/07\/CARAMBAR-AND-CO-CONEX-DOUANE.png","type":"image\/png"}],"author":"admin@conex-net","twitter_card":"summary_large_image","twitter_misc":{"\u00c9crit par":"admin@conex-net","Dur\u00e9e de lecture estim\u00e9e":"3 minutes"},"schema":{"@context":"https:\/\/schema.org","@graph":[{"@type":"Article","@id":"https:\/\/www.conex.net\/fr\/le-groupe-carambar-co-signe-avec-conex\/#article","isPartOf":{"@id":"https:\/\/www.conex.net\/fr\/le-groupe-carambar-co-signe-avec-conex\/"},"author":{"name":"admin@conex-net","@id":"https:\/\/www.conex.net\/fr\/#\/schema\/person\/028dad5f0ba1e2df5f2e9760898dfba9"},"headline":"Le groupe Carambar &#038; Co signe avec CONEX","datePublished":"2024-07-11T09:22:04+00:00","dateModified":"2024-11-08T15:37:54+00:00","mainEntityOfPage":{"@id":"https:\/\/www.conex.net\/fr\/le-groupe-carambar-co-signe-avec-conex\/"},"wordCount":711,"publisher":{"@id":"https:\/\/www.conex.net\/fr\/#organization"},"image":{"@id":"https:\/\/www.conex.net\/fr\/le-groupe-carambar-co-signe-avec-conex\/#primaryimage"},"thumbnailUrl":"https:\/\/www.conex.net\/fr\/wp-content\/uploads\/sites\/2\/2024\/07\/CARAMBAR-AND-CO-CONEX-DOUANE.png","articleSection":["COMMUNIQU\u00c9S"],"inLanguage":"fr-FR"},{"@type":"WebPage","@id":"https:\/\/www.conex.net\/fr\/le-groupe-carambar-co-signe-avec-conex\/","url":"https:\/\/www.conex.net\/fr\/le-groupe-carambar-co-signe-avec-conex\/","name":"Le groupe Carambar & Co signe avec CONEX - Conex France","isPartOf":{"@id":"https:\/\/www.conex.net\/fr\/#website"},"primaryImageOfPage":{"@id":"https:\/\/www.conex.net\/fr\/le-groupe-carambar-co-signe-avec-conex\/#primaryimage"},"image":{"@id":"https:\/\/www.conex.net\/fr\/le-groupe-carambar-co-signe-avec-conex\/#primaryimage"},"thumbnailUrl":"https:\/\/www.conex.net\/fr\/wp-content\/uploads\/sites\/2\/2024\/07\/CARAMBAR-AND-CO-CONEX-DOUANE.png","datePublished":"2024-07-11T09:22:04+00:00","dateModified":"2024-11-08T15:37:54+00:00","description":"Le groupe Carambar & Co signe avec CONEX, pour le d\u00e9douanement de ses flux export.","breadcrumb":{"@id":"https:\/\/www.conex.net\/fr\/le-groupe-carambar-co-signe-avec-conex\/#breadcrumb"},"inLanguage":"fr-FR","potentialAction":[{"@type":"ReadAction","target":["https:\/\/www.conex.net\/fr\/le-groupe-carambar-co-signe-avec-conex\/"]}]},{"@type":"ImageObject","inLanguage":"fr-FR","@id":"https:\/\/www.conex.net\/fr\/le-groupe-carambar-co-signe-avec-conex\/#primaryimage","url":"https:\/\/www.conex.net\/fr\/wp-content\/uploads\/sites\/2\/2024\/07\/CARAMBAR-AND-CO-CONEX-DOUANE.png","contentUrl":"https:\/\/www.conex.net\/fr\/wp-content\/uploads\/sites\/2\/2024\/07\/CARAMBAR-AND-CO-CONEX-DOUANE.png","width":272,"height":182,"caption":"CARAMBAR-AND-CO-CONEX-DOUANE"},{"@type":"BreadcrumbList","@id":"https:\/\/www.conex.net\/fr\/le-groupe-carambar-co-signe-avec-conex\/#breadcrumb","itemListElement":[{"@type":"ListItem","position":1,"name":"Accueil","item":"https:\/\/www.conex.net\/fr\/"},{"@type":"ListItem","position":2,"name":"Le groupe Carambar &#038; Co signe avec CONEX"}]},{"@type":"WebSite","@id":"https:\/\/www.conex.net\/fr\/#website","url":"https:\/\/www.conex.net\/fr\/","name":"Conex France","description":"Your customs partner - CONEX FRANCE","publisher":{"@id":"https:\/\/www.conex.net\/fr\/#organization"},"potentialAction":[{"@type":"SearchAction","target":{"@type":"EntryPoint","urlTemplate":"https:\/\/www.conex.net\/fr\/?s={search_term_string}"},"query-input":{"@type":"PropertyValueSpecification","valueRequired":true,"valueName":"search_term_string"}}],"inLanguage":"fr-FR"},{"@type":"Organization","@id":"https:\/\/www.conex.net\/fr\/#organization","name":"CONEX SAS","url":"https:\/\/www.conex.net\/fr\/","logo":{"@type":"ImageObject","inLanguage":"fr-FR","@id":"https:\/\/www.conex.net\/fr\/#\/schema\/logo\/image\/","url":"https:\/\/www.conex.net\/fr\/wp-content\/uploads\/sites\/2\/2018\/10\/logo-conex.png","contentUrl":"https:\/\/www.conex.net\/fr\/wp-content\/uploads\/sites\/2\/2018\/10\/logo-conex.png","width":138,"height":49,"caption":"CONEX SAS"},"image":{"@id":"https:\/\/www.conex.net\/fr\/#\/schema\/logo\/image\/"}},{"@type":"Person","@id":"https:\/\/www.conex.net\/fr\/#\/schema\/person\/028dad5f0ba1e2df5f2e9760898dfba9","name":"admin@conex-net","image":{"@type":"ImageObject","inLanguage":"fr-FR","@id":"https:\/\/secure.gravatar.com\/avatar\/ec6ef48a65dc441c5b7eebc066d259e87a66b61b9e92ec24e1850aa972f92206?s=96&d=mm&r=g","url":"https:\/\/secure.gravatar.com\/avatar\/ec6ef48a65dc441c5b7eebc066d259e87a66b61b9e92ec24e1850aa972f92206?s=96&d=mm&r=g","contentUrl":"https:\/\/secure.gravatar.com\/avatar\/ec6ef48a65dc441c5b7eebc066d259e87a66b61b9e92ec24e1850aa972f92206?s=96&d=mm&r=g","caption":"admin@conex-net"},"url":"https:\/\/www.conex.net\/fr\/author\/adminconex-net\/"}]}},"_links":{"self":[{"href":"https:\/\/www.conex.net\/fr\/wp-json\/wp\/v2\/posts\/9991","targetHints":{"allow":["GET"]}}],"collection":[{"href":"https:\/\/www.conex.net\/fr\/wp-json\/wp\/v2\/posts"}],"about":[{"href":"https:\/\/www.conex.net\/fr\/wp-json\/wp\/v2\/types\/post"}],"author":[{"embeddable":true,"href":"https:\/\/www.conex.net\/fr\/wp-json\/wp\/v2\/users\/1"}],"replies":[{"embeddable":true,"href":"https:\/\/www.conex.net\/fr\/wp-json\/wp\/v2\/comments?post=9991"}],"version-history":[{"count":4,"href":"https:\/\/www.conex.net\/fr\/wp-json\/wp\/v2\/posts\/9991\/revisions"}],"predecessor-version":[{"id":10000,"href":"https:\/\/www.conex.net\/fr\/wp-json\/wp\/v2\/posts\/9991\/revisions\/10000"}],"wp:featuredmedia":[{"embeddable":true,"href":"https:\/\/www.conex.net\/fr\/wp-json\/wp\/v2\/media\/9994"}],"wp:attachment":[{"href":"https:\/\/www.conex.net\/fr\/wp-json\/wp\/v2\/media?parent=9991"}],"wp:term":[{"taxonomy":"category","embeddable":true,"href":"https:\/\/www.conex.net\/fr\/wp-json\/wp\/v2\/categories?post=9991"},{"taxonomy":"post_tag","embeddable":true,"href":"https:\/\/www.conex.net\/fr\/wp-json\/wp\/v2\/tags?post=9991"},{"taxonomy":"sp_smart_badges","embeddable":true,"href":"https:\/\/www.conex.net\/fr\/wp-json\/wp\/v2\/sp_smart_badges?post=9991"}],"curies":[{"name":"wp","href":"https:\/\/api.w.org\/{rel}","templated":true}]}}